{"id":1494,"date":"2019-08-28T09:01:23","date_gmt":"2019-08-28T12:01:23","guid":{"rendered":"https:\/\/justicapotiguar.com.br\/?p=1494"},"modified":"2019-08-28T15:18:38","modified_gmt":"2019-08-28T18:18:38","slug":"ministro-do-stf-aponta-nepotismo-e-proibe-irma-do-prefeito-alvaro-dias-de-continuar-na-semtas","status":"publish","type":"post","link":"https:\/\/justicapotiguar.com.br\/index.php\/2019\/08\/28\/ministro-do-stf-aponta-nepotismo-e-proibe-irma-do-prefeito-alvaro-dias-de-continuar-na-semtas\/","title":{"rendered":"Ministro do STF aponta nepotismo e pro\u00edbe irm\u00e3 do prefeito \u00c1lvaro Dias de continuar na Semtas"},"content":{"rendered":"\n<p><\/p>\n\n\n\n<figure class=\"wp-block-image\"><img loading=\"lazy\" width=\"750\" height=\"484\" src=\"https:\/\/justicapotiguar.com.br\/wp-content\/uploads\/2019\/08\/4b5bee2c-5837-44f9-a85e-ec90798fdcfe-750x484.jpg\" alt=\"\" class=\"wp-image-1495\" srcset=\"https:\/\/justicapotiguar.com.br\/wp-content\/uploads\/2019\/08\/4b5bee2c-5837-44f9-a85e-ec90798fdcfe-750x484.jpg 750w, https:\/\/justicapotiguar.com.br\/wp-content\/uploads\/2019\/08\/4b5bee2c-5837-44f9-a85e-ec90798fdcfe-750x484-300x194.jpg 300w\" sizes=\"(max-width: 750px) 100vw, 750px\" \/><figcaption>Foto: Reprodu\u00e7\u00e3o<\/figcaption><\/figure>\n\n\n\n<p>Em decis\u00e3o liminar do ministro do Supremo Tribunal Federal\n(STF), Marco Aurelio Melo, o prefeito de Natal \u00c1lvaro Dias, ficou impedido de\nnomear a sua irm\u00e3 Andrea Dias para Secretaria Municipal de Trabalho e Assist\u00eancia\nSocial (Semtas), citando o impedimento da S\u00famula Vinculante 13 que pro\u00edbe o\nnepotismo na administra\u00e7\u00e3o p\u00fablica.<\/p>\n\n\n\n<p>\u201cA nomea\u00e7\u00e3o de c\u00f4njuge,\ncompanheiro ou parente em linha reta, colateral ou por afinidade, at\u00e9 o\nterceiro grau, inclusive, da autoridade nomeante ou de servidor da mesma pessoa\njur\u00eddica investido em cargo de dire\u00e7\u00e3o, chefia ou assessoramento, para o\nexerc\u00edcio de cargo em comiss\u00e3o ou de confian\u00e7a ou, ainda, de fun\u00e7\u00e3o gratificada\nna administra\u00e7\u00e3o p\u00fablica direta e indireta em qualquer dos poderes da Uni\u00e3o,\ndos Estados, do Distrito Federal e dos Munic\u00edpios, compreendido o ajuste\nmediante designa\u00e7\u00f5es rec\u00edprocas, viola a Constitui\u00e7\u00e3o Federal (&#8230;)O teor do\nverbete n\u00e3o cont\u00e9m exce\u00e7\u00e3o quanto ao cargo de Secret\u00e1rio Municipal, valendo\nnotar a repeti\u00e7\u00e3o do quadro considerados outros Munic\u00edpios\u201d, descreveu Marco\nAurelio em sua decis\u00e3o liminar.<\/p>\n\n\n\n<p>A Prefeitura de Natal emitiu nota\nsobre o assunto, e o Justi\u00e7a Potiguar publica abaixo.<\/p>\n\n\n\n<p><strong>Nota Oficial<\/strong><\/p><div class=\"aowsc69ee185cb6aee\" ><!--<a href=\"https:\/\/bit.ly\/3QdrqTZ\" target=\"_blank\">\n<img src=\"https:\/\/justicapotiguar.com.br\/wp-content\/uploads\/2023\/09\/mobile-geral.gif\"\/><a\/>--><\/div><style type=\"text\/css\">\r\n.aowsc69ee185cb6aee {\r\ntext-align: center;\r\n}\r\n@media screen and (min-width: 1201px) {\r\n.aowsc69ee185cb6aee {\r\ndisplay: none;\r\n}\r\n}\r\n@media screen and (min-width: 993px) and (max-width: 1200px) {\r\n.aowsc69ee185cb6aee {\r\ndisplay: none;\r\n}\r\n}\r\n@media screen and (min-width: 769px) and (max-width: 992px) {\r\n.aowsc69ee185cb6aee {\r\ndisplay: none;\r\n}\r\n}\r\n@media screen and (min-width: 768px) and (max-width: 768px) {\r\n.aowsc69ee185cb6aee {\r\ndisplay: block;\r\n}\r\n}\r\n@media screen and (max-width: 767px) {\r\n.aowsc69ee185cb6aee {\r\ndisplay: block;\r\n}\r\n}\r\n<\/style>\r\n<div class=\"tbebi69ee185cb6ad7\" ><!--<a href=\"https:\/\/bit.ly\/3QdrqTZ\" target=\"_blank\">\n<img src=\"https:\/\/justicapotiguar.com.br\/wp-content\/uploads\/2023\/09\/desktop-geral.gif\"\/><a\/>--><\/div><style type=\"text\/css\">\r\n.tbebi69ee185cb6ad7 {\r\ntext-align: center;\nmargin-bottom: 1em;\r\n}\r\n@media screen and (min-width: 1201px) {\r\n.tbebi69ee185cb6ad7 {\r\ndisplay: block;\r\n}\r\n}\r\n@media screen and (min-width: 993px) and (max-width: 1200px) {\r\n.tbebi69ee185cb6ad7 {\r\ndisplay: block;\r\n}\r\n}\r\n@media screen and (min-width: 769px) and (max-width: 992px) {\r\n.tbebi69ee185cb6ad7 {\r\ndisplay: block;\r\n}\r\n}\r\n@media screen and (min-width: 768px) and (max-width: 768px) {\r\n.tbebi69ee185cb6ad7 {\r\ndisplay: none;\r\n}\r\n}\r\n@media screen and (max-width: 767px) {\r\n.tbebi69ee185cb6ad7 {\r\ndisplay: none;\r\n}\r\n}\r\n<\/style>\r\n\n\n\n\n<p><em>A Prefeitura de Natal informa que, em cumprimento a liminar expedida pelo ministro Marco Aur\u00e9lio de Melo, suspendeu, at\u00e9 ulterior delibera\u00e7\u00e3o, os efeitos da portaria 472 que nomeou Andr\u00e9a Cristina Dias de Viveiros, como secret\u00e1ria do Trabalho e Assist\u00eancia Social, ao mesmo tempo em que recorreu da referida liminar junto ao Supremo Tribunal Federal por entender que h\u00e1 vasta jurisprud\u00eancia dentro do pr\u00f3prio STF atestando que os cargos de secret\u00e1rios t\u00eam natureza pol\u00edtica e, portanto, est\u00e3o afastados das hip\u00f3teses previstas na S\u00famula Vinculante n\u00ba 13, que trata do nepotismo no servi\u00e7o p\u00fablico.<\/em><\/p>\n\n\n\n<p><em>O ministro Marco Aur\u00e9lio de Mello \u00e9 o \u00fanico integrante na atual forma\u00e7\u00e3o do Supremo que tem entendimento diferente, mas na sua decis\u00e3o liminar e monocr\u00e1tica, n\u00e3o falou, em momento nenhum, de uma suposta devolu\u00e7\u00e3o de recursos como chegou a ser veiculado equivocada e erroneamente, por alguns blogs do Rio Grande do Norte.<\/em><\/p>\n\n\n\n<p><em>Ao mesmo tempo, lembra que recentemente aconteceram diversos casos, em diferentes governos, estatuais ou municipais, de gestores que nomearam parentes pr\u00f3ximos para exercerem cargos de secret\u00e1rios por serem exatamente de natureza pol\u00edtica, que permaneceram durante todo mandato sem nenhuma contesta\u00e7\u00e3o, e estranha que uma entidade do Paran\u00e1, provavelmente provocada por for\u00e7as ocultas do nosso estado, tenha sido autora da Reclama\u00e7\u00e3o impetrada no STF.<\/em><\/p>\n\n\n\n<p><em>Diante do desempenho satisfat\u00f3rio da secret\u00e1ria Andr\u00e9a Dias de Viveiros a frente da gest\u00e3o dos vastos e muito bem avaliados programas sociais e das pol\u00edticas ligadas a gera\u00e7\u00e3o de empregos e renda do munic\u00edpio, a Prefeitura espera confiante a revers\u00e3o da decis\u00e3o junto ao Supremo Tribunal Federal.<\/em><\/p>\n","protected":false},"excerpt":{"rendered":"<p>Ministro Marco Aur\u00e9lio deferiu liminar pelo afastamento de secret\u00e1ria<br \/><a class=\"more-link\" href=\"https:\/\/justicapotiguar.com.br\/index.php\/2019\/08\/28\/ministro-do-stf-aponta-nepotismo-e-proibe-irma-do-prefeito-alvaro-dias-de-continuar-na-semtas\/\">Mais&#8230;<\/a><\/p>\n","protected":false},"author":5,"featured_media":1495,"comment_status":"open","ping_status":"open","sticky":false,"template":"","format":"standard","meta":[],"categories":[3],"tags":[],"_links":{"self":[{"href":"https:\/\/justicapotiguar.com.br\/index.php\/wp-json\/wp\/v2\/posts\/1494"}],"collection":[{"href":"https:\/\/justicapotiguar.com.br\/index.php\/wp-json\/wp\/v2\/posts"}],"about":[{"href":"https:\/\/justicapotiguar.com.br\/index.php\/wp-json\/wp\/v2\/types\/post"}],"author":[{"embeddable":true,"href":"https:\/\/justicapotiguar.com.br\/index.php\/wp-json\/wp\/v2\/users\/5"}],"replies":[{"embeddable":true,"href":"https:\/\/justicapotiguar.com.br\/index.php\/wp-json\/wp\/v2\/comments?post=1494"}],"version-history":[{"count":1,"href":"https:\/\/justicapotiguar.com.br\/index.php\/wp-json\/wp\/v2\/posts\/1494\/revisions"}],"predecessor-version":[{"id":1496,"href":"https:\/\/justicapotiguar.com.br\/index.php\/wp-json\/wp\/v2\/posts\/1494\/revisions\/1496"}],"wp:featuredmedia":[{"embeddable":true,"href":"https:\/\/justicapotiguar.com.br\/index.php\/wp-json\/wp\/v2\/media\/1495"}],"wp:attachment":[{"href":"https:\/\/justicapotiguar.com.br\/index.php\/wp-json\/wp\/v2\/media?parent=1494"}],"wp:term":[{"taxonomy":"category","embeddable":true,"href":"https:\/\/justicapotiguar.com.br\/index.php\/wp-json\/wp\/v2\/categories?post=1494"},{"taxonomy":"post_tag","embeddable":true,"href":"https:\/\/justicapotiguar.com.br\/index.php\/wp-json\/wp\/v2\/tags?post=1494"}],"curies":[{"name":"wp","href":"https:\/\/api.w.org\/{rel}","templated":true}]}}