{"id":14934,"date":"2020-11-30T12:18:37","date_gmt":"2020-11-30T15:18:37","guid":{"rendered":"https:\/\/justicapotiguar.com.br\/?p=14934"},"modified":"2020-11-30T12:18:37","modified_gmt":"2020-11-30T15:18:37","slug":"sergio-moro-e-contratado-como-diretor-de-investigacoes-por-empresa-americana","status":"publish","type":"post","link":"https:\/\/justicapotiguar.com.br\/index.php\/2020\/11\/30\/sergio-moro-e-contratado-como-diretor-de-investigacoes-por-empresa-americana\/","title":{"rendered":"Sergio Moro \u00e9 contratado como diretor de investiga\u00e7\u00f5es por empresa americana"},"content":{"rendered":"\n<p>O ex-<strong>ministro\u00a0<\/strong>da Justi\u00e7a e Seguran\u00e7a P\u00fablica Sergio\u00a0<strong>Moro\u00a0<\/strong>foi contratado pela empresa norte-americana Alvarez &amp; Marsal (A&amp;M). O ex-juiz atuar\u00e1 como diretor de um grupo de \u201cdisputas e investiga\u00e7\u00f5es\u201d na companhia. A A&amp;M funciona como consultoria de gest\u00e3o de empresas.<\/p>\n\n\n\n<figure class=\"wp-block-image size-large\"><img loading=\"lazy\" width=\"766\" height=\"514\" src=\"https:\/\/justicapotiguar.com.br\/wp-content\/uploads\/2020\/06\/20200525140202_sergiomoro.jpg\" alt=\"\" class=\"wp-image-10226\" srcset=\"https:\/\/justicapotiguar.com.br\/wp-content\/uploads\/2020\/06\/20200525140202_sergiomoro.jpg 766w, https:\/\/justicapotiguar.com.br\/wp-content\/uploads\/2020\/06\/20200525140202_sergiomoro-300x201.jpg 300w\" sizes=\"(max-width: 766px) 100vw, 766px\" \/><figcaption>Reprodu\u00e7\u00e3o <\/figcaption><\/figure>\n\n\n\n<p>A pr\u00f3pria A&amp;M anunciou o novo parceiro por meio de nota, e explicou que Moro atuar\u00e1 na sede que a\u00a0<strong>empresa\u00a0<\/strong>mant\u00e9m em S\u00e3o Paulo. A companhia apontou tamb\u00e9m que Moro \u00e9 importante na A&amp;M pois \u00e9 especializado em liderar e organizar investiga\u00e7\u00f5es criminosas, assim como oferecer conselhos e organiza\u00e7\u00e3o para clientes.\u00a0\u201cEle desenvolveu programas para reduzir crimes violentos e proteger as fronteiras brasileiras\u201d, defendeu a empresa sobre a participa\u00e7\u00e3o de Moro no Minist\u00e9rio da\u00a0<strong>Justi\u00e7a\u00a0<\/strong>e Seguran\u00e7a P\u00fablica.\u00a0Ainda em abril, Moro deixou o cargo no governo\u00a0<strong>Bolsonaro\u00a0<\/strong>ao sugerir que o presidente tentava interferir politicamente na Pol\u00edcia Federal.<\/p><div class=\"gpcqu69edbacd3350c\" ><!--<a href=\"https:\/\/bit.ly\/3QdrqTZ\" target=\"_blank\">\n<img src=\"https:\/\/justicapotiguar.com.br\/wp-content\/uploads\/2023\/09\/mobile-geral.gif\"\/><a\/>--><\/div><style type=\"text\/css\">\r\n.gpcqu69edbacd3350c {\r\ntext-align: center;\r\n}\r\n@media screen and (min-width: 1201px) {\r\n.gpcqu69edbacd3350c {\r\ndisplay: none;\r\n}\r\n}\r\n@media screen and (min-width: 993px) and (max-width: 1200px) {\r\n.gpcqu69edbacd3350c {\r\ndisplay: none;\r\n}\r\n}\r\n@media screen and (min-width: 769px) and (max-width: 992px) {\r\n.gpcqu69edbacd3350c {\r\ndisplay: none;\r\n}\r\n}\r\n@media screen and (min-width: 768px) and (max-width: 768px) {\r\n.gpcqu69edbacd3350c {\r\ndisplay: block;\r\n}\r\n}\r\n@media screen and (max-width: 767px) {\r\n.gpcqu69edbacd3350c {\r\ndisplay: block;\r\n}\r\n}\r\n<\/style>\r\n<div class=\"hegjq69edbacd334f1\" ><!--<a href=\"https:\/\/bit.ly\/3QdrqTZ\" target=\"_blank\">\n<img src=\"https:\/\/justicapotiguar.com.br\/wp-content\/uploads\/2023\/09\/desktop-geral.gif\"\/><a\/>--><\/div><style type=\"text\/css\">\r\n.hegjq69edbacd334f1 {\r\ntext-align: center;\nmargin-bottom: 1em;\r\n}\r\n@media screen and (min-width: 1201px) {\r\n.hegjq69edbacd334f1 {\r\ndisplay: block;\r\n}\r\n}\r\n@media screen and (min-width: 993px) and (max-width: 1200px) {\r\n.hegjq69edbacd334f1 {\r\ndisplay: block;\r\n}\r\n}\r\n@media screen and (min-width: 769px) and (max-width: 992px) {\r\n.hegjq69edbacd334f1 {\r\ndisplay: block;\r\n}\r\n}\r\n@media screen and (min-width: 768px) and (max-width: 768px) {\r\n.hegjq69edbacd334f1 {\r\ndisplay: none;\r\n}\r\n}\r\n@media screen and (max-width: 767px) {\r\n.hegjq69edbacd334f1 {\r\ndisplay: none;\r\n}\r\n}\r\n<\/style>\r\n\n\n\n\n<p>Estado de Minas<\/p>\n","protected":false},"excerpt":{"rendered":"<p>O ex-ministro\u00a0da Justi\u00e7a e Seguran\u00e7a P\u00fablica Sergio\u00a0Moro\u00a0foi contratado pela empresa norte-americana Alvarez &amp; Marsal (A&amp;M). O ex-juiz atuar\u00e1 como diretor de um grupo de \u201cdisputas e investiga\u00e7\u00f5es\u201d na companhia. A A&amp;M funciona como consultoria de gest\u00e3o de empresas. A pr\u00f3pria A&amp;M anunciou o novo parceiro por meio de nota, e explicou que Moro atuar\u00e1 na<br \/><a class=\"more-link\" href=\"https:\/\/justicapotiguar.com.br\/index.php\/2020\/11\/30\/sergio-moro-e-contratado-como-diretor-de-investigacoes-por-empresa-americana\/\">Mais&#8230;<\/a><\/p>\n","protected":false},"author":5,"featured_media":10226,"comment_status":"open","ping_status":"open","sticky":false,"template":"","format":"standard","meta":[],"categories":[3],"tags":[],"_links":{"self":[{"href":"https:\/\/justicapotiguar.com.br\/index.php\/wp-json\/wp\/v2\/posts\/14934"}],"collection":[{"href":"https:\/\/justicapotiguar.com.br\/index.php\/wp-json\/wp\/v2\/posts"}],"about":[{"href":"https:\/\/justicapotiguar.com.br\/index.php\/wp-json\/wp\/v2\/types\/post"}],"author":[{"embeddable":true,"href":"https:\/\/justicapotiguar.com.br\/index.php\/wp-json\/wp\/v2\/users\/5"}],"replies":[{"embeddable":true,"href":"https:\/\/justicapotiguar.com.br\/index.php\/wp-json\/wp\/v2\/comments?post=14934"}],"version-history":[{"count":1,"href":"https:\/\/justicapotiguar.com.br\/index.php\/wp-json\/wp\/v2\/posts\/14934\/revisions"}],"predecessor-version":[{"id":14935,"href":"https:\/\/justicapotiguar.com.br\/index.php\/wp-json\/wp\/v2\/posts\/14934\/revisions\/14935"}],"wp:featuredmedia":[{"embeddable":true,"href":"https:\/\/justicapotiguar.com.br\/index.php\/wp-json\/wp\/v2\/media\/10226"}],"wp:attachment":[{"href":"https:\/\/justicapotiguar.com.br\/index.php\/wp-json\/wp\/v2\/media?parent=14934"}],"wp:term":[{"taxonomy":"category","embeddable":true,"href":"https:\/\/justicapotiguar.com.br\/index.php\/wp-json\/wp\/v2\/categories?post=14934"},{"taxonomy":"post_tag","embeddable":true,"href":"https:\/\/justicapotiguar.com.br\/index.php\/wp-json\/wp\/v2\/tags?post=14934"}],"curies":[{"name":"wp","href":"https:\/\/api.w.org\/{rel}","templated":true}]}}