{"id":14931,"date":"2020-11-30T11:36:05","date_gmt":"2020-11-30T14:36:05","guid":{"rendered":"https:\/\/justicapotiguar.com.br\/?p=14931"},"modified":"2020-11-30T12:09:47","modified_gmt":"2020-11-30T15:09:47","slug":"dpe-rn-evita-pena-restritiva-de-liberdade-para-condenado-a-servicos-comunitarios","status":"publish","type":"post","link":"https:\/\/justicapotiguar.com.br\/index.php\/2020\/11\/30\/dpe-rn-evita-pena-restritiva-de-liberdade-para-condenado-a-servicos-comunitarios\/","title":{"rendered":"DPE\/RN evita pena restritiva de liberdade para condenado a servi\u00e7os comunit\u00e1rios"},"content":{"rendered":"\n<figure class=\"wp-block-image size-large\"><img loading=\"lazy\" width=\"640\" height=\"427\" src=\"https:\/\/justicapotiguar.com.br\/wp-content\/uploads\/2019\/08\/justica-1.jpg\" alt=\"\" class=\"wp-image-1055\" srcset=\"https:\/\/justicapotiguar.com.br\/wp-content\/uploads\/2019\/08\/justica-1.jpg 640w, https:\/\/justicapotiguar.com.br\/wp-content\/uploads\/2019\/08\/justica-1-300x200.jpg 300w\" sizes=\"(max-width: 640px) 100vw, 640px\" \/><figcaption>Reprodu\u00e7\u00e3o <\/figcaption><\/figure>\n\n\n\n<p><br>A Defensoria P\u00fablica do Estado do Rio Grande do Norte (DPE\/RN) conquistou decis\u00e3o que evitou a pris\u00e3o desnecess\u00e1ria de um cidad\u00e3o condenado \u00e0 presta\u00e7\u00e3o de servi\u00e7os comunit\u00e1rios. O processo em quest\u00e3o apresentou falhas, inclusive considerando a condena\u00e7\u00e3o como se esta fosse restritiva de direitos. Um mandado de pris\u00e3o chegou a ser emitido erroneamente para o assistido da institui\u00e7\u00e3o. Com a corre\u00e7\u00e3o dos fatos e a conclus\u00e3o do tempo de servi\u00e7o \u00e0 comunidade, o cidad\u00e3o quitou sua situa\u00e7\u00e3o junto \u00e0 Justi\u00e7a.<\/p>\n\n\n\n<p>De acordo com os fatos apresentados na a\u00e7\u00e3o penal, foi aplicada ao cidad\u00e3o uma suspens\u00e3o condicional da execu\u00e7\u00e3o da pena pelo prazo de dois anos e determinado que fossem prestados servi\u00e7os \u00e0 comunidade em um total de 360 horas. No entanto, em um primeiro momento, o apenado cumpriu 315 horas e foi por isso intimado para apresentar justificativa para o descumprimento.<\/p>\n\n\n\n<p>\u201cVerificou-se que, equivocadamente, o apenado foi intimado para apresentar justificativa para o descumprimento de uma pena restritiva de direito, sob pena de convers\u00e3o da pena restritiva de direito em pena privativa de liberdade \u2013 ou seja, pris\u00e3o. Acontece que deveria ter sido feita intima\u00e7\u00e3o apenas para justificar o n\u00e3o cumprimento da condi\u00e7\u00e3o do&nbsp;<em>sursis<\/em>, sob pena de revoga\u00e7\u00e3o do benef\u00edcio\u201d, explica o defensor p\u00fablico Vinicius Ara\u00fajo, que atuou no processo. Com a falha na intima\u00e7\u00e3o, chegou a ser emitido um mandado de pris\u00e3o contra o homem.<\/p><div class=\"cmjpy69edbad285c89\" ><!--<a href=\"https:\/\/bit.ly\/3QdrqTZ\" target=\"_blank\">\n<img src=\"https:\/\/justicapotiguar.com.br\/wp-content\/uploads\/2023\/09\/mobile-geral.gif\"\/><a\/>--><\/div><style type=\"text\/css\">\r\n.cmjpy69edbad285c89 {\r\ntext-align: center;\r\n}\r\n@media screen and (min-width: 1201px) {\r\n.cmjpy69edbad285c89 {\r\ndisplay: none;\r\n}\r\n}\r\n@media screen and (min-width: 993px) and (max-width: 1200px) {\r\n.cmjpy69edbad285c89 {\r\ndisplay: none;\r\n}\r\n}\r\n@media screen and (min-width: 769px) and (max-width: 992px) {\r\n.cmjpy69edbad285c89 {\r\ndisplay: none;\r\n}\r\n}\r\n@media screen and (min-width: 768px) and (max-width: 768px) {\r\n.cmjpy69edbad285c89 {\r\ndisplay: block;\r\n}\r\n}\r\n@media screen and (max-width: 767px) {\r\n.cmjpy69edbad285c89 {\r\ndisplay: block;\r\n}\r\n}\r\n<\/style>\r\n<div class=\"cgnzk69edbad285c74\" ><!--<a href=\"https:\/\/bit.ly\/3QdrqTZ\" target=\"_blank\">\n<img src=\"https:\/\/justicapotiguar.com.br\/wp-content\/uploads\/2023\/09\/desktop-geral.gif\"\/><a\/>--><\/div><style type=\"text\/css\">\r\n.cgnzk69edbad285c74 {\r\ntext-align: center;\nmargin-bottom: 1em;\r\n}\r\n@media screen and (min-width: 1201px) {\r\n.cgnzk69edbad285c74 {\r\ndisplay: block;\r\n}\r\n}\r\n@media screen and (min-width: 993px) and (max-width: 1200px) {\r\n.cgnzk69edbad285c74 {\r\ndisplay: block;\r\n}\r\n}\r\n@media screen and (min-width: 769px) and (max-width: 992px) {\r\n.cgnzk69edbad285c74 {\r\ndisplay: block;\r\n}\r\n}\r\n@media screen and (min-width: 768px) and (max-width: 768px) {\r\n.cgnzk69edbad285c74 {\r\ndisplay: none;\r\n}\r\n}\r\n@media screen and (max-width: 767px) {\r\n.cgnzk69edbad285c74 {\r\ndisplay: none;\r\n}\r\n}\r\n<\/style>\r\n\n\n\n\n<p>Ap\u00f3s a intima\u00e7\u00e3o, o apenado compareceu espontaneamente aos autos, apresentando justificativa pelo descumprimento da condi\u00e7\u00e3o. Na ocasi\u00e3o, foi expedido um novo encaminhamento para presta\u00e7\u00e3o de servi\u00e7o \u00e0 comunidade que resultou na presta\u00e7\u00e3o de 45 horas e 30 minutos de servi\u00e7o, necess\u00e1rias para a totaliza\u00e7\u00e3o da pena.<\/p>\n\n\n\n<p>\u201cA contagem do tempo de servi\u00e7o no processo tamb\u00e9m estava equivocada. Foi preciso um trabalho minucioso de an\u00e1lise das folhas de controle de presen\u00e7a. Somamos todas as horas e ficou comprovado que o nosso assistido havia cumprido um prazo at\u00e9 maior do que estava determinado\u201d, registra do defensor. Com a apresenta\u00e7\u00e3o da comprova\u00e7\u00e3o do cumprimento da pena por parte da Defensoria P\u00fablica, bem como as falhas identificadas ao longo do processo, o ju\u00edzo determinou em sua decis\u00e3o a extin\u00e7\u00e3o da punibilidade.<\/p>\n","protected":false},"excerpt":{"rendered":"<p>A Defensoria P\u00fablica do Estado do Rio Grande do Norte (DPE\/RN) conquistou decis\u00e3o que evitou a pris\u00e3o desnecess\u00e1ria de um cidad\u00e3o condenado \u00e0 presta\u00e7\u00e3o de servi\u00e7os comunit\u00e1rios. O processo em quest\u00e3o apresentou falhas, inclusive considerando a condena\u00e7\u00e3o como se esta fosse restritiva de direitos. Um mandado de pris\u00e3o chegou a ser emitido erroneamente para o<br \/><a class=\"more-link\" href=\"https:\/\/justicapotiguar.com.br\/index.php\/2020\/11\/30\/dpe-rn-evita-pena-restritiva-de-liberdade-para-condenado-a-servicos-comunitarios\/\">Mais&#8230;<\/a><\/p>\n","protected":false},"author":5,"featured_media":7521,"comment_status":"open","ping_status":"open","sticky":false,"template":"","format":"standard","meta":[],"categories":[3],"tags":[],"_links":{"self":[{"href":"https:\/\/justicapotiguar.com.br\/index.php\/wp-json\/wp\/v2\/posts\/14931"}],"collection":[{"href":"https:\/\/justicapotiguar.com.br\/index.php\/wp-json\/wp\/v2\/posts"}],"about":[{"href":"https:\/\/justicapotiguar.com.br\/index.php\/wp-json\/wp\/v2\/types\/post"}],"author":[{"embeddable":true,"href":"https:\/\/justicapotiguar.com.br\/index.php\/wp-json\/wp\/v2\/users\/5"}],"replies":[{"embeddable":true,"href":"https:\/\/justicapotiguar.com.br\/index.php\/wp-json\/wp\/v2\/comments?post=14931"}],"version-history":[{"count":1,"href":"https:\/\/justicapotiguar.com.br\/index.php\/wp-json\/wp\/v2\/posts\/14931\/revisions"}],"predecessor-version":[{"id":14932,"href":"https:\/\/justicapotiguar.com.br\/index.php\/wp-json\/wp\/v2\/posts\/14931\/revisions\/14932"}],"wp:featuredmedia":[{"embeddable":true,"href":"https:\/\/justicapotiguar.com.br\/index.php\/wp-json\/wp\/v2\/media\/7521"}],"wp:attachment":[{"href":"https:\/\/justicapotiguar.com.br\/index.php\/wp-json\/wp\/v2\/media?parent=14931"}],"wp:term":[{"taxonomy":"category","embeddable":true,"href":"https:\/\/justicapotiguar.com.br\/index.php\/wp-json\/wp\/v2\/categories?post=14931"},{"taxonomy":"post_tag","embeddable":true,"href":"https:\/\/justicapotiguar.com.br\/index.php\/wp-json\/wp\/v2\/tags?post=14931"}],"curies":[{"name":"wp","href":"https:\/\/api.w.org\/{rel}","templated":true}]}}