{"id":14925,"date":"2020-11-30T09:44:25","date_gmt":"2020-11-30T12:44:25","guid":{"rendered":"https:\/\/justicapotiguar.com.br\/?p=14925"},"modified":"2020-11-30T08:57:32","modified_gmt":"2020-11-30T11:57:32","slug":"voto-impresso-traria-grande-tumulto-ao-processo-eleitoral-diz-barroso","status":"publish","type":"post","link":"https:\/\/justicapotiguar.com.br\/index.php\/2020\/11\/30\/voto-impresso-traria-grande-tumulto-ao-processo-eleitoral-diz-barroso\/","title":{"rendered":"Voto impresso traria \u2018grande tumulto ao processo eleitoral\u2019, diz Barroso"},"content":{"rendered":"\n<p>Em coletiva, Lu\u00eds Roberto Barroso, presidente do TSE, comentou a manifesta\u00e7\u00e3o de Jair Bolsonaro, que voltou a criticar hoje o sistema eleitoral do Brasil.<\/p>\n\n\n\n<p>\u201cO presidente da Rep\u00fablica merece todo o respeito institucional e tem direito a manifestar sua opini\u00e3o. Portanto, respeito a compreens\u00e3o dele. A verdade por\u00e9m \u00e9 que, objetivamente, o STF j\u00e1 decidiu pela inconstitucionalidade do voto impresso.\u201d<\/p>\n\n\n\n<p>Segundo o presidente do TSE, o voto impresso aumentaria o custo das elei\u00e7\u00f5es e representaria um \u201crisco legal para o sigilo do voto\u201d.https:\/\/c3df12e1008a30cde6e22cf040474f13.safeframe.googlesyndication.com\/safeframe\/1-0-37\/html\/container.html?n=0<\/p>\n\n\n\n<p>\u201cEu penso que o voto impresso traria grande tumulto para o processo eleitoral brasileiro, porque todo candidato derrotado ia pedir recontagem, ia haver impugna\u00e7\u00e3o, alega\u00e7\u00f5es de nulidade e judicializa\u00e7\u00e3o do processo eleitoral.&nbsp;\u00c9 uma opini\u00e3o pessoal, penso que traria um grande tumulto ao processo eleitoral.\u201d<\/p><div class=\"jvmlg69f39f1f02c79\" ><!--<a href=\"https:\/\/bit.ly\/3QdrqTZ\" target=\"_blank\">\n<img src=\"https:\/\/justicapotiguar.com.br\/wp-content\/uploads\/2023\/09\/mobile-geral.gif\"\/><a\/>--><\/div><style type=\"text\/css\">\r\n.jvmlg69f39f1f02c79 {\r\ntext-align: center;\r\n}\r\n@media screen and (min-width: 1201px) {\r\n.jvmlg69f39f1f02c79 {\r\ndisplay: none;\r\n}\r\n}\r\n@media screen and (min-width: 993px) and (max-width: 1200px) {\r\n.jvmlg69f39f1f02c79 {\r\ndisplay: none;\r\n}\r\n}\r\n@media screen and (min-width: 769px) and (max-width: 992px) {\r\n.jvmlg69f39f1f02c79 {\r\ndisplay: none;\r\n}\r\n}\r\n@media screen and (min-width: 768px) and (max-width: 768px) {\r\n.jvmlg69f39f1f02c79 {\r\ndisplay: block;\r\n}\r\n}\r\n@media screen and (max-width: 767px) {\r\n.jvmlg69f39f1f02c79 {\r\ndisplay: block;\r\n}\r\n}\r\n<\/style>\r\n<div class=\"cqhpe69f39f1f02c66\" ><!--<a href=\"https:\/\/bit.ly\/3QdrqTZ\" target=\"_blank\">\n<img src=\"https:\/\/justicapotiguar.com.br\/wp-content\/uploads\/2023\/09\/desktop-geral.gif\"\/><a\/>--><\/div><style type=\"text\/css\">\r\n.cqhpe69f39f1f02c66 {\r\ntext-align: center;\nmargin-bottom: 1em;\r\n}\r\n@media screen and (min-width: 1201px) {\r\n.cqhpe69f39f1f02c66 {\r\ndisplay: block;\r\n}\r\n}\r\n@media screen and (min-width: 993px) and (max-width: 1200px) {\r\n.cqhpe69f39f1f02c66 {\r\ndisplay: block;\r\n}\r\n}\r\n@media screen and (min-width: 769px) and (max-width: 992px) {\r\n.cqhpe69f39f1f02c66 {\r\ndisplay: block;\r\n}\r\n}\r\n@media screen and (min-width: 768px) and (max-width: 768px) {\r\n.cqhpe69f39f1f02c66 {\r\ndisplay: none;\r\n}\r\n}\r\n@media screen and (max-width: 767px) {\r\n.cqhpe69f39f1f02c66 {\r\ndisplay: none;\r\n}\r\n}\r\n<\/style>\r\n\n\n\n\n<p>E concluiu:<\/p>\n\n\n\n<figure class=\"wp-block-image size-large\"><img loading=\"lazy\" width=\"1024\" height=\"683\" src=\"https:\/\/justicapotiguar.com.br\/wp-content\/uploads\/2019\/08\/195054359-luis-roberto-barroso-e-demais-ministros-do-stf-estao-sendo-pressionados-para-se-posicionarem-respeit-1024x683-1024x683.jpg\" alt=\"\" class=\"wp-image-1461\" srcset=\"https:\/\/justicapotiguar.com.br\/wp-content\/uploads\/2019\/08\/195054359-luis-roberto-barroso-e-demais-ministros-do-stf-estao-sendo-pressionados-para-se-posicionarem-respeit-1024x683.jpg 1024w, https:\/\/justicapotiguar.com.br\/wp-content\/uploads\/2019\/08\/195054359-luis-roberto-barroso-e-demais-ministros-do-stf-estao-sendo-pressionados-para-se-posicionarem-respeit-1024x683-300x200.jpg 300w, https:\/\/justicapotiguar.com.br\/wp-content\/uploads\/2019\/08\/195054359-luis-roberto-barroso-e-demais-ministros-do-stf-estao-sendo-pressionados-para-se-posicionarem-respeit-1024x683-768x512.jpg 768w\" sizes=\"(max-width: 1024px) 100vw, 1024px\" \/><figcaption>Reprodu\u00e7\u00e3o <\/figcaption><\/figure>\n\n\n\n<p>\u201cSe o presidente ou qualquer pessoa tenha comprova\u00e7\u00e3o de fraude em alguma elei\u00e7\u00e3o, eu imediatamente mandarei apurar. Mas eu sou juiz, lido com fatos e provas e n\u00e3o posso me pressionar com a ret\u00f3rica pol\u00edtica.\u201d<\/p>\n\n\n\n<p>O Antagonista<\/p>\n","protected":false},"excerpt":{"rendered":"<p>Em coletiva, Lu\u00eds Roberto Barroso, presidente do TSE, comentou a manifesta\u00e7\u00e3o de Jair Bolsonaro, que voltou a criticar hoje o sistema eleitoral do Brasil. \u201cO presidente da Rep\u00fablica merece todo o respeito institucional e tem direito a manifestar sua opini\u00e3o. Portanto, respeito a compreens\u00e3o dele. A verdade por\u00e9m \u00e9 que, objetivamente, o STF j\u00e1 decidiu<br \/><a class=\"more-link\" href=\"https:\/\/justicapotiguar.com.br\/index.php\/2020\/11\/30\/voto-impresso-traria-grande-tumulto-ao-processo-eleitoral-diz-barroso\/\">Mais&#8230;<\/a><\/p>\n","protected":false},"author":5,"featured_media":4260,"comment_status":"open","ping_status":"open","sticky":false,"template":"","format":"standard","meta":[],"categories":[3],"tags":[],"_links":{"self":[{"href":"https:\/\/justicapotiguar.com.br\/index.php\/wp-json\/wp\/v2\/posts\/14925"}],"collection":[{"href":"https:\/\/justicapotiguar.com.br\/index.php\/wp-json\/wp\/v2\/posts"}],"about":[{"href":"https:\/\/justicapotiguar.com.br\/index.php\/wp-json\/wp\/v2\/types\/post"}],"author":[{"embeddable":true,"href":"https:\/\/justicapotiguar.com.br\/index.php\/wp-json\/wp\/v2\/users\/5"}],"replies":[{"embeddable":true,"href":"https:\/\/justicapotiguar.com.br\/index.php\/wp-json\/wp\/v2\/comments?post=14925"}],"version-history":[{"count":1,"href":"https:\/\/justicapotiguar.com.br\/index.php\/wp-json\/wp\/v2\/posts\/14925\/revisions"}],"predecessor-version":[{"id":14926,"href":"https:\/\/justicapotiguar.com.br\/index.php\/wp-json\/wp\/v2\/posts\/14925\/revisions\/14926"}],"wp:featuredmedia":[{"embeddable":true,"href":"https:\/\/justicapotiguar.com.br\/index.php\/wp-json\/wp\/v2\/media\/4260"}],"wp:attachment":[{"href":"https:\/\/justicapotiguar.com.br\/index.php\/wp-json\/wp\/v2\/media?parent=14925"}],"wp:term":[{"taxonomy":"category","embeddable":true,"href":"https:\/\/justicapotiguar.com.br\/index.php\/wp-json\/wp\/v2\/categories?post=14925"},{"taxonomy":"post_tag","embeddable":true,"href":"https:\/\/justicapotiguar.com.br\/index.php\/wp-json\/wp\/v2\/tags?post=14925"}],"curies":[{"name":"wp","href":"https:\/\/api.w.org\/{rel}","templated":true}]}}