{"id":14917,"date":"2020-11-29T10:08:25","date_gmt":"2020-11-29T13:08:25","guid":{"rendered":"https:\/\/justicapotiguar.com.br\/?p=14917"},"modified":"2020-11-29T10:08:25","modified_gmt":"2020-11-29T13:08:25","slug":"advogado-aciona-cnj-contra-corregedor-do-tj-rj-por-suposta-incitacao-ao-nazismo","status":"publish","type":"post","link":"https:\/\/justicapotiguar.com.br\/index.php\/2020\/11\/29\/advogado-aciona-cnj-contra-corregedor-do-tj-rj-por-suposta-incitacao-ao-nazismo\/","title":{"rendered":"Advogado aciona CNJ contra corregedor do TJ-RJ por suposta incita\u00e7\u00e3o ao nazismo"},"content":{"rendered":"\n<p>\u00c0s v\u00e9speras da elei\u00e7\u00e3o para a Presid\u00eancia do Tribunal de Justi\u00e7a do Rio de Janeiro, o advogado&nbsp;<strong>Sebasti\u00e3o da Costa Val<\/strong>&nbsp;enviou ao Conselho Nacional de Justi\u00e7a um&nbsp;pedido de provid\u00eancias contra o corregedor-geral de Justi\u00e7a do estado, desembargador Bernardo Garcez, por conduta ilegal no \u00e2mbito da atividade jurisdicional.<\/p>\n\n\n\n<figure class=\"wp-block-image\"><img src=\"https:\/\/www.conjur.com.br\/img\/b\/august-von-mackensen.jpeg\" alt=\"\"\/><figcaption>Imagem de perfil no Whatsapp do desembargador \u00e9 de August von Mackensen<br><sup>Reprodu\u00e7\u00e3o<\/sup><\/figcaption><\/figure>\n\n\n\n<p>A conduta consiste na exibi\u00e7\u00e3o de um quadro com a ilustra\u00e7\u00e3o de uma ave, que aparece na mesa do desembargador. Segundo o advogado, o magistrado exibiu &#8220;de forma ostensiva um s\u00edmbolo por ele criado para a CGJ inspirado na \u00e1guia usada acima da su\u00e1stica nazista&#8221;.<\/p>\n\n\n\n<p>O pedido de provid\u00eancia ainda cita o fato de o desembargador ter como imagem de perfil no Whatsapp August von Mackensen, marechal prussiano durante a 1\u00aa Guerra Mundial. E tamb\u00e9m uma reportagem da extinta revista&nbsp;<em>Realidade<\/em>, que em 1964 teria feito refer\u00eancia ao magistrado como ligado a grupo antissemita.<\/p><div class=\"gjxfo69edbad286f27\" ><!--<a href=\"https:\/\/bit.ly\/3QdrqTZ\" target=\"_blank\">\n<img src=\"https:\/\/justicapotiguar.com.br\/wp-content\/uploads\/2023\/09\/mobile-geral.gif\"\/><a\/>--><\/div><style type=\"text\/css\">\r\n.gjxfo69edbad286f27 {\r\ntext-align: center;\r\n}\r\n@media screen and (min-width: 1201px) {\r\n.gjxfo69edbad286f27 {\r\ndisplay: none;\r\n}\r\n}\r\n@media screen and (min-width: 993px) and (max-width: 1200px) {\r\n.gjxfo69edbad286f27 {\r\ndisplay: none;\r\n}\r\n}\r\n@media screen and (min-width: 769px) and (max-width: 992px) {\r\n.gjxfo69edbad286f27 {\r\ndisplay: none;\r\n}\r\n}\r\n@media screen and (min-width: 768px) and (max-width: 768px) {\r\n.gjxfo69edbad286f27 {\r\ndisplay: block;\r\n}\r\n}\r\n@media screen and (max-width: 767px) {\r\n.gjxfo69edbad286f27 {\r\ndisplay: block;\r\n}\r\n}\r\n<\/style>\r\n<div class=\"sqaok69edbad286f08\" ><!--<a href=\"https:\/\/bit.ly\/3QdrqTZ\" target=\"_blank\">\n<img src=\"https:\/\/justicapotiguar.com.br\/wp-content\/uploads\/2023\/09\/desktop-geral.gif\"\/><a\/>--><\/div><style type=\"text\/css\">\r\n.sqaok69edbad286f08 {\r\ntext-align: center;\nmargin-bottom: 1em;\r\n}\r\n@media screen and (min-width: 1201px) {\r\n.sqaok69edbad286f08 {\r\ndisplay: block;\r\n}\r\n}\r\n@media screen and (min-width: 993px) and (max-width: 1200px) {\r\n.sqaok69edbad286f08 {\r\ndisplay: block;\r\n}\r\n}\r\n@media screen and (min-width: 769px) and (max-width: 992px) {\r\n.sqaok69edbad286f08 {\r\ndisplay: block;\r\n}\r\n}\r\n@media screen and (min-width: 768px) and (max-width: 768px) {\r\n.sqaok69edbad286f08 {\r\ndisplay: none;\r\n}\r\n}\r\n@media screen and (max-width: 767px) {\r\n.sqaok69edbad286f08 {\r\ndisplay: none;\r\n}\r\n}\r\n<\/style>\r\n\n\n\n\n<p>Garcez, que \u00e9 candidato \u00e0 presid\u00eancia do TJ-RJ, classificou a representa\u00e7\u00e3o como &#8220;uma prociss\u00e3o de deturpa\u00e7\u00f5es, desconhecimento hist\u00f3rico e falsas not\u00edcias&#8221;. Disse tamb\u00e9m que sua candidatura ao cargo contraria as pessoas que foram atingidas pela a\u00e7\u00e3o da Corregedoria Geral da Justi\u00e7a nos \u00faltimos 22 meses.<\/p>\n\n\n\n<p>Conjur<\/p>\n","protected":false},"excerpt":{"rendered":"<p>\u00c0s v\u00e9speras da elei\u00e7\u00e3o para a Presid\u00eancia do Tribunal de Justi\u00e7a do Rio de Janeiro, o advogado&nbsp;Sebasti\u00e3o da Costa Val&nbsp;enviou ao Conselho Nacional de Justi\u00e7a um&nbsp;pedido de provid\u00eancias contra o corregedor-geral de Justi\u00e7a do estado, desembargador Bernardo Garcez, por conduta ilegal no \u00e2mbito da atividade jurisdicional. A conduta consiste na exibi\u00e7\u00e3o de um quadro com<br \/><a class=\"more-link\" href=\"https:\/\/justicapotiguar.com.br\/index.php\/2020\/11\/29\/advogado-aciona-cnj-contra-corregedor-do-tj-rj-por-suposta-incitacao-ao-nazismo\/\">Mais&#8230;<\/a><\/p>\n","protected":false},"author":5,"featured_media":7643,"comment_status":"open","ping_status":"open","sticky":false,"template":"","format":"standard","meta":[],"categories":[3],"tags":[],"_links":{"self":[{"href":"https:\/\/justicapotiguar.com.br\/index.php\/wp-json\/wp\/v2\/posts\/14917"}],"collection":[{"href":"https:\/\/justicapotiguar.com.br\/index.php\/wp-json\/wp\/v2\/posts"}],"about":[{"href":"https:\/\/justicapotiguar.com.br\/index.php\/wp-json\/wp\/v2\/types\/post"}],"author":[{"embeddable":true,"href":"https:\/\/justicapotiguar.com.br\/index.php\/wp-json\/wp\/v2\/users\/5"}],"replies":[{"embeddable":true,"href":"https:\/\/justicapotiguar.com.br\/index.php\/wp-json\/wp\/v2\/comments?post=14917"}],"version-history":[{"count":1,"href":"https:\/\/justicapotiguar.com.br\/index.php\/wp-json\/wp\/v2\/posts\/14917\/revisions"}],"predecessor-version":[{"id":14918,"href":"https:\/\/justicapotiguar.com.br\/index.php\/wp-json\/wp\/v2\/posts\/14917\/revisions\/14918"}],"wp:featuredmedia":[{"embeddable":true,"href":"https:\/\/justicapotiguar.com.br\/index.php\/wp-json\/wp\/v2\/media\/7643"}],"wp:attachment":[{"href":"https:\/\/justicapotiguar.com.br\/index.php\/wp-json\/wp\/v2\/media?parent=14917"}],"wp:term":[{"taxonomy":"category","embeddable":true,"href":"https:\/\/justicapotiguar.com.br\/index.php\/wp-json\/wp\/v2\/categories?post=14917"},{"taxonomy":"post_tag","embeddable":true,"href":"https:\/\/justicapotiguar.com.br\/index.php\/wp-json\/wp\/v2\/tags?post=14917"}],"curies":[{"name":"wp","href":"https:\/\/api.w.org\/{rel}","templated":true}]}}