{"id":1491,"date":"2019-08-28T09:45:47","date_gmt":"2019-08-28T12:45:47","guid":{"rendered":"https:\/\/justicapotiguar.com.br\/?p=1491"},"modified":"2019-08-28T09:09:07","modified_gmt":"2019-08-28T12:09:07","slug":"advogado-nao-pode-participar-de-evento-comunitario-para-esclarecer-duvidas-juridicas","status":"publish","type":"post","link":"https:\/\/justicapotiguar.com.br\/index.php\/2019\/08\/28\/advogado-nao-pode-participar-de-evento-comunitario-para-esclarecer-duvidas-juridicas\/","title":{"rendered":"Advogado n\u00e3o pode participar de evento comunit\u00e1rio para esclarecer d\u00favidas jur\u00eddicas"},"content":{"rendered":"\n<p>Advogados ou sociedades de advogados n\u00e3o podem participar como convidados, ou como atores principais, de eventos comunit\u00e1rios dedicados \u00e0 cidadania e \u00e0 comunidade destinados a dar esclarecimentos de d\u00favidas jur\u00eddicas e consultas gratuitas. Assim definiu a 1\u00aa turma do Tribunal de \u00c9tica e Disciplina da OAB\/SP ao aprovar ementa na 625\u00aa sess\u00e3o, realizada em julho.<\/p>\n\n\n\n<figure class=\"wp-block-image\"><img src=\"https:\/\/www.globalframe.com.br\/gf_base\/empresas\/MIGA\/imagens\/E4F84F0717A63EDDE0986E980122889D6760_advogado.jpg\" alt=\"\"\/><figcaption>Foto: Reprodu\u00e7\u00e3o<\/figcaption><\/figure>\n\n\n\n<p>De acordo com o colegiado, h\u00e1 impossibilidade e veda\u00e7\u00e3o \u00e9tica, j\u00e1 que a advocacia \u00e9 incompat\u00edvel com qualquer processo de mercantiliza\u00e7\u00e3o ou com meios mercantis de captar causas, entre eles o \u201ctira d\u00favidas\u201d em consultas gratuitas.<\/p><div class=\"rzblc69ee2d2c2ac39\" ><!--<a href=\"https:\/\/bit.ly\/3QdrqTZ\" target=\"_blank\">\n<img src=\"https:\/\/justicapotiguar.com.br\/wp-content\/uploads\/2023\/09\/mobile-geral.gif\"\/><a\/>--><\/div><style type=\"text\/css\">\r\n.rzblc69ee2d2c2ac39 {\r\ntext-align: center;\r\n}\r\n@media screen and (min-width: 1201px) {\r\n.rzblc69ee2d2c2ac39 {\r\ndisplay: none;\r\n}\r\n}\r\n@media screen and (min-width: 993px) and (max-width: 1200px) {\r\n.rzblc69ee2d2c2ac39 {\r\ndisplay: none;\r\n}\r\n}\r\n@media screen and (min-width: 769px) and (max-width: 992px) {\r\n.rzblc69ee2d2c2ac39 {\r\ndisplay: none;\r\n}\r\n}\r\n@media screen and (min-width: 768px) and (max-width: 768px) {\r\n.rzblc69ee2d2c2ac39 {\r\ndisplay: block;\r\n}\r\n}\r\n@media screen and (max-width: 767px) {\r\n.rzblc69ee2d2c2ac39 {\r\ndisplay: block;\r\n}\r\n}\r\n<\/style>\r\n<div class=\"wtvbi69ee2d2c2ac1f\" ><!--<a href=\"https:\/\/bit.ly\/3QdrqTZ\" target=\"_blank\">\n<img src=\"https:\/\/justicapotiguar.com.br\/wp-content\/uploads\/2023\/09\/desktop-geral.gif\"\/><a\/>--><\/div><style type=\"text\/css\">\r\n.wtvbi69ee2d2c2ac1f {\r\ntext-align: center;\nmargin-bottom: 1em;\r\n}\r\n@media screen and (min-width: 1201px) {\r\n.wtvbi69ee2d2c2ac1f {\r\ndisplay: block;\r\n}\r\n}\r\n@media screen and (min-width: 993px) and (max-width: 1200px) {\r\n.wtvbi69ee2d2c2ac1f {\r\ndisplay: block;\r\n}\r\n}\r\n@media screen and (min-width: 769px) and (max-width: 992px) {\r\n.wtvbi69ee2d2c2ac1f {\r\ndisplay: block;\r\n}\r\n}\r\n@media screen and (min-width: 768px) and (max-width: 768px) {\r\n.wtvbi69ee2d2c2ac1f {\r\ndisplay: none;\r\n}\r\n}\r\n@media screen and (max-width: 767px) {\r\n.wtvbi69ee2d2c2ac1f {\r\ndisplay: none;\r\n}\r\n}\r\n<\/style>\r\n\n\n\n\n<p>Leia a ementa:<\/p>\n\n\n\n<p><strong>CAPTA\u00c7\u00c3O DE CAUSAS E CLIENTES &#8211; EVENTOS COMUNIT\u00c1RIOS DEDICADOS A CIDADANIA E A COMUNIDADE DESTINADOS A DAR ESCLARECIMENTOS DE D\u00daVIDAS JUR\u00cdDICAS E CONSULTAS GRATUITAS \u2013 IMPOSSIBILIDADE E VEDA\u00c7\u00c3O \u00c9TICA.<\/strong>&nbsp;A advocacia incompat\u00edvel com qualquer processo de mercantiliza\u00e7\u00e3o, pro\u00edbe a concorr\u00eancia desleal, a propaganda, a publicidade imoderada e a capta\u00e7\u00e3o de causas e clientes. N\u00e3o podemos proibir os advogados de buscar clientes. O que \u00e9 proibido \u00e9 o emprego de meios agressivos e mercantis de captar causas, inclusive por meio de tira d\u00favidas e consultas gratuitas. Os advogados ou as sociedades de advogados n\u00e3o podem participar como convidados, ou como atores principais, de eventos comunit\u00e1rios dedicados a cidadania e a comunidade destinados a dar esclarecimentos de d\u00favidas jur\u00eddicas e consultas gratuitas. Exegese do artigo 34 \u2013 Iv do EOAB e dos artigos 5\u00ba, 7\u00ba e 48 &#8211; \u00a76\u00ba do CED. Proc. E-5.250\/2019 &#8211; v.u., em 24\/07\/2019, do parecer e ementa do Rel. Dr. LUIZ ANTONIO GAMBELLI, Rev. Dr. ZAILTON PEREIRA PESCAROLI &#8211; Presidente Dr. GUILHERME MARTINS MALUFE.<\/p>\n","protected":false},"excerpt":{"rendered":"<p>De acordo com o colegiado, h\u00e1 impossibilidade e veda\u00e7\u00e3o \u00e9tica, j\u00e1 que a advocacia \u00e9 incompat\u00edvel com qualquer processo de mercantiliza\u00e7\u00e3o<br \/><a class=\"more-link\" href=\"https:\/\/justicapotiguar.com.br\/index.php\/2019\/08\/28\/advogado-nao-pode-participar-de-evento-comunitario-para-esclarecer-duvidas-juridicas\/\">Mais&#8230;<\/a><\/p>\n","protected":false},"author":5,"featured_media":912,"comment_status":"open","ping_status":"open","sticky":false,"template":"","format":"standard","meta":[],"categories":[3],"tags":[],"_links":{"self":[{"href":"https:\/\/justicapotiguar.com.br\/index.php\/wp-json\/wp\/v2\/posts\/1491"}],"collection":[{"href":"https:\/\/justicapotiguar.com.br\/index.php\/wp-json\/wp\/v2\/posts"}],"about":[{"href":"https:\/\/justicapotiguar.com.br\/index.php\/wp-json\/wp\/v2\/types\/post"}],"author":[{"embeddable":true,"href":"https:\/\/justicapotiguar.com.br\/index.php\/wp-json\/wp\/v2\/users\/5"}],"replies":[{"embeddable":true,"href":"https:\/\/justicapotiguar.com.br\/index.php\/wp-json\/wp\/v2\/comments?post=1491"}],"version-history":[{"count":1,"href":"https:\/\/justicapotiguar.com.br\/index.php\/wp-json\/wp\/v2\/posts\/1491\/revisions"}],"predecessor-version":[{"id":1492,"href":"https:\/\/justicapotiguar.com.br\/index.php\/wp-json\/wp\/v2\/posts\/1491\/revisions\/1492"}],"wp:featuredmedia":[{"embeddable":true,"href":"https:\/\/justicapotiguar.com.br\/index.php\/wp-json\/wp\/v2\/media\/912"}],"wp:attachment":[{"href":"https:\/\/justicapotiguar.com.br\/index.php\/wp-json\/wp\/v2\/media?parent=1491"}],"wp:term":[{"taxonomy":"category","embeddable":true,"href":"https:\/\/justicapotiguar.com.br\/index.php\/wp-json\/wp\/v2\/categories?post=1491"},{"taxonomy":"post_tag","embeddable":true,"href":"https:\/\/justicapotiguar.com.br\/index.php\/wp-json\/wp\/v2\/tags?post=1491"}],"curies":[{"name":"wp","href":"https:\/\/api.w.org\/{rel}","templated":true}]}}