{"id":1485,"date":"2019-08-28T08:24:02","date_gmt":"2019-08-28T11:24:02","guid":{"rendered":"https:\/\/justicapotiguar.com.br\/?p=1485"},"modified":"2019-08-28T08:25:04","modified_gmt":"2019-08-28T11:25:04","slug":"advogado-diz-que-maus-perdedores-tumultuaram-lista-triplice-do-5o-constitucional-no-rn","status":"publish","type":"post","link":"https:\/\/justicapotiguar.com.br\/index.php\/2019\/08\/28\/advogado-diz-que-maus-perdedores-tumultuaram-lista-triplice-do-5o-constitucional-no-rn\/","title":{"rendered":"Advogado diz que maus perdedores tumultuaram Lista Tr\u00edplice do 5\u00ba constitucional no RN"},"content":{"rendered":"\n<figure class=\"wp-block-image\"><img loading=\"lazy\" width=\"473\" height=\"1024\" src=\"https:\/\/justicapotiguar.com.br\/wp-content\/uploads\/2019\/08\/8ee6c8bf-b43f-48d0-9007-5605b70e2164-473x1024.jpeg\" alt=\"\" class=\"wp-image-1486\" srcset=\"https:\/\/justicapotiguar.com.br\/wp-content\/uploads\/2019\/08\/8ee6c8bf-b43f-48d0-9007-5605b70e2164-473x1024.jpeg 473w, https:\/\/justicapotiguar.com.br\/wp-content\/uploads\/2019\/08\/8ee6c8bf-b43f-48d0-9007-5605b70e2164-139x300.jpeg 139w, https:\/\/justicapotiguar.com.br\/wp-content\/uploads\/2019\/08\/8ee6c8bf-b43f-48d0-9007-5605b70e2164.jpeg 591w\" sizes=\"(max-width: 473px) 100vw, 473px\" \/><figcaption>Foto: Reprodu\u00e7\u00e3o<\/figcaption><\/figure>\n\n\n\n<p>A disputa judicial que envolve a escolha dos advogados para\nLista Tr\u00edplice do Quinto Constitucional para desembargador do Tribunal Regional\ndo Trabalho (TRT-RN) tem gerado forte repercuss\u00e3o no meio da carreira judici\u00e1ria.\n<\/p>\n\n\n\n<p>O advogado Daniel Ferreira postou opini\u00e3o forte em suas\nredes sociais, em refer\u00eancia a mat\u00e9ria do Justi\u00e7a Potiguar sobre as cr\u00edticas do\nconselheiro do Conselho Nacional de Justi\u00e7a, M\u00e1rcio Schiefler\nFontes, que suspendeu o envio da Lista Triplice ate que o CNJ decida sobre o m\u00e9rito\nda liminar do advogado Eduardo Rocha contra o voto do desembargador Bento Herculano<\/p><div class=\"znymv69ec857d1a6c5\" ><!--<a href=\"https:\/\/bit.ly\/3QdrqTZ\" target=\"_blank\">\n<img src=\"https:\/\/justicapotiguar.com.br\/wp-content\/uploads\/2023\/09\/mobile-geral.gif\"\/><a\/>--><\/div><style type=\"text\/css\">\r\n.znymv69ec857d1a6c5 {\r\ntext-align: center;\r\n}\r\n@media screen and (min-width: 1201px) {\r\n.znymv69ec857d1a6c5 {\r\ndisplay: none;\r\n}\r\n}\r\n@media screen and (min-width: 993px) and (max-width: 1200px) {\r\n.znymv69ec857d1a6c5 {\r\ndisplay: none;\r\n}\r\n}\r\n@media screen and (min-width: 769px) and (max-width: 992px) {\r\n.znymv69ec857d1a6c5 {\r\ndisplay: none;\r\n}\r\n}\r\n@media screen and (min-width: 768px) and (max-width: 768px) {\r\n.znymv69ec857d1a6c5 {\r\ndisplay: block;\r\n}\r\n}\r\n@media screen and (max-width: 767px) {\r\n.znymv69ec857d1a6c5 {\r\ndisplay: block;\r\n}\r\n}\r\n<\/style>\r\n<div class=\"dqcnp69ec857d1a6a7\" ><!--<a href=\"https:\/\/bit.ly\/3QdrqTZ\" target=\"_blank\">\n<img src=\"https:\/\/justicapotiguar.com.br\/wp-content\/uploads\/2023\/09\/desktop-geral.gif\"\/><a\/>--><\/div><style type=\"text\/css\">\r\n.dqcnp69ec857d1a6a7 {\r\ntext-align: center;\nmargin-bottom: 1em;\r\n}\r\n@media screen and (min-width: 1201px) {\r\n.dqcnp69ec857d1a6a7 {\r\ndisplay: block;\r\n}\r\n}\r\n@media screen and (min-width: 993px) and (max-width: 1200px) {\r\n.dqcnp69ec857d1a6a7 {\r\ndisplay: block;\r\n}\r\n}\r\n@media screen and (min-width: 769px) and (max-width: 992px) {\r\n.dqcnp69ec857d1a6a7 {\r\ndisplay: block;\r\n}\r\n}\r\n@media screen and (min-width: 768px) and (max-width: 768px) {\r\n.dqcnp69ec857d1a6a7 {\r\ndisplay: none;\r\n}\r\n}\r\n@media screen and (max-width: 767px) {\r\n.dqcnp69ec857d1a6a7 {\r\ndisplay: none;\r\n}\r\n}\r\n<\/style>\r\n\n\n\n\n<p>\u201cA grande maioria dos integrantes de carreira do Judici\u00e1rio s\u00e3o\ncontra o Quinto Constitucional. A\u00ed vem essa turma de maus perdedores e pioram a\nsitua\u00e7\u00e3o\u201d, afirmou Daniel Ferreira.<\/p>\n\n\n\n<p>O Justi\u00e7a Potiguar havia\npublicado a decis\u00e3o do conselheiro do CNJ que teceu duras criticas ao processo\ndo TRT-RN. <\/p>\n","protected":false},"excerpt":{"rendered":"<p>&#8220;A grande maioria dos integrantes de carreira do Judici\u00e1rio s\u00e3o contra o Quinto Constitucional&#8221;, postou o advogado<br \/><a class=\"more-link\" href=\"https:\/\/justicapotiguar.com.br\/index.php\/2019\/08\/28\/advogado-diz-que-maus-perdedores-tumultuaram-lista-triplice-do-5o-constitucional-no-rn\/\">Mais&#8230;<\/a><\/p>\n","protected":false},"author":5,"featured_media":1486,"comment_status":"open","ping_status":"open","sticky":false,"template":"","format":"standard","meta":[],"categories":[3],"tags":[],"_links":{"self":[{"href":"https:\/\/justicapotiguar.com.br\/index.php\/wp-json\/wp\/v2\/posts\/1485"}],"collection":[{"href":"https:\/\/justicapotiguar.com.br\/index.php\/wp-json\/wp\/v2\/posts"}],"about":[{"href":"https:\/\/justicapotiguar.com.br\/index.php\/wp-json\/wp\/v2\/types\/post"}],"author":[{"embeddable":true,"href":"https:\/\/justicapotiguar.com.br\/index.php\/wp-json\/wp\/v2\/users\/5"}],"replies":[{"embeddable":true,"href":"https:\/\/justicapotiguar.com.br\/index.php\/wp-json\/wp\/v2\/comments?post=1485"}],"version-history":[{"count":2,"href":"https:\/\/justicapotiguar.com.br\/index.php\/wp-json\/wp\/v2\/posts\/1485\/revisions"}],"predecessor-version":[{"id":1488,"href":"https:\/\/justicapotiguar.com.br\/index.php\/wp-json\/wp\/v2\/posts\/1485\/revisions\/1488"}],"wp:featuredmedia":[{"embeddable":true,"href":"https:\/\/justicapotiguar.com.br\/index.php\/wp-json\/wp\/v2\/media\/1486"}],"wp:attachment":[{"href":"https:\/\/justicapotiguar.com.br\/index.php\/wp-json\/wp\/v2\/media?parent=1485"}],"wp:term":[{"taxonomy":"category","embeddable":true,"href":"https:\/\/justicapotiguar.com.br\/index.php\/wp-json\/wp\/v2\/categories?post=1485"},{"taxonomy":"post_tag","embeddable":true,"href":"https:\/\/justicapotiguar.com.br\/index.php\/wp-json\/wp\/v2\/tags?post=1485"}],"curies":[{"name":"wp","href":"https:\/\/api.w.org\/{rel}","templated":true}]}}