{"id":14686,"date":"2020-11-18T16:36:03","date_gmt":"2020-11-18T19:36:03","guid":{"rendered":"https:\/\/justicapotiguar.com.br\/?p=14686"},"modified":"2020-11-18T15:22:15","modified_gmt":"2020-11-18T18:22:15","slug":"governo-determina-pagamento-integral-do-13o-a-trabalhadores-com-jornada-reduzida","status":"publish","type":"post","link":"https:\/\/justicapotiguar.com.br\/index.php\/2020\/11\/18\/governo-determina-pagamento-integral-do-13o-a-trabalhadores-com-jornada-reduzida\/","title":{"rendered":"Governo determina pagamento integral do 13\u00ba a trabalhadores com jornada reduzida"},"content":{"rendered":"\n<p>A Secretaria Especial de Previd\u00eancia e Trabalho do Minist\u00e9rio da Economia divulgou nesta ter\u00e7a-feira (17\/11) uma nota t\u00e9cnica que determina o pagamento integral do 13\u00ba para os trabalhadores que tiveram redu\u00e7\u00e3o na jornada de trabalho devido \u00e0 crise da Covid-19, conforme ades\u00e3o ao Programa Emergencial de Manuten\u00e7\u00e3o do Emprego e da Renda, institu\u00eddo pela&nbsp;<a href=\"http:\/\/www.planalto.gov.br\/ccivil_03\/_ato2019-2022\/2020\/lei\/L14020.htm\" target=\"_blank\" rel=\"noreferrer noopener\">Lei n\u00ba 14.020\/20<\/a>.<\/p>\n\n\n\n<figure class=\"wp-block-image\"><img src=\"https:\/\/www.conjur.com.br\/img\/b\/carteira-trabalho8.png\" alt=\"\"\/><figcaption><sup>Marcos Santos \/ USP Imagens<\/sup><\/figcaption><\/figure>\n\n\n\n<p>Segundo o \u00f3rg\u00e3o, a regra deve ser seguida principalmente nos casos de funcion\u00e1rios com jornada reduzida durante o m\u00eas de dezembro. O direito a f\u00e9rias ap\u00f3s 12 meses de trabalho tamb\u00e9m est\u00e1 mantido.<\/p>\n\n\n\n<p>Nas situa\u00e7\u00f5es de suspens\u00e3o dos contratos, contudo, o per\u00edodo sem trabalho n\u00e3o deve ser computado para o c\u00e1lculo de 13\u00ba e f\u00e9rias, exceto quando o tempo de servi\u00e7o ultrapassar 15 dias no m\u00eas. Dessa forma, o funcion\u00e1rio que teve o contrato suspenso receber\u00e1, como 13\u00ba, 1\/12 de seu sal\u00e1rio para cada m\u00eas em que trabalhou por pelo menos 15 dias.<\/p>\n\n\n\n<p>O per\u00edodo de suspens\u00e3o tamb\u00e9m n\u00e3o \u00e9 considerado para f\u00e9rias. Ou seja, o trabalhador poder\u00e1 tirar f\u00e9rias assim que completar 12 meses de trabalho efetivo, sem contar a suspens\u00e3o.<\/p><div class=\"wbsls69f1d861dfa50\" ><!--<a href=\"https:\/\/bit.ly\/3QdrqTZ\" target=\"_blank\">\n<img src=\"https:\/\/justicapotiguar.com.br\/wp-content\/uploads\/2023\/09\/mobile-geral.gif\"\/><a\/>--><\/div><style type=\"text\/css\">\r\n.wbsls69f1d861dfa50 {\r\ntext-align: center;\r\n}\r\n@media screen and (min-width: 1201px) {\r\n.wbsls69f1d861dfa50 {\r\ndisplay: none;\r\n}\r\n}\r\n@media screen and (min-width: 993px) and (max-width: 1200px) {\r\n.wbsls69f1d861dfa50 {\r\ndisplay: none;\r\n}\r\n}\r\n@media screen and (min-width: 769px) and (max-width: 992px) {\r\n.wbsls69f1d861dfa50 {\r\ndisplay: none;\r\n}\r\n}\r\n@media screen and (min-width: 768px) and (max-width: 768px) {\r\n.wbsls69f1d861dfa50 {\r\ndisplay: block;\r\n}\r\n}\r\n@media screen and (max-width: 767px) {\r\n.wbsls69f1d861dfa50 {\r\ndisplay: block;\r\n}\r\n}\r\n<\/style>\r\n<div class=\"eceft69f1d861dfa37\" ><!--<a href=\"https:\/\/bit.ly\/3QdrqTZ\" target=\"_blank\">\n<img src=\"https:\/\/justicapotiguar.com.br\/wp-content\/uploads\/2023\/09\/desktop-geral.gif\"\/><a\/>--><\/div><style type=\"text\/css\">\r\n.eceft69f1d861dfa37 {\r\ntext-align: center;\nmargin-bottom: 1em;\r\n}\r\n@media screen and (min-width: 1201px) {\r\n.eceft69f1d861dfa37 {\r\ndisplay: block;\r\n}\r\n}\r\n@media screen and (min-width: 993px) and (max-width: 1200px) {\r\n.eceft69f1d861dfa37 {\r\ndisplay: block;\r\n}\r\n}\r\n@media screen and (min-width: 769px) and (max-width: 992px) {\r\n.eceft69f1d861dfa37 {\r\ndisplay: block;\r\n}\r\n}\r\n@media screen and (min-width: 768px) and (max-width: 768px) {\r\n.eceft69f1d861dfa37 {\r\ndisplay: none;\r\n}\r\n}\r\n@media screen and (max-width: 767px) {\r\n.eceft69f1d861dfa37 {\r\ndisplay: none;\r\n}\r\n}\r\n<\/style>\r\n\n\n\n\n<p>A secretaria explica que essa diferen\u00e7a se deve ao fato de o funcion\u00e1rio continuar recebendo sal\u00e1rio nos casos de redu\u00e7\u00e3o de jornada, o que possibilita calcular o tempo de servi\u00e7o. Quando h\u00e1 suspens\u00e3o do contrato, n\u00e3o h\u00e1 pagamento de sal\u00e1rio, e por isso n\u00e3o h\u00e1 como considerar o per\u00edodo afastado como tempo de servi\u00e7o.<\/p>\n\n\n\n<p><strong>Clique\u00a0<a rel=\"noreferrer noopener\" href=\"https:\/\/www.conjur.com.br\/dl\/governo-determina-pagamento-integral-13.pdf\" target=\"_blank\">aqui<\/a>\u00a0para ler a nota t\u00e9cnica<\/strong><\/p>\n\n\n\n<p>Conjur<\/p>\n","protected":false},"excerpt":{"rendered":"<p>A Secretaria Especial de Previd\u00eancia e Trabalho do Minist\u00e9rio da Economia divulgou nesta ter\u00e7a-feira (17\/11) uma nota t\u00e9cnica que determina o pagamento integral do 13\u00ba para os trabalhadores que tiveram redu\u00e7\u00e3o na jornada de trabalho devido \u00e0 crise da Covid-19, conforme ades\u00e3o ao Programa Emergencial de Manuten\u00e7\u00e3o do Emprego e da Renda, institu\u00eddo pela&nbsp;Lei n\u00ba<br \/><a class=\"more-link\" href=\"https:\/\/justicapotiguar.com.br\/index.php\/2020\/11\/18\/governo-determina-pagamento-integral-do-13o-a-trabalhadores-com-jornada-reduzida\/\">Mais&#8230;<\/a><\/p>\n","protected":false},"author":5,"featured_media":8146,"comment_status":"open","ping_status":"open","sticky":false,"template":"","format":"standard","meta":[],"categories":[3],"tags":[],"_links":{"self":[{"href":"https:\/\/justicapotiguar.com.br\/index.php\/wp-json\/wp\/v2\/posts\/14686"}],"collection":[{"href":"https:\/\/justicapotiguar.com.br\/index.php\/wp-json\/wp\/v2\/posts"}],"about":[{"href":"https:\/\/justicapotiguar.com.br\/index.php\/wp-json\/wp\/v2\/types\/post"}],"author":[{"embeddable":true,"href":"https:\/\/justicapotiguar.com.br\/index.php\/wp-json\/wp\/v2\/users\/5"}],"replies":[{"embeddable":true,"href":"https:\/\/justicapotiguar.com.br\/index.php\/wp-json\/wp\/v2\/comments?post=14686"}],"version-history":[{"count":1,"href":"https:\/\/justicapotiguar.com.br\/index.php\/wp-json\/wp\/v2\/posts\/14686\/revisions"}],"predecessor-version":[{"id":14687,"href":"https:\/\/justicapotiguar.com.br\/index.php\/wp-json\/wp\/v2\/posts\/14686\/revisions\/14687"}],"wp:featuredmedia":[{"embeddable":true,"href":"https:\/\/justicapotiguar.com.br\/index.php\/wp-json\/wp\/v2\/media\/8146"}],"wp:attachment":[{"href":"https:\/\/justicapotiguar.com.br\/index.php\/wp-json\/wp\/v2\/media?parent=14686"}],"wp:term":[{"taxonomy":"category","embeddable":true,"href":"https:\/\/justicapotiguar.com.br\/index.php\/wp-json\/wp\/v2\/categories?post=14686"},{"taxonomy":"post_tag","embeddable":true,"href":"https:\/\/justicapotiguar.com.br\/index.php\/wp-json\/wp\/v2\/tags?post=14686"}],"curies":[{"name":"wp","href":"https:\/\/api.w.org\/{rel}","templated":true}]}}