{"id":1465,"date":"2019-08-27T15:23:07","date_gmt":"2019-08-27T18:23:07","guid":{"rendered":"https:\/\/justicapotiguar.com.br\/?p=1465"},"modified":"2019-08-28T08:38:05","modified_gmt":"2019-08-28T11:38:05","slug":"mp-apura-denuncia-sobre-professores-sem-formacao-atuando-em-escolas-do-rn","status":"publish","type":"post","link":"https:\/\/justicapotiguar.com.br\/index.php\/2019\/08\/27\/mp-apura-denuncia-sobre-professores-sem-formacao-atuando-em-escolas-do-rn\/","title":{"rendered":"MP apura den\u00fancia sobre professores sem forma\u00e7\u00e3o atuando em escolas do RN"},"content":{"rendered":"\n<figure class=\"wp-block-image is-resized\"><img loading=\"lazy\" src=\"https:\/\/justicapotiguar.com.br\/wp-content\/uploads\/2019\/08\/escola.jpeg\" alt=\"\" class=\"wp-image-1466\" width=\"527\" height=\"257\" srcset=\"https:\/\/justicapotiguar.com.br\/wp-content\/uploads\/2019\/08\/escola.jpeg 322w, https:\/\/justicapotiguar.com.br\/wp-content\/uploads\/2019\/08\/escola-300x146.jpeg 300w\" sizes=\"(max-width: 527px) 100vw, 527px\" \/><figcaption>Foto: Reprodu\u00e7\u00e3o<\/figcaption><\/figure>\n\n\n\n<p>A Lei de Diretrizes e Bases da Educa\u00e7\u00e3o Nacional e o Conselho Nacional de Educa\u00e7\u00e3o definem a forma\u00e7\u00e3o m\u00ednima que os professores devem possuir para lecionar na educa\u00e7\u00e3o b\u00e1sica e nos cinco primeiros anos do ensino fundamental. Como forma de garantir o cumprimento dessas determina\u00e7\u00f5es e levando em considera\u00e7\u00e3o relatos de que professores sem a devida qualifica\u00e7\u00e3o estariam lecionando na rede municipal de Campo Grande, a Promotoria de Justi\u00e7a do munic\u00edpio expediu nesta ter\u00e7a-feira (27) recomenda\u00e7\u00e3o \u00e0 Secretaria Municipal de Educa\u00e7\u00e3o.<\/p>\n\n\n\n<p>&nbsp;No documento, a representante do Minist\u00e9rio P\u00fablico do Rio Grande do Norte (MPRN) esclarece que \u201cpara lecionar na educa\u00e7\u00e3o infantil e nos cinco primeiros anos da educa\u00e7\u00e3o fundamental (1\u00ba ao 5\u00ba ano) \u00e9 poss\u00edvel a habilita\u00e7\u00e3o de tr\u00eas formas diferentes: a) curso normal de n\u00edvel m\u00e9dio; ou b) curso normal de n\u00edvel superior; ou c) pedagogia. E, para o magist\u00e9rio dos anos finais do ensino fundamental e do ensino m\u00e9dio, os professores devem ser habilitados em cursos de licenciatura plena e em programa especial deforma\u00e7\u00e3o pedag\u00f3gica, devendo lecionar nas suas \u00e1reas espec\u00edficas de forma\u00e7\u00e3o\u201d. No entanto, as informa\u00e7\u00f5es levantadas pela Promotoria de Justi\u00e7a apontam que existem professores com forma\u00e7\u00e3o em pedagogia lecionando aula de portugu\u00eas no munic\u00edpio. <\/p><div class=\"ssolv69ef334f00cde\" ><!--<a href=\"https:\/\/bit.ly\/3QdrqTZ\" target=\"_blank\">\n<img src=\"https:\/\/justicapotiguar.com.br\/wp-content\/uploads\/2023\/09\/mobile-geral.gif\"\/><a\/>--><\/div><style type=\"text\/css\">\r\n.ssolv69ef334f00cde {\r\ntext-align: center;\r\n}\r\n@media screen and (min-width: 1201px) {\r\n.ssolv69ef334f00cde {\r\ndisplay: none;\r\n}\r\n}\r\n@media screen and (min-width: 993px) and (max-width: 1200px) {\r\n.ssolv69ef334f00cde {\r\ndisplay: none;\r\n}\r\n}\r\n@media screen and (min-width: 769px) and (max-width: 992px) {\r\n.ssolv69ef334f00cde {\r\ndisplay: none;\r\n}\r\n}\r\n@media screen and (min-width: 768px) and (max-width: 768px) {\r\n.ssolv69ef334f00cde {\r\ndisplay: block;\r\n}\r\n}\r\n@media screen and (max-width: 767px) {\r\n.ssolv69ef334f00cde {\r\ndisplay: block;\r\n}\r\n}\r\n<\/style>\r\n<div class=\"vapih69ef334f00cc4\" ><!--<a href=\"https:\/\/bit.ly\/3QdrqTZ\" target=\"_blank\">\n<img src=\"https:\/\/justicapotiguar.com.br\/wp-content\/uploads\/2023\/09\/desktop-geral.gif\"\/><a\/>--><\/div><style type=\"text\/css\">\r\n.vapih69ef334f00cc4 {\r\ntext-align: center;\nmargin-bottom: 1em;\r\n}\r\n@media screen and (min-width: 1201px) {\r\n.vapih69ef334f00cc4 {\r\ndisplay: block;\r\n}\r\n}\r\n@media screen and (min-width: 993px) and (max-width: 1200px) {\r\n.vapih69ef334f00cc4 {\r\ndisplay: block;\r\n}\r\n}\r\n@media screen and (min-width: 769px) and (max-width: 992px) {\r\n.vapih69ef334f00cc4 {\r\ndisplay: block;\r\n}\r\n}\r\n@media screen and (min-width: 768px) and (max-width: 768px) {\r\n.vapih69ef334f00cc4 {\r\ndisplay: none;\r\n}\r\n}\r\n@media screen and (max-width: 767px) {\r\n.vapih69ef334f00cc4 {\r\ndisplay: none;\r\n}\r\n}\r\n<\/style>\r\n\n\n\n\n<p>Al\u00e9m disso, a pr\u00f3pria Secretaria Municipal de Educa\u00e7\u00e3o relatou que h\u00e1 docentes lecionando mat\u00e9rias que n\u00e3o possuem a forma\u00e7\u00e3o m\u00ednima\/adequada exigida para lecionar na Educa\u00e7\u00e3o B\u00e1sica, como, por exemplo, professora com licenciatura em letras \u2013 l\u00edngua inglesa, lecionando aulas de portugu\u00eas.&nbsp;<\/p>\n\n\n\n<p>Dessa forma, a Promotoria de Justi\u00e7a recomendou \u00e0 Secretaria Municipal de Educa\u00e7\u00e3o de Campo Grande que, no momento da distribui\u00e7\u00e3o da carga hor\u00e1ria do magist\u00e9rio, respeite a qualifica\u00e7\u00e3o m\u00ednima exigida para lecionar na educa\u00e7\u00e3o b\u00e1sica (curso normal de n\u00edvel m\u00e9dio, ou curso normal de n\u00edvel superior, ou pedagogia, para os professores da educa\u00e7\u00e3o infantil e nos cinco primeiros anos do ensino fundamental) e nos anos finais do ensino fundamental e ensino m\u00e9dio (cursos de licenciatura plena e em programa especial de forma\u00e7\u00e3o pedag\u00f3gica).<\/p>\n","protected":false},"excerpt":{"rendered":"<p>Secretaria Municipal de Educa\u00e7\u00e3o relatou que h\u00e1 docentes lecionando mat\u00e9rias que n\u00e3o possuem a forma\u00e7\u00e3o m\u00ednima\/adequada exigida <br \/><a class=\"more-link\" href=\"https:\/\/justicapotiguar.com.br\/index.php\/2019\/08\/27\/mp-apura-denuncia-sobre-professores-sem-formacao-atuando-em-escolas-do-rn\/\">Mais&#8230;<\/a><\/p>\n","protected":false},"author":5,"featured_media":1466,"comment_status":"open","ping_status":"open","sticky":false,"template":"","format":"standard","meta":[],"categories":[3],"tags":[],"_links":{"self":[{"href":"https:\/\/justicapotiguar.com.br\/index.php\/wp-json\/wp\/v2\/posts\/1465"}],"collection":[{"href":"https:\/\/justicapotiguar.com.br\/index.php\/wp-json\/wp\/v2\/posts"}],"about":[{"href":"https:\/\/justicapotiguar.com.br\/index.php\/wp-json\/wp\/v2\/types\/post"}],"author":[{"embeddable":true,"href":"https:\/\/justicapotiguar.com.br\/index.php\/wp-json\/wp\/v2\/users\/5"}],"replies":[{"embeddable":true,"href":"https:\/\/justicapotiguar.com.br\/index.php\/wp-json\/wp\/v2\/comments?post=1465"}],"version-history":[{"count":2,"href":"https:\/\/justicapotiguar.com.br\/index.php\/wp-json\/wp\/v2\/posts\/1465\/revisions"}],"predecessor-version":[{"id":1493,"href":"https:\/\/justicapotiguar.com.br\/index.php\/wp-json\/wp\/v2\/posts\/1465\/revisions\/1493"}],"wp:featuredmedia":[{"embeddable":true,"href":"https:\/\/justicapotiguar.com.br\/index.php\/wp-json\/wp\/v2\/media\/1466"}],"wp:attachment":[{"href":"https:\/\/justicapotiguar.com.br\/index.php\/wp-json\/wp\/v2\/media?parent=1465"}],"wp:term":[{"taxonomy":"category","embeddable":true,"href":"https:\/\/justicapotiguar.com.br\/index.php\/wp-json\/wp\/v2\/categories?post=1465"},{"taxonomy":"post_tag","embeddable":true,"href":"https:\/\/justicapotiguar.com.br\/index.php\/wp-json\/wp\/v2\/tags?post=1465"}],"curies":[{"name":"wp","href":"https:\/\/api.w.org\/{rel}","templated":true}]}}