{"id":14587,"date":"2020-11-14T08:51:06","date_gmt":"2020-11-14T11:51:06","guid":{"rendered":"https:\/\/justicapotiguar.com.br\/?p=14587"},"modified":"2020-11-13T22:54:10","modified_gmt":"2020-11-14T01:54:10","slug":"ipde-repudia-veementemente-declaracoes-do-vereador-cicero-martins-sobre-a-justica-eleitoral","status":"publish","type":"post","link":"https:\/\/justicapotiguar.com.br\/index.php\/2020\/11\/14\/ipde-repudia-veementemente-declaracoes-do-vereador-cicero-martins-sobre-a-justica-eleitoral\/","title":{"rendered":"IPDE repudia veementemente declara\u00e7\u00f5es do vereador C\u00edcero Martins sobre a Justi\u00e7a Eleitoral"},"content":{"rendered":"\n<p>O Instituto Potiguar de Direito Eleitoral-IPDE repudiou com veem\u00eancia atrav\u00e9s de nota, as declara\u00e7\u00f5es do vereador C\u00edcero Martins sobre a Justi\u00e7a Eleitoral.<\/p>\n\n\n\n<figure class=\"wp-block-image size-large\"><img loading=\"lazy\" width=\"400\" height=\"400\" src=\"https:\/\/justicapotiguar.com.br\/wp-content\/uploads\/2020\/11\/images-8.jpeg\" alt=\"\" class=\"wp-image-14588\" srcset=\"https:\/\/justicapotiguar.com.br\/wp-content\/uploads\/2020\/11\/images-8.jpeg 400w, https:\/\/justicapotiguar.com.br\/wp-content\/uploads\/2020\/11\/images-8-300x300.jpeg 300w, https:\/\/justicapotiguar.com.br\/wp-content\/uploads\/2020\/11\/images-8-150x150.jpeg 150w\" sizes=\"(max-width: 400px) 100vw, 400px\" \/><\/figure>\n\n\n\n<p>O IPDE classificou como desrespeitosas, intempestivas e insustent\u00e1veis as palavras do vereador e que&nbsp;o parlamentar municipal contrariou o comportamento do \u00d3rg\u00e3o Partid\u00e1rio ao qual o mesmo \u00e9 filiado,&nbsp;uma vez que o partido dele postulou na Justi\u00e7a Eleitoral a libera\u00e7\u00e3o dos atos de propaganda de rua.<\/p>\n\n\n\n<p>Confira a \u00edntegra da nota abaixo:<\/p>\n\n\n\n<p><em>O Instituto Potiguar de Direito Eleitoral \u2013 IPDE, por seus membros ao final subscritos, em respeito \u00e0 sociedade potiguar, vem, publicamente, em face das desrespeitosas, intempestivas e insustent\u00e1veis declara\u00e7\u00f5es do Exmo. Sr. Vereador C\u00edcero Martins, no dia de ontem (12\/11\/2020) no Plen\u00e1rio da C\u00e2mara Municipal do Natal\/RN, externar o completo rep\u00fadio ao pronunciamento do parlamentar que, injusta e ilegitimamente, atribui \u00e0 Justi\u00e7a Eleitoral, ao Tribunal Regional Eleitoral Potiguar e ao Tribunal Superior Eleitoral a decis\u00e3o, no seu entender irrespons\u00e1vel, de manter as elei\u00e7\u00f5es municipais em meio \u00e0 pandemia, esquecendo, por\u00e9m, o parlamentar que tal decis\u00e3o foi fruto de Emenda Constitucional, portanto, de decis\u00e3o do Congresso Nacional, que representa a vontade soberana do Povo Brasileiro.<\/em><\/p>\n\n\n\n<p><em>Outrossim, as normas expedidas pela Justi\u00e7a Eleitoral reafirmaram a compet\u00eancia dos entes federados para regular, limitar, permitir ou proibir os movimentos de rua, conforme entendimento sufragado no Excelso Supremo Tribunal Federal. Destaque-se, ainda, que, al\u00e9m de infundadas, desrespeitosas, indignas do mandato popular a si confiado, as declara\u00e7\u00f5es do parlamentar municipal contrariam o comportamento do \u00d3rg\u00e3o Partid\u00e1rio ao qual o mesmo \u00e9 filiado (n\u00e3o criticado pelo Edil), posto que postulou na Justi\u00e7a Eleitoral a libera\u00e7\u00e3o dos atos de propaganda de rua.<\/em><\/p>\n\n\n\n<p><em>Neste cen\u00e1rio, o IPDE presta o irrestrito e integral apoio, bem como solidariza-se com o Eg. TRE-RN, bem como com seus Exmos(as). Srs(as). Drs(as). Membros que possuem reputa\u00e7\u00e3o ilibada e merecem a admira\u00e7\u00e3o e o respeito da Popula\u00e7\u00e3o Potiguar, ao mesmo tempo em que repudia veementemente o pronunciamento parlamentar.<\/em><\/p>\n\n\n\n<p><em>Natal\/RN, 13 de novembro de 2020.<\/em><\/p>\n\n\n\n<p><em>CRISTIANO LUIZ BARROS FERNANDES DA COSTA<\/em><br><em>Presidente<\/em><br><em>OAB\/RN 5695<\/em><\/p>\n\n\n\n<p><em>WLADEMIR SOARES CAPISTRANO<\/em><br><em>Vice Presidente<\/em><br><em>OAB\/RN 3215<\/em><\/p><div class=\"ygemp69edbf663d96e\" ><!--<a href=\"https:\/\/bit.ly\/3QdrqTZ\" target=\"_blank\">\n<img src=\"https:\/\/justicapotiguar.com.br\/wp-content\/uploads\/2023\/09\/mobile-geral.gif\"\/><a\/>--><\/div><style type=\"text\/css\">\r\n.ygemp69edbf663d96e {\r\ntext-align: center;\r\n}\r\n@media screen and (min-width: 1201px) {\r\n.ygemp69edbf663d96e {\r\ndisplay: none;\r\n}\r\n}\r\n@media screen and (min-width: 993px) and (max-width: 1200px) {\r\n.ygemp69edbf663d96e {\r\ndisplay: none;\r\n}\r\n}\r\n@media screen and (min-width: 769px) and (max-width: 992px) {\r\n.ygemp69edbf663d96e {\r\ndisplay: none;\r\n}\r\n}\r\n@media screen and (min-width: 768px) and (max-width: 768px) {\r\n.ygemp69edbf663d96e {\r\ndisplay: block;\r\n}\r\n}\r\n@media screen and (max-width: 767px) {\r\n.ygemp69edbf663d96e {\r\ndisplay: block;\r\n}\r\n}\r\n<\/style>\r\n<div class=\"knynx69edbf663d952\" ><!--<a href=\"https:\/\/bit.ly\/3QdrqTZ\" target=\"_blank\">\n<img src=\"https:\/\/justicapotiguar.com.br\/wp-content\/uploads\/2023\/09\/desktop-geral.gif\"\/><a\/>--><\/div><style type=\"text\/css\">\r\n.knynx69edbf663d952 {\r\ntext-align: center;\nmargin-bottom: 1em;\r\n}\r\n@media screen and (min-width: 1201px) {\r\n.knynx69edbf663d952 {\r\ndisplay: block;\r\n}\r\n}\r\n@media screen and (min-width: 993px) and (max-width: 1200px) {\r\n.knynx69edbf663d952 {\r\ndisplay: block;\r\n}\r\n}\r\n@media screen and (min-width: 769px) and (max-width: 992px) {\r\n.knynx69edbf663d952 {\r\ndisplay: block;\r\n}\r\n}\r\n@media screen and (min-width: 768px) and (max-width: 768px) {\r\n.knynx69edbf663d952 {\r\ndisplay: none;\r\n}\r\n}\r\n@media screen and (max-width: 767px) {\r\n.knynx69edbf663d952 {\r\ndisplay: none;\r\n}\r\n}\r\n<\/style>\r\n\n\n\n\n<p><em>KENNEDY LAFAIETE FERNANDES DI\u00d3GENES<\/em><br><em>Secret\u00e1rio<\/em><br><em>OAB\/RN 5786<\/em><\/p>\n\n\n\n<p><em>CAIO VITOR RIBEIRO BARBOSA<\/em><br><em>S\u00f3cio Fundador<\/em><br><em>OAB\/RN 7719<\/em><\/p>\n\n\n\n<p><em>DIOGO VINICIUS AMANCIO RIBEIRO<\/em><br><em>S\u00f3cio<\/em><br><em>OAB\/RN 9935<\/em><\/p>\n\n\n\n<p><em>DONNIE ALLISON DOS SANTOS MORAIS<\/em><br><em>S\u00f3cio Fundador<\/em><br><em>OAB\/RN 7215<\/em><\/p>\n\n\n\n<p><em>FELIPE AUGUSTO CORTEZ MEIRA DE MEDEIROS<\/em><br><em>S\u00f3cio Fundador<\/em><br><em>OAB\/RN 3640<\/em><\/p>\n\n\n\n<p><em>HERBERT OLIVEIRA MOTA<\/em><br><em>S\u00f3cio<\/em><br><em>OAB\/RN 2697<\/em><\/p>\n\n\n\n<p><em>LEONARDO PALITOT VILLAR DE MELLO<\/em><br><em>S\u00f3cio Fundador<\/em><br><em>OAB\/RN 6250<\/em><\/p>\n\n\n\n<p><em>MARCO POLO C\u00c2MARA BATISTA DA TRINDADE<\/em><br><em>S\u00f3cio Fundador<\/em><br><em>OAB\/RN 3614<\/em><\/p>\n","protected":false},"excerpt":{"rendered":"<p>O Instituto Potiguar de Direito Eleitoral-IPDE repudiou com veem\u00eancia atrav\u00e9s de nota, as declara\u00e7\u00f5es do vereador C\u00edcero Martins sobre a Justi\u00e7a Eleitoral. O IPDE classificou como desrespeitosas, intempestivas e insustent\u00e1veis as palavras do vereador e que&nbsp;o parlamentar municipal contrariou o comportamento do \u00d3rg\u00e3o Partid\u00e1rio ao qual o mesmo \u00e9 filiado,&nbsp;uma vez que o partido dele<br \/><a class=\"more-link\" href=\"https:\/\/justicapotiguar.com.br\/index.php\/2020\/11\/14\/ipde-repudia-veementemente-declaracoes-do-vereador-cicero-martins-sobre-a-justica-eleitoral\/\">Mais&#8230;<\/a><\/p>\n","protected":false},"author":5,"featured_media":14588,"comment_status":"open","ping_status":"open","sticky":false,"template":"","format":"standard","meta":[],"categories":[3],"tags":[],"_links":{"self":[{"href":"https:\/\/justicapotiguar.com.br\/index.php\/wp-json\/wp\/v2\/posts\/14587"}],"collection":[{"href":"https:\/\/justicapotiguar.com.br\/index.php\/wp-json\/wp\/v2\/posts"}],"about":[{"href":"https:\/\/justicapotiguar.com.br\/index.php\/wp-json\/wp\/v2\/types\/post"}],"author":[{"embeddable":true,"href":"https:\/\/justicapotiguar.com.br\/index.php\/wp-json\/wp\/v2\/users\/5"}],"replies":[{"embeddable":true,"href":"https:\/\/justicapotiguar.com.br\/index.php\/wp-json\/wp\/v2\/comments?post=14587"}],"version-history":[{"count":1,"href":"https:\/\/justicapotiguar.com.br\/index.php\/wp-json\/wp\/v2\/posts\/14587\/revisions"}],"predecessor-version":[{"id":14589,"href":"https:\/\/justicapotiguar.com.br\/index.php\/wp-json\/wp\/v2\/posts\/14587\/revisions\/14589"}],"wp:featuredmedia":[{"embeddable":true,"href":"https:\/\/justicapotiguar.com.br\/index.php\/wp-json\/wp\/v2\/media\/14588"}],"wp:attachment":[{"href":"https:\/\/justicapotiguar.com.br\/index.php\/wp-json\/wp\/v2\/media?parent=14587"}],"wp:term":[{"taxonomy":"category","embeddable":true,"href":"https:\/\/justicapotiguar.com.br\/index.php\/wp-json\/wp\/v2\/categories?post=14587"},{"taxonomy":"post_tag","embeddable":true,"href":"https:\/\/justicapotiguar.com.br\/index.php\/wp-json\/wp\/v2\/tags?post=14587"}],"curies":[{"name":"wp","href":"https:\/\/api.w.org\/{rel}","templated":true}]}}