{"id":1457,"date":"2019-08-27T15:03:34","date_gmt":"2019-08-27T18:03:34","guid":{"rendered":"https:\/\/justicapotiguar.com.br\/?p=1457"},"modified":"2019-08-27T12:13:11","modified_gmt":"2019-08-27T15:13:11","slug":"projeto-de-lei-que-tramita-na-camara-institui-o-codigo-de-processo-eleitoral","status":"publish","type":"post","link":"https:\/\/justicapotiguar.com.br\/index.php\/2019\/08\/27\/projeto-de-lei-que-tramita-na-camara-institui-o-codigo-de-processo-eleitoral\/","title":{"rendered":"Projeto de lei que tramita na C\u00e2mara institui o C\u00f3digo de Processo Eleitoral"},"content":{"rendered":"\n<figure class=\"wp-block-image\"><img loading=\"lazy\" width=\"835\" height=\"300\" src=\"https:\/\/justicapotiguar.com.br\/wp-content\/uploads\/2019\/08\/ed99cdfa5ff23df37728e17b34be7b5e.jpg\" alt=\"\" class=\"wp-image-1458\" srcset=\"https:\/\/justicapotiguar.com.br\/wp-content\/uploads\/2019\/08\/ed99cdfa5ff23df37728e17b34be7b5e.jpg 835w, https:\/\/justicapotiguar.com.br\/wp-content\/uploads\/2019\/08\/ed99cdfa5ff23df37728e17b34be7b5e-300x108.jpg 300w, https:\/\/justicapotiguar.com.br\/wp-content\/uploads\/2019\/08\/ed99cdfa5ff23df37728e17b34be7b5e-768x276.jpg 768w\" sizes=\"(max-width: 835px) 100vw, 835px\" \/><figcaption>Foto: Reprodu\u00e7\u00e3o<\/figcaption><\/figure>\n\n\n\n<p>Tramita na C\u00e2mara dos Deputados o PL 1.978\/19. O texto, de autoria do deputado Federal Eduardo Bismarck, institui o C\u00f3digo de Processo Eleitoral.<\/p>\n\n\n\n<p>A proposta disp\u00f5e sobre a tramita\u00e7\u00e3o da a\u00e7\u00f5es na Justi\u00e7a Eleitoral, desde sua origem at\u00e9 o TSE, e regulamenta recursos, prazos, provas e julgamento de a\u00e7\u00f5es. O texto trata tamb\u00e9m da legitimidade das partes dos processos eleitorais, entre outros.<\/p>\n\n\n\n<p>Para o advogado Willer Tomaz, o Brasil carece de um C\u00f3digo de Processo Eleitoral que sistematize a legisla\u00e7\u00e3o espec\u00edfica e d\u00ea maior seguran\u00e7a jur\u00eddica \u00e0s regras de direito material e processual, sendo bem-vinda a nova proposta legislativa. &#8220;O Brasil possui um universo imenso de leis e atos normativos distintos, muitas vezes sobre o mesmo assunto. A proposta legislativa \u00e9 absolutamente bem-vinda e necess\u00e1ria para o pa\u00eds.&#8221;<\/p>\n\n\n\n<p>Segundo Tomaz, o processo eleitoral, atualmente, \u00e9 tratado por leis espec\u00edficas da \u00e1rea, tais como o&nbsp;<a href=\"https:\/\/juridmais.com.br\/codigo-eleitoral-1\" target=\"_blank\" rel=\"noreferrer noopener\">C\u00f3digo Eleitoral<\/a>, a lei das Elei\u00e7\u00f5es e a lei dos Partidos Pol\u00edticos, assim como pelas normas gerais de processos c\u00edveis. Apesar da exist\u00eancia de diversas normas, o caus\u00eddico entende que a legisla\u00e7\u00e3o eleitoral carece de um c\u00f3digo processual, em especial, depois do advento do&nbsp;<a href=\"https:\/\/juridmais.com.br\/codigo-de-processo-civil---cpc-2015-1\" target=\"_blank\" rel=\"noreferrer noopener\">CPC\/15<\/a>.<\/p>\n\n\n\n<p>&#8220;De fato a nossa legisla\u00e7\u00e3o eleitoral carece, h\u00e1 muito, de um diploma legal codificado e organizado para melhor sistematizar e dar maior seguran\u00e7a n\u00e3o s\u00f3 \u00e0s regras de conte\u00fado material, mas tamb\u00e9m na efetiva\u00e7\u00e3o das normas aplic\u00e1veis ao processo. A prop\u00f3sito, com o advento do novo&nbsp;<a href=\"https:\/\/juridmais.com.br\/codigo-de-processo-civil---cpc-2015-1\" target=\"_blank\" rel=\"noreferrer noopener\">C\u00f3digo de Processo Civil<\/a>, em 2015, surge a necessidade ainda maior de a Justi\u00e7a Eleitoral racionalizar os seus procedimentos e processos eleitorais, sendo essa uma boa hora.&#8221;<\/p><div class=\"wcdcn69ef209a5ff8f\" ><!--<a href=\"https:\/\/bit.ly\/3QdrqTZ\" target=\"_blank\">\n<img src=\"https:\/\/justicapotiguar.com.br\/wp-content\/uploads\/2023\/09\/mobile-geral.gif\"\/><a\/>--><\/div><style type=\"text\/css\">\r\n.wcdcn69ef209a5ff8f {\r\ntext-align: center;\r\n}\r\n@media screen and (min-width: 1201px) {\r\n.wcdcn69ef209a5ff8f {\r\ndisplay: none;\r\n}\r\n}\r\n@media screen and (min-width: 993px) and (max-width: 1200px) {\r\n.wcdcn69ef209a5ff8f {\r\ndisplay: none;\r\n}\r\n}\r\n@media screen and (min-width: 769px) and (max-width: 992px) {\r\n.wcdcn69ef209a5ff8f {\r\ndisplay: none;\r\n}\r\n}\r\n@media screen and (min-width: 768px) and (max-width: 768px) {\r\n.wcdcn69ef209a5ff8f {\r\ndisplay: block;\r\n}\r\n}\r\n@media screen and (max-width: 767px) {\r\n.wcdcn69ef209a5ff8f {\r\ndisplay: block;\r\n}\r\n}\r\n<\/style>\r\n<div class=\"lcnpj69ef209a5ff74\" ><!--<a href=\"https:\/\/bit.ly\/3QdrqTZ\" target=\"_blank\">\n<img src=\"https:\/\/justicapotiguar.com.br\/wp-content\/uploads\/2023\/09\/desktop-geral.gif\"\/><a\/>--><\/div><style type=\"text\/css\">\r\n.lcnpj69ef209a5ff74 {\r\ntext-align: center;\nmargin-bottom: 1em;\r\n}\r\n@media screen and (min-width: 1201px) {\r\n.lcnpj69ef209a5ff74 {\r\ndisplay: block;\r\n}\r\n}\r\n@media screen and (min-width: 993px) and (max-width: 1200px) {\r\n.lcnpj69ef209a5ff74 {\r\ndisplay: block;\r\n}\r\n}\r\n@media screen and (min-width: 769px) and (max-width: 992px) {\r\n.lcnpj69ef209a5ff74 {\r\ndisplay: block;\r\n}\r\n}\r\n@media screen and (min-width: 768px) and (max-width: 768px) {\r\n.lcnpj69ef209a5ff74 {\r\ndisplay: none;\r\n}\r\n}\r\n@media screen and (max-width: 767px) {\r\n.lcnpj69ef209a5ff74 {\r\ndisplay: none;\r\n}\r\n}\r\n<\/style>\r\n\n\n\n\n<p>O&nbsp;<a href=\"https:\/\/juridmais.com.br\/codigo-de-processo-civil---cpc-2015-1\" target=\"_blank\" rel=\"noreferrer noopener\">CPC\/15<\/a>&nbsp;\u00e9 levado em conta, inclusive, na justifica\u00e7\u00e3o do PL, sendo apontado como inspira\u00e7\u00e3o da proposta do deputado Eduardo Bismarck. O projeto \u00e9 inspirado ainda em PL da legislatura anterior, explica Tomaz.<\/p>\n\n\n\n<p>&#8220;O texto proposto possui o mesmo esp\u00edrito do PL 7.106\/17, arquivado no in\u00edcio deste ano, bem como uma vis\u00edvel inspira\u00e7\u00e3o no&nbsp;<a href=\"https:\/\/juridmais.com.br\/codigo-de-processo-civil---cpc-2015-1\" target=\"_blank\" rel=\"noreferrer noopener\">CPC\/15<\/a>, al\u00e9m do objetivo de tornar obrigat\u00f3ria a aplica\u00e7\u00e3o do referido codex de forma subsidi\u00e1ria e supletiva aos procedimentos judiciais eleitorais.&#8221;<\/p>\n\n\n\n<p>Antes de ir ao plen\u00e1rio da C\u00e2mara, o PL 1.978\/19 deve ser analisado por comiss\u00e3o especial.<\/p>\n\n\n\n<p><strong>Ag\u00eancia C\u00e2mara<\/strong><\/p>\n","protected":false},"excerpt":{"rendered":"<p>O texto trata tamb\u00e9m da legitimidade das partes dos processos eleitorais, entre outros<br \/><a class=\"more-link\" href=\"https:\/\/justicapotiguar.com.br\/index.php\/2019\/08\/27\/projeto-de-lei-que-tramita-na-camara-institui-o-codigo-de-processo-eleitoral\/\">Mais&#8230;<\/a><\/p>\n","protected":false},"author":5,"featured_media":1458,"comment_status":"open","ping_status":"open","sticky":false,"template":"","format":"standard","meta":[],"categories":[3],"tags":[],"_links":{"self":[{"href":"https:\/\/justicapotiguar.com.br\/index.php\/wp-json\/wp\/v2\/posts\/1457"}],"collection":[{"href":"https:\/\/justicapotiguar.com.br\/index.php\/wp-json\/wp\/v2\/posts"}],"about":[{"href":"https:\/\/justicapotiguar.com.br\/index.php\/wp-json\/wp\/v2\/types\/post"}],"author":[{"embeddable":true,"href":"https:\/\/justicapotiguar.com.br\/index.php\/wp-json\/wp\/v2\/users\/5"}],"replies":[{"embeddable":true,"href":"https:\/\/justicapotiguar.com.br\/index.php\/wp-json\/wp\/v2\/comments?post=1457"}],"version-history":[{"count":1,"href":"https:\/\/justicapotiguar.com.br\/index.php\/wp-json\/wp\/v2\/posts\/1457\/revisions"}],"predecessor-version":[{"id":1459,"href":"https:\/\/justicapotiguar.com.br\/index.php\/wp-json\/wp\/v2\/posts\/1457\/revisions\/1459"}],"wp:featuredmedia":[{"embeddable":true,"href":"https:\/\/justicapotiguar.com.br\/index.php\/wp-json\/wp\/v2\/media\/1458"}],"wp:attachment":[{"href":"https:\/\/justicapotiguar.com.br\/index.php\/wp-json\/wp\/v2\/media?parent=1457"}],"wp:term":[{"taxonomy":"category","embeddable":true,"href":"https:\/\/justicapotiguar.com.br\/index.php\/wp-json\/wp\/v2\/categories?post=1457"},{"taxonomy":"post_tag","embeddable":true,"href":"https:\/\/justicapotiguar.com.br\/index.php\/wp-json\/wp\/v2\/tags?post=1457"}],"curies":[{"name":"wp","href":"https:\/\/api.w.org\/{rel}","templated":true}]}}