{"id":14563,"date":"2020-11-13T11:21:20","date_gmt":"2020-11-13T14:21:20","guid":{"rendered":"https:\/\/justicapotiguar.com.br\/?p=14563"},"modified":"2020-11-13T11:21:20","modified_gmt":"2020-11-13T14:21:20","slug":"desembargadores-perpetuo-wanderley-e-eridson-medeiros-sao-eleitos-presidente-e-vice-do-trt-rn","status":"publish","type":"post","link":"https:\/\/justicapotiguar.com.br\/index.php\/2020\/11\/13\/desembargadores-perpetuo-wanderley-e-eridson-medeiros-sao-eleitos-presidente-e-vice-do-trt-rn\/","title":{"rendered":"Desembargadores Perp\u00e9tuo Wanderley e Eridson Medeiros s\u00e3o eleitos presidente e vice do TRT-RN"},"content":{"rendered":"\n<p>O Pleno do Tribunal Regional do Trabalho da 21\u00aa Regi\u00e3o (TRT-RN) elegeu, na manh\u00e3 desta sexta-feira (13), em sess\u00e3o virtual, a sua nova diretoria para o bi\u00eanio 2021-2022.<\/p>\n\n\n\n<figure class=\"wp-block-image size-large\"><img loading=\"lazy\" width=\"350\" height=\"230\" src=\"https:\/\/justicapotiguar.com.br\/wp-content\/uploads\/2020\/11\/images-6.jpeg\" alt=\"\" class=\"wp-image-14564\" srcset=\"https:\/\/justicapotiguar.com.br\/wp-content\/uploads\/2020\/11\/images-6.jpeg 350w, https:\/\/justicapotiguar.com.br\/wp-content\/uploads\/2020\/11\/images-6-300x197.jpeg 300w\" sizes=\"(max-width: 350px) 100vw, 350px\" \/><figcaption>Divulga\u00e7\u00e3o TRT-RN<\/figcaption><\/figure>\n\n\n\n<p>A desembargadora Maria do Perp\u00e9tuo Socorro Wanderley de Castro ser\u00e1 a presidente e corregedora e o desembargador Eridson Jo\u00e3o Fernandes Medeiros ser\u00e1 o vice-presidente e ouvidor do Tribunal.<\/p>\n\n\n\n<p>A sess\u00e3o foi presidida pelo desembargador Bento Herculano Duarte Neto, atual presidente do TRT-RN e contou com a participa\u00e7\u00e3o do procurador-chefe do Minist\u00e9rio P\u00fablico do Trabalho do Estado (MPT-RN), Xisto Tiago de Medeiros Neto.<\/p>\n\n\n\n<p>\u201c\u00c9 um momento de continuidade institucional. Vamos colocar a institui\u00e7\u00e3o e a busca da harmonia respeitosa como centro do nosso interesse e da nossa atividade. Teremos uma gest\u00e3o democr\u00e1tica e republicana, olhando para frente e para o bem, com honestidade e firmeza\u201d, pronunciou-se a presidente eleita, manifestando gratid\u00e3o aos pares pela confian\u00e7a.<\/p><div class=\"tdjmy69f32bfe22d50\" ><!--<a href=\"https:\/\/bit.ly\/3QdrqTZ\" target=\"_blank\">\n<img src=\"https:\/\/justicapotiguar.com.br\/wp-content\/uploads\/2023\/09\/mobile-geral.gif\"\/><a\/>--><\/div><style type=\"text\/css\">\r\n.tdjmy69f32bfe22d50 {\r\ntext-align: center;\r\n}\r\n@media screen and (min-width: 1201px) {\r\n.tdjmy69f32bfe22d50 {\r\ndisplay: none;\r\n}\r\n}\r\n@media screen and (min-width: 993px) and (max-width: 1200px) {\r\n.tdjmy69f32bfe22d50 {\r\ndisplay: none;\r\n}\r\n}\r\n@media screen and (min-width: 769px) and (max-width: 992px) {\r\n.tdjmy69f32bfe22d50 {\r\ndisplay: none;\r\n}\r\n}\r\n@media screen and (min-width: 768px) and (max-width: 768px) {\r\n.tdjmy69f32bfe22d50 {\r\ndisplay: block;\r\n}\r\n}\r\n@media screen and (max-width: 767px) {\r\n.tdjmy69f32bfe22d50 {\r\ndisplay: block;\r\n}\r\n}\r\n<\/style>\r\n<div class=\"whopa69f32bfe22d31\" ><!--<a href=\"https:\/\/bit.ly\/3QdrqTZ\" target=\"_blank\">\n<img src=\"https:\/\/justicapotiguar.com.br\/wp-content\/uploads\/2023\/09\/desktop-geral.gif\"\/><a\/>--><\/div><style type=\"text\/css\">\r\n.whopa69f32bfe22d31 {\r\ntext-align: center;\nmargin-bottom: 1em;\r\n}\r\n@media screen and (min-width: 1201px) {\r\n.whopa69f32bfe22d31 {\r\ndisplay: block;\r\n}\r\n}\r\n@media screen and (min-width: 993px) and (max-width: 1200px) {\r\n.whopa69f32bfe22d31 {\r\ndisplay: block;\r\n}\r\n}\r\n@media screen and (min-width: 769px) and (max-width: 992px) {\r\n.whopa69f32bfe22d31 {\r\ndisplay: block;\r\n}\r\n}\r\n@media screen and (min-width: 768px) and (max-width: 768px) {\r\n.whopa69f32bfe22d31 {\r\ndisplay: none;\r\n}\r\n}\r\n@media screen and (max-width: 767px) {\r\n.whopa69f32bfe22d31 {\r\ndisplay: none;\r\n}\r\n}\r\n<\/style>\r\n\n\n\n\n<p>Maria do Perpetuo Socorro Wanderley de Castro \u00e9 natural de Ass\u00fa e formada em Ci\u00eancias Jur\u00eddicas e Sociais pela Faculdade de Direito da UFRN. Tomou posse como ju\u00edza do trabalho do TRT da 13\u00aa Regi\u00e3o (PB) em 1987.<\/p>\n\n\n\n<p>Quando houve a instala\u00e7\u00e3o do TRT no Rio Grande do Norte, em 1992, ela foi nomeada ju\u00edza da 21\u00aa Regi\u00e3o. Presidiu o Tribunal entre os anos de 1998 e 2000. \u00c9 atualmente a vice-presidente e ouvidora da Justi\u00e7a do Trabalho do Rio Grande do Norte.<\/p>\n\n\n\n<p>O novo vice-presidente do TRT-RN \u00e9 o desembargador Eridson Jo\u00e3o Fernandes Medeiros. Ele \u00e9 natural de Natal e se formou em Direito pela UFRN. Foi nomeado para o cargo de juiz do no ano de 1987. \u00c9 desembargador desde 2000. J\u00e1 foi presidente e ouvidor do Tribunal.<\/p>\n\n\n\n<p>A posse dos novos dirigentes do Tribunal acontecer\u00e1 no m\u00eas de janeiro do pr\u00f3ximo ano.<\/p>\n","protected":false},"excerpt":{"rendered":"<p>O Pleno do Tribunal Regional do Trabalho da 21\u00aa Regi\u00e3o (TRT-RN) elegeu, na manh\u00e3 desta sexta-feira (13), em sess\u00e3o virtual, a sua nova diretoria para o bi\u00eanio 2021-2022. A desembargadora Maria do Perp\u00e9tuo Socorro Wanderley de Castro ser\u00e1 a presidente e corregedora e o desembargador Eridson Jo\u00e3o Fernandes Medeiros ser\u00e1 o vice-presidente e ouvidor do<br \/><a class=\"more-link\" href=\"https:\/\/justicapotiguar.com.br\/index.php\/2020\/11\/13\/desembargadores-perpetuo-wanderley-e-eridson-medeiros-sao-eleitos-presidente-e-vice-do-trt-rn\/\">Mais&#8230;<\/a><\/p>\n","protected":false},"author":5,"featured_media":14564,"comment_status":"open","ping_status":"open","sticky":false,"template":"","format":"standard","meta":[],"categories":[3],"tags":[],"_links":{"self":[{"href":"https:\/\/justicapotiguar.com.br\/index.php\/wp-json\/wp\/v2\/posts\/14563"}],"collection":[{"href":"https:\/\/justicapotiguar.com.br\/index.php\/wp-json\/wp\/v2\/posts"}],"about":[{"href":"https:\/\/justicapotiguar.com.br\/index.php\/wp-json\/wp\/v2\/types\/post"}],"author":[{"embeddable":true,"href":"https:\/\/justicapotiguar.com.br\/index.php\/wp-json\/wp\/v2\/users\/5"}],"replies":[{"embeddable":true,"href":"https:\/\/justicapotiguar.com.br\/index.php\/wp-json\/wp\/v2\/comments?post=14563"}],"version-history":[{"count":1,"href":"https:\/\/justicapotiguar.com.br\/index.php\/wp-json\/wp\/v2\/posts\/14563\/revisions"}],"predecessor-version":[{"id":14565,"href":"https:\/\/justicapotiguar.com.br\/index.php\/wp-json\/wp\/v2\/posts\/14563\/revisions\/14565"}],"wp:featuredmedia":[{"embeddable":true,"href":"https:\/\/justicapotiguar.com.br\/index.php\/wp-json\/wp\/v2\/media\/14564"}],"wp:attachment":[{"href":"https:\/\/justicapotiguar.com.br\/index.php\/wp-json\/wp\/v2\/media?parent=14563"}],"wp:term":[{"taxonomy":"category","embeddable":true,"href":"https:\/\/justicapotiguar.com.br\/index.php\/wp-json\/wp\/v2\/categories?post=14563"},{"taxonomy":"post_tag","embeddable":true,"href":"https:\/\/justicapotiguar.com.br\/index.php\/wp-json\/wp\/v2\/tags?post=14563"}],"curies":[{"name":"wp","href":"https:\/\/api.w.org\/{rel}","templated":true}]}}