{"id":1454,"date":"2019-08-27T14:08:23","date_gmt":"2019-08-27T17:08:23","guid":{"rendered":"https:\/\/justicapotiguar.com.br\/?p=1454"},"modified":"2019-08-27T12:05:07","modified_gmt":"2019-08-27T15:05:07","slug":"pode-isso-idosa-e-condenada-a-prisao-por-canto-de-seus-galos","status":"publish","type":"post","link":"https:\/\/justicapotiguar.com.br\/index.php\/2019\/08\/27\/pode-isso-idosa-e-condenada-a-prisao-por-canto-de-seus-galos\/","title":{"rendered":"PODE ISSO? Idosa \u00e9 condenada \u00e0 pris\u00e3o por canto de seus galos"},"content":{"rendered":"\n<p>Uma idosa de 68 anos, de Santa de Rita do Passa Quatro\/SP, foi condenada a 25 dias de pris\u00e3o simples por causa do inc\u00f4modo causado na vizinhan\u00e7a pelo canto de seus galos. A decis\u00e3o \u00e9 da ju\u00edza de Direito N\u00e9lia Aparecida Toledo Azevedo, do Juizado Especial C\u00edvel e Criminal da cidade.<\/p>\n\n\n\n<p><em>\u201cPosto isso, JULGO PROCEDENTE a den\u00fancia e CONDENO a r\u00e9 (&#8230;) como incursa no artigo 65 do Decreto Lei n\u00ba 3.688\/41, c.c. o artigo 71, &#8220;caput&#8221;, do C\u00f3digo Penal e a cumprir a pena de VINTE E CINCO DIAS DE PRIS\u00c3O SIMPLES.\u201d&nbsp;<\/em><\/p>\n\n\n\n<figure class=\"wp-block-image\"><img src=\"https:\/\/www.globalframe.com.br\/gf_base\/empresas\/MIGA\/imagens\/19953DA0A94758A408E0EB76039A4F4B6B15_galo2.jpg\" alt=\"t\"\/><figcaption>Foto: Reprodu\u00e7\u00e3o<\/figcaption><\/figure>\n\n\n\n<p><strong>Canto de magrugada<\/strong><\/p>\n\n\n\n<p>O MP ofereceu den\u00fancia gerada pela reclama\u00e7\u00e3o de um casal de vizinhos que estava incomodado com o barulho que os 4 galos causavam na ch\u00e1cara onde a idosa vive h\u00e1 23 anos.<\/p>\n\n\n\n<p>De acordo com eles, os galos ficavam em uma \u00e1rvore a tr\u00eas metros da janela do quarto onde dormem e cantavam durante toda a noite, prejudicando o sono. Alegaram que procuraram a prefeitura, mas que a idosa recusou a notifica\u00e7\u00e3o do Centro de Zoonoses para que retirasse os animais do quintal.&nbsp;<\/p>\n\n\n\n<p>Na a\u00e7\u00e3o, o promotor sustentou que o caso se encaixa em perturba\u00e7\u00e3o de tranquilidade. O caso passou por v\u00e1rias reuni\u00f5es de concilia\u00e7\u00e3o sem sucesso.&nbsp;<\/p><div class=\"mmhpq69ec8e0806d02\" ><!--<a href=\"https:\/\/bit.ly\/3QdrqTZ\" target=\"_blank\">\n<img src=\"https:\/\/justicapotiguar.com.br\/wp-content\/uploads\/2023\/09\/mobile-geral.gif\"\/><a\/>--><\/div><style type=\"text\/css\">\r\n.mmhpq69ec8e0806d02 {\r\ntext-align: center;\r\n}\r\n@media screen and (min-width: 1201px) {\r\n.mmhpq69ec8e0806d02 {\r\ndisplay: none;\r\n}\r\n}\r\n@media screen and (min-width: 993px) and (max-width: 1200px) {\r\n.mmhpq69ec8e0806d02 {\r\ndisplay: none;\r\n}\r\n}\r\n@media screen and (min-width: 769px) and (max-width: 992px) {\r\n.mmhpq69ec8e0806d02 {\r\ndisplay: none;\r\n}\r\n}\r\n@media screen and (min-width: 768px) and (max-width: 768px) {\r\n.mmhpq69ec8e0806d02 {\r\ndisplay: block;\r\n}\r\n}\r\n@media screen and (max-width: 767px) {\r\n.mmhpq69ec8e0806d02 {\r\ndisplay: block;\r\n}\r\n}\r\n<\/style>\r\n<div class=\"ikmmd69ec8e0806ced\" ><!--<a href=\"https:\/\/bit.ly\/3QdrqTZ\" target=\"_blank\">\n<img src=\"https:\/\/justicapotiguar.com.br\/wp-content\/uploads\/2023\/09\/desktop-geral.gif\"\/><a\/>--><\/div><style type=\"text\/css\">\r\n.ikmmd69ec8e0806ced {\r\ntext-align: center;\nmargin-bottom: 1em;\r\n}\r\n@media screen and (min-width: 1201px) {\r\n.ikmmd69ec8e0806ced {\r\ndisplay: block;\r\n}\r\n}\r\n@media screen and (min-width: 993px) and (max-width: 1200px) {\r\n.ikmmd69ec8e0806ced {\r\ndisplay: block;\r\n}\r\n}\r\n@media screen and (min-width: 769px) and (max-width: 992px) {\r\n.ikmmd69ec8e0806ced {\r\ndisplay: block;\r\n}\r\n}\r\n@media screen and (min-width: 768px) and (max-width: 768px) {\r\n.ikmmd69ec8e0806ced {\r\ndisplay: none;\r\n}\r\n}\r\n@media screen and (max-width: 767px) {\r\n.ikmmd69ec8e0806ced {\r\ndisplay: none;\r\n}\r\n}\r\n<\/style>\r\n\n\n\n\n<p><strong>Inc\u00f4modo<\/strong><\/p>\n\n\n\n<p>Na decis\u00e3o, a ju\u00edza verificou que ficou comprovado o inc\u00f4modo que as aves causavam aos vizinhos e que a idosa n\u00e3o procurou impedir o barulho produzido pelos animais.<\/p>\n\n\n\n<p><em>\u201cDestarte, comprovadas a materialidade e da autoria do delito de perturba\u00e7\u00e3o da tranquilidade alheia e restando demonstrado que a r\u00e9 n\u00e3o procurou impedir o barulho produzido pelos animais de que tem a cust\u00f3dia e que, por acinte ou motivo reprov\u00e1vel, permitiu que seus galos continuassem a cantar de madrugada junto ao muro de divisa da casa das v\u00edtimas, causando inc\u00f4modos, a condena\u00e7\u00e3o \u00e9 medida que se imp\u00f5e.\u201d<\/em><\/p>\n\n\n\n<p>Na decis\u00e3o, a ju\u00edza afirmou que at\u00e9 seria poss\u00edvel a substitui\u00e7\u00e3o da pena privativa de liberdade por restritivas de direito, mas levou em conta que a idosa n\u00e3o se intimidou com a den\u00fancia anteriormente ofertada pelo Minist\u00e9rio P\u00fablico e, \u201cmantendo as aves no mesmo local, prosseguiu sem interromper ou impedir a importuna\u00e7\u00e3o do sossego das v\u00edtimas\u201d.<\/p>\n\n\n\n<p><strong>Migalhas<\/strong><\/p>\n","protected":false},"excerpt":{"rendered":"<p>Mulher foi condenada a 25 dias de pris\u00e3o simples<\/p>\n<p><a class=\"more-link\" href=\"https:\/\/justicapotiguar.com.br\/index.php\/2019\/08\/27\/pode-isso-idosa-e-condenada-a-prisao-por-canto-de-seus-galos\/\">Mais&#8230;<\/a><\/p>\n","protected":false},"author":5,"featured_media":1455,"comment_status":"open","ping_status":"open","sticky":false,"template":"","format":"standard","meta":[],"categories":[3],"tags":[],"_links":{"self":[{"href":"https:\/\/justicapotiguar.com.br\/index.php\/wp-json\/wp\/v2\/posts\/1454"}],"collection":[{"href":"https:\/\/justicapotiguar.com.br\/index.php\/wp-json\/wp\/v2\/posts"}],"about":[{"href":"https:\/\/justicapotiguar.com.br\/index.php\/wp-json\/wp\/v2\/types\/post"}],"author":[{"embeddable":true,"href":"https:\/\/justicapotiguar.com.br\/index.php\/wp-json\/wp\/v2\/users\/5"}],"replies":[{"embeddable":true,"href":"https:\/\/justicapotiguar.com.br\/index.php\/wp-json\/wp\/v2\/comments?post=1454"}],"version-history":[{"count":1,"href":"https:\/\/justicapotiguar.com.br\/index.php\/wp-json\/wp\/v2\/posts\/1454\/revisions"}],"predecessor-version":[{"id":1456,"href":"https:\/\/justicapotiguar.com.br\/index.php\/wp-json\/wp\/v2\/posts\/1454\/revisions\/1456"}],"wp:featuredmedia":[{"embeddable":true,"href":"https:\/\/justicapotiguar.com.br\/index.php\/wp-json\/wp\/v2\/media\/1455"}],"wp:attachment":[{"href":"https:\/\/justicapotiguar.com.br\/index.php\/wp-json\/wp\/v2\/media?parent=1454"}],"wp:term":[{"taxonomy":"category","embeddable":true,"href":"https:\/\/justicapotiguar.com.br\/index.php\/wp-json\/wp\/v2\/categories?post=1454"},{"taxonomy":"post_tag","embeddable":true,"href":"https:\/\/justicapotiguar.com.br\/index.php\/wp-json\/wp\/v2\/tags?post=1454"}],"curies":[{"name":"wp","href":"https:\/\/api.w.org\/{rel}","templated":true}]}}