{"id":1451,"date":"2019-08-27T11:42:11","date_gmt":"2019-08-27T14:42:11","guid":{"rendered":"https:\/\/justicapotiguar.com.br\/?p=1451"},"modified":"2019-08-27T15:35:06","modified_gmt":"2019-08-27T18:35:06","slug":"trt-rn-emite-nota-sobre-lista-triplice-e-cumprira-suspensao-ate-decisao-do-cnj","status":"publish","type":"post","link":"https:\/\/justicapotiguar.com.br\/index.php\/2019\/08\/27\/trt-rn-emite-nota-sobre-lista-triplice-e-cumprira-suspensao-ate-decisao-do-cnj\/","title":{"rendered":"TRT-RN emite nota sobre Lista Tr\u00edplice e cumprir\u00e1 suspens\u00e3o at\u00e9 decis\u00e3o do CNJ"},"content":{"rendered":"\n<figure class=\"wp-block-image\"><img loading=\"lazy\" width=\"1024\" height=\"683\" src=\"https:\/\/justicapotiguar.com.br\/wp-content\/uploads\/2019\/08\/FOTO-GERAL-DA-MESA-1024x683.jpg\" alt=\"\" class=\"wp-image-1452\" srcset=\"https:\/\/justicapotiguar.com.br\/wp-content\/uploads\/2019\/08\/FOTO-GERAL-DA-MESA-1024x683.jpg 1024w, https:\/\/justicapotiguar.com.br\/wp-content\/uploads\/2019\/08\/FOTO-GERAL-DA-MESA-300x200.jpg 300w, https:\/\/justicapotiguar.com.br\/wp-content\/uploads\/2019\/08\/FOTO-GERAL-DA-MESA-768x512.jpg 768w\" sizes=\"(max-width: 1024px) 100vw, 1024px\" \/><figcaption>Foto: Divulga\u00e7\u00e3o<\/figcaption><\/figure>\n\n\n\n<p>O Tribunal Regional do Trabalho (TRT-RN) emitiu nota acerca da decis\u00e3o liminar do Conselho Nacional de Justi\u00e7a suspendendo o envio da Lista Tr\u00edplice para a vaga de desembargador, ap\u00f3s deferimento de liminar do advogado Eduardo Rocha, contra o voto do desembargador Bento Herculano para a segunda vaga que havia ficado com Marisa Almeida.<\/p>\n\n\n\n<p><strong>Confira nota na \u00edntegra<\/strong><\/p>\n\n\n\n<p><em>Os crit\u00e9rios a respeito do procedimento da elei\u00e7\u00e3o foram decididos em reuni\u00e3o administrativa, que contou com a participa\u00e7\u00e3o da maioria absoluta dos membros da Corte, seguindo, fielmente, as normas legais.<\/em><\/p><div class=\"akddb69ec6097d575e\" ><!--<a href=\"https:\/\/bit.ly\/3QdrqTZ\" target=\"_blank\">\n<img src=\"https:\/\/justicapotiguar.com.br\/wp-content\/uploads\/2023\/09\/mobile-geral.gif\"\/><a\/>--><\/div><style type=\"text\/css\">\r\n.akddb69ec6097d575e {\r\ntext-align: center;\r\n}\r\n@media screen and (min-width: 1201px) {\r\n.akddb69ec6097d575e {\r\ndisplay: none;\r\n}\r\n}\r\n@media screen and (min-width: 993px) and (max-width: 1200px) {\r\n.akddb69ec6097d575e {\r\ndisplay: none;\r\n}\r\n}\r\n@media screen and (min-width: 769px) and (max-width: 992px) {\r\n.akddb69ec6097d575e {\r\ndisplay: none;\r\n}\r\n}\r\n@media screen and (min-width: 768px) and (max-width: 768px) {\r\n.akddb69ec6097d575e {\r\ndisplay: block;\r\n}\r\n}\r\n@media screen and (max-width: 767px) {\r\n.akddb69ec6097d575e {\r\ndisplay: block;\r\n}\r\n}\r\n<\/style>\r\n<div class=\"cdbdm69ec6097d5743\" ><!--<a href=\"https:\/\/bit.ly\/3QdrqTZ\" target=\"_blank\">\n<img src=\"https:\/\/justicapotiguar.com.br\/wp-content\/uploads\/2023\/09\/desktop-geral.gif\"\/><a\/>--><\/div><style type=\"text\/css\">\r\n.cdbdm69ec6097d5743 {\r\ntext-align: center;\nmargin-bottom: 1em;\r\n}\r\n@media screen and (min-width: 1201px) {\r\n.cdbdm69ec6097d5743 {\r\ndisplay: block;\r\n}\r\n}\r\n@media screen and (min-width: 993px) and (max-width: 1200px) {\r\n.cdbdm69ec6097d5743 {\r\ndisplay: block;\r\n}\r\n}\r\n@media screen and (min-width: 769px) and (max-width: 992px) {\r\n.cdbdm69ec6097d5743 {\r\ndisplay: block;\r\n}\r\n}\r\n@media screen and (min-width: 768px) and (max-width: 768px) {\r\n.cdbdm69ec6097d5743 {\r\ndisplay: none;\r\n}\r\n}\r\n@media screen and (max-width: 767px) {\r\n.cdbdm69ec6097d5743 {\r\ndisplay: none;\r\n}\r\n}\r\n<\/style>\r\n\n\n\n\n<p><em>O fato de um candidato, que n\u00e3o logrou \u00eaxito na elei\u00e7\u00e3o respectiva, ter ingressado no Conselho Nacional de Justi\u00e7a, insere-se em um direito constitucionalmente assegurado \u00e0queles que n\u00e3o obtiveram \u00eaxito na disputa.<\/em><\/p>\n\n\n\n<p><em>No tocante \u00e0 concess\u00e3o liminar pelo Egr\u00e9gio Conselho, configura-se medida de praxe, a evitar que a aprecia\u00e7\u00e3o da impugna\u00e7\u00e3o reste in\u00f3cua em face de eventual nomea\u00e7\u00e3o imediata.<\/em><\/p>\n\n\n\n<p><em>De tal sorte, cabe a este Tribunal aguardar o julgamento da a\u00e7\u00e3o, na convic\u00e7\u00e3o de que as institui\u00e7\u00f5es democr\u00e1ticas ser\u00e3o preservadas.<\/em><\/p>\n","protected":false},"excerpt":{"rendered":"<p>&#8220;De tal sorte, cabe a este Tribunal aguardar o julgamento da a\u00e7\u00e3o, na convic\u00e7\u00e3o de que as institui\u00e7\u00f5es democr\u00e1ticas ser\u00e3o preservadas&#8221;, diz a nota<br \/><a class=\"more-link\" href=\"https:\/\/justicapotiguar.com.br\/index.php\/2019\/08\/27\/trt-rn-emite-nota-sobre-lista-triplice-e-cumprira-suspensao-ate-decisao-do-cnj\/\">Mais&#8230;<\/a><\/p>\n","protected":false},"author":5,"featured_media":1452,"comment_status":"open","ping_status":"open","sticky":false,"template":"","format":"standard","meta":[],"categories":[3],"tags":[],"_links":{"self":[{"href":"https:\/\/justicapotiguar.com.br\/index.php\/wp-json\/wp\/v2\/posts\/1451"}],"collection":[{"href":"https:\/\/justicapotiguar.com.br\/index.php\/wp-json\/wp\/v2\/posts"}],"about":[{"href":"https:\/\/justicapotiguar.com.br\/index.php\/wp-json\/wp\/v2\/types\/post"}],"author":[{"embeddable":true,"href":"https:\/\/justicapotiguar.com.br\/index.php\/wp-json\/wp\/v2\/users\/5"}],"replies":[{"embeddable":true,"href":"https:\/\/justicapotiguar.com.br\/index.php\/wp-json\/wp\/v2\/comments?post=1451"}],"version-history":[{"count":1,"href":"https:\/\/justicapotiguar.com.br\/index.php\/wp-json\/wp\/v2\/posts\/1451\/revisions"}],"predecessor-version":[{"id":1453,"href":"https:\/\/justicapotiguar.com.br\/index.php\/wp-json\/wp\/v2\/posts\/1451\/revisions\/1453"}],"wp:featuredmedia":[{"embeddable":true,"href":"https:\/\/justicapotiguar.com.br\/index.php\/wp-json\/wp\/v2\/media\/1452"}],"wp:attachment":[{"href":"https:\/\/justicapotiguar.com.br\/index.php\/wp-json\/wp\/v2\/media?parent=1451"}],"wp:term":[{"taxonomy":"category","embeddable":true,"href":"https:\/\/justicapotiguar.com.br\/index.php\/wp-json\/wp\/v2\/categories?post=1451"},{"taxonomy":"post_tag","embeddable":true,"href":"https:\/\/justicapotiguar.com.br\/index.php\/wp-json\/wp\/v2\/tags?post=1451"}],"curies":[{"name":"wp","href":"https:\/\/api.w.org\/{rel}","templated":true}]}}