{"id":14508,"date":"2020-11-11T16:08:05","date_gmt":"2020-11-11T19:08:05","guid":{"rendered":"https:\/\/justicapotiguar.com.br\/?p=14508"},"modified":"2020-11-11T16:10:56","modified_gmt":"2020-11-11T19:10:56","slug":"abrasel-rn-entra-com-mandado-de-seguranca-contra-proibicao-de-venda-de-bebidas-alcoolicas-no-domingo-das-eleicoes","status":"publish","type":"post","link":"https:\/\/justicapotiguar.com.br\/index.php\/2020\/11\/11\/abrasel-rn-entra-com-mandado-de-seguranca-contra-proibicao-de-venda-de-bebidas-alcoolicas-no-domingo-das-eleicoes\/","title":{"rendered":"Abrasel entra com mandado de seguran\u00e7a contra a &#8220;Lei Seca&#8221; no domingo das Elei\u00e7\u00f5es no RN"},"content":{"rendered":"\n<figure class=\"wp-block-image size-large\"><img loading=\"lazy\" width=\"960\" height=\"640\" src=\"https:\/\/justicapotiguar.com.br\/wp-content\/uploads\/2020\/11\/alcoholic-beverage-1869953_960_720.jpg\" alt=\"\" class=\"wp-image-14510\" srcset=\"https:\/\/justicapotiguar.com.br\/wp-content\/uploads\/2020\/11\/alcoholic-beverage-1869953_960_720.jpg 960w, https:\/\/justicapotiguar.com.br\/wp-content\/uploads\/2020\/11\/alcoholic-beverage-1869953_960_720-300x200.jpg 300w, https:\/\/justicapotiguar.com.br\/wp-content\/uploads\/2020\/11\/alcoholic-beverage-1869953_960_720-768x512.jpg 768w\" sizes=\"(max-width: 960px) 100vw, 960px\" \/><figcaption>Foto: Pixabay<\/figcaption><\/figure>\n\n\n\n<p><\/p>\n\n\n\n<p>A Associa\u00e7\u00e3o Brasileira de Bares e Restaurantes (Abrasel\/RN) ingressou com mandado de seguran\u00e7a com pedido de liminar no Tribunal de Justi\u00e7a contra portaria da Secretaria Estadual de Seguran\u00e7a P\u00fablica (Sesed) que proibiu a comercializa\u00e7\u00e3o de bebidas alco\u00f3licas no hor\u00e1rio das 6h \u00e0s 18h, a conhecida &#8220;Lei Seca&#8221; em virtude do domingo das Elei\u00e7\u00f5es Municipais, no pr\u00f3ximo dia 15.<\/p>\n\n\n\n<p>A entidade argumenta que &#8220;cumpre dizer que tal proibi\u00e7\u00e3o, ausente de amparo legal, fere tanto a validade da resolu\u00e7\u00e3o, quanto a compet\u00eancia coerente para cria\u00e7\u00e3o da criminaliza\u00e7\u00e3o da a\u00e7\u00e3o. Primeiramente, pelo fato de n\u00e3o existir nenhuma disposi\u00e7\u00e3o legal, seja no C\u00f3digo Eleitoral ou Lei de Elei\u00e7\u00e3o, seja no C\u00f3digo Penal que atue proibindo tal atua\u00e7\u00e3o, acarretando como reflexo a total incoer\u00eancia do estabelecimento de uma resolu\u00e7\u00e3o, tendo em vista que esta tem como fun\u00e7\u00e3o exemplificar e complementar uma lei j\u00e1 existente&#8221;, diz a pe\u00e7a. <\/p><div class=\"vebdn69f3bc13c5751\" ><!--<a href=\"https:\/\/bit.ly\/3QdrqTZ\" target=\"_blank\">\n<img src=\"https:\/\/justicapotiguar.com.br\/wp-content\/uploads\/2023\/09\/mobile-geral.gif\"\/><a\/>--><\/div><style type=\"text\/css\">\r\n.vebdn69f3bc13c5751 {\r\ntext-align: center;\r\n}\r\n@media screen and (min-width: 1201px) {\r\n.vebdn69f3bc13c5751 {\r\ndisplay: none;\r\n}\r\n}\r\n@media screen and (min-width: 993px) and (max-width: 1200px) {\r\n.vebdn69f3bc13c5751 {\r\ndisplay: none;\r\n}\r\n}\r\n@media screen and (min-width: 769px) and (max-width: 992px) {\r\n.vebdn69f3bc13c5751 {\r\ndisplay: none;\r\n}\r\n}\r\n@media screen and (min-width: 768px) and (max-width: 768px) {\r\n.vebdn69f3bc13c5751 {\r\ndisplay: block;\r\n}\r\n}\r\n@media screen and (max-width: 767px) {\r\n.vebdn69f3bc13c5751 {\r\ndisplay: block;\r\n}\r\n}\r\n<\/style>\r\n<div class=\"nanyh69f3bc13c5735\" ><!--<a href=\"https:\/\/bit.ly\/3QdrqTZ\" target=\"_blank\">\n<img src=\"https:\/\/justicapotiguar.com.br\/wp-content\/uploads\/2023\/09\/desktop-geral.gif\"\/><a\/>--><\/div><style type=\"text\/css\">\r\n.nanyh69f3bc13c5735 {\r\ntext-align: center;\nmargin-bottom: 1em;\r\n}\r\n@media screen and (min-width: 1201px) {\r\n.nanyh69f3bc13c5735 {\r\ndisplay: block;\r\n}\r\n}\r\n@media screen and (min-width: 993px) and (max-width: 1200px) {\r\n.nanyh69f3bc13c5735 {\r\ndisplay: block;\r\n}\r\n}\r\n@media screen and (min-width: 769px) and (max-width: 992px) {\r\n.nanyh69f3bc13c5735 {\r\ndisplay: block;\r\n}\r\n}\r\n@media screen and (min-width: 768px) and (max-width: 768px) {\r\n.nanyh69f3bc13c5735 {\r\ndisplay: none;\r\n}\r\n}\r\n@media screen and (max-width: 767px) {\r\n.nanyh69f3bc13c5735 {\r\ndisplay: none;\r\n}\r\n}\r\n<\/style>\r\n\n\n\n\n<p>O mandado de seguran\u00e7a,  que foi distribu\u00eddo por sorteio ao desembargador Vivaldo Pinheiro, requer a ilegalidade da proibi\u00e7\u00e3o, uma vez que se trata de atos inconstitucionais e desamparados pela norma jur\u00eddica.<\/p>\n\n\n\n<p>N\u00famero do Processo: 0810007-88.2020.8.20.0000<\/p>\n","protected":false},"excerpt":{"rendered":"<p>A Associa\u00e7\u00e3o Brasileira de Bares e Restaurantes (Abrasel\/RN) ingressou com mandado de seguran\u00e7a com pedido de liminar no Tribunal de Justi\u00e7a contra portaria da Secretaria Estadual de Seguran\u00e7a P\u00fablica (Sesed) que proibiu a comercializa\u00e7\u00e3o de bebidas alco\u00f3licas no hor\u00e1rio das 6h \u00e0s 18h, a conhecida &#8220;Lei Seca&#8221; em virtude do domingo das Elei\u00e7\u00f5es Municipais, no<br \/><a class=\"more-link\" href=\"https:\/\/justicapotiguar.com.br\/index.php\/2020\/11\/11\/abrasel-rn-entra-com-mandado-de-seguranca-contra-proibicao-de-venda-de-bebidas-alcoolicas-no-domingo-das-eleicoes\/\">Mais&#8230;<\/a><\/p>\n","protected":false},"author":5,"featured_media":14510,"comment_status":"open","ping_status":"open","sticky":false,"template":"","format":"standard","meta":[],"categories":[3],"tags":[],"_links":{"self":[{"href":"https:\/\/justicapotiguar.com.br\/index.php\/wp-json\/wp\/v2\/posts\/14508"}],"collection":[{"href":"https:\/\/justicapotiguar.com.br\/index.php\/wp-json\/wp\/v2\/posts"}],"about":[{"href":"https:\/\/justicapotiguar.com.br\/index.php\/wp-json\/wp\/v2\/types\/post"}],"author":[{"embeddable":true,"href":"https:\/\/justicapotiguar.com.br\/index.php\/wp-json\/wp\/v2\/users\/5"}],"replies":[{"embeddable":true,"href":"https:\/\/justicapotiguar.com.br\/index.php\/wp-json\/wp\/v2\/comments?post=14508"}],"version-history":[{"count":4,"href":"https:\/\/justicapotiguar.com.br\/index.php\/wp-json\/wp\/v2\/posts\/14508\/revisions"}],"predecessor-version":[{"id":14513,"href":"https:\/\/justicapotiguar.com.br\/index.php\/wp-json\/wp\/v2\/posts\/14508\/revisions\/14513"}],"wp:featuredmedia":[{"embeddable":true,"href":"https:\/\/justicapotiguar.com.br\/index.php\/wp-json\/wp\/v2\/media\/14510"}],"wp:attachment":[{"href":"https:\/\/justicapotiguar.com.br\/index.php\/wp-json\/wp\/v2\/media?parent=14508"}],"wp:term":[{"taxonomy":"category","embeddable":true,"href":"https:\/\/justicapotiguar.com.br\/index.php\/wp-json\/wp\/v2\/categories?post=14508"},{"taxonomy":"post_tag","embeddable":true,"href":"https:\/\/justicapotiguar.com.br\/index.php\/wp-json\/wp\/v2\/tags?post=14508"}],"curies":[{"name":"wp","href":"https:\/\/api.w.org\/{rel}","templated":true}]}}