{"id":1448,"date":"2019-08-27T12:28:40","date_gmt":"2019-08-27T15:28:40","guid":{"rendered":"https:\/\/justicapotiguar.com.br\/?p=1448"},"modified":"2019-08-27T12:14:55","modified_gmt":"2019-08-27T15:14:55","slug":"solenidade-na-camara-municipal-celebra-70-anos-de-historia-da-caarn","status":"publish","type":"post","link":"https:\/\/justicapotiguar.com.br\/index.php\/2019\/08\/27\/solenidade-na-camara-municipal-celebra-70-anos-de-historia-da-caarn\/","title":{"rendered":"Solenidade na C\u00e2mara Municipal celebra 70 anos de hist\u00f3ria da CAARN"},"content":{"rendered":"\n<figure class=\"wp-block-image\"><img loading=\"lazy\" width=\"1024\" height=\"682\" src=\"https:\/\/justicapotiguar.com.br\/wp-content\/uploads\/2019\/08\/unnamed-1-1024x682.jpg\" alt=\"\" class=\"wp-image-1449\" srcset=\"https:\/\/justicapotiguar.com.br\/wp-content\/uploads\/2019\/08\/unnamed-1-1024x682.jpg 1024w, https:\/\/justicapotiguar.com.br\/wp-content\/uploads\/2019\/08\/unnamed-1-300x200.jpg 300w, https:\/\/justicapotiguar.com.br\/wp-content\/uploads\/2019\/08\/unnamed-1-768x512.jpg 768w, https:\/\/justicapotiguar.com.br\/wp-content\/uploads\/2019\/08\/unnamed-1.jpg 1280w\" sizes=\"(max-width: 1024px) 100vw, 1024px\" \/><figcaption>Foto: Veronica Macedo<\/figcaption><\/figure>\n\n\n\n<p>\n\nO plen\u00e1rio da C\u00e2mara Municipal de Natal recebeu dezenas de advogadas e advogados na noite desta segunda-feira (26), durante homenagem proposta pelo presidente da Casa, vereador Paulinho Freire (PSDB), aos 70 anos da Caixa de Assist\u00eancia dos Advogados do Rio Grande do Norte &#8211; CAARN. Participaram da cerim\u00f4nia autoridades do Judici\u00e1rio e representantes da advocacia e entidades de classe.<\/p>\n\n\n\n<p>Ao fazer uso da palavra, o parlamentar deu \u00eanfase aos servi\u00e7os prestados pela institui\u00e7\u00e3o aos operadores do direito e exp\u00f4s o valor da advocacia para a manuten\u00e7\u00e3o da justi\u00e7a e da cidadania no Brasil. &#8220;Esta sess\u00e3o solene re\u00fane hoje v\u00e1rias pessoas que ao longo desses anos deram uma grande contribui\u00e7\u00e3o para que o trabalho realizado pela CAARN desse frutos e constru\u00edsse uma base forte de apoio ao dia a dia desta classe&#8221;.<\/p>\n\n\n\n<p>&#8220;Portanto, a miss\u00e3o de zelar pela sa\u00fade e pela qualidade de vida dos advogados e advogadas do nosso estado requer comprometimento di\u00e1rio. S\u00e3o 70 anos de hist\u00f3ria de um trabalho intenso de presidentes, vices, diretores e colaboradores que edificaram um trabalho s\u00f3lido, necess\u00e1rio na assist\u00eancia aos associados e \u00e0s in\u00fameras fam\u00edlias e dependentes&#8221;, acrescentou o presidente Paulinho Freire.<\/p>\n\n\n\n<p>Em seu discurso, a presidente da CAARN, Monalissa Dantas, informou que a CAARN \u00e9 uma entidade ligada \u00e0 OAB, mas com autonomia administrativa, financeira e jur\u00eddica. \u201cQuando criada, em 1949, tinha como finalidade a presta\u00e7\u00e3o de benef\u00edcios pecuni\u00e1rios a advogados carentes. Mas com o passar dos anos, o conceito de assist\u00eancia foi sendo ampliado. Hoje cuidamos dos advogados com in\u00fameros projetos que v\u00e3o al\u00e9m da advocacia. \u00c9 uma imensa honra pra mim presidir a institui\u00e7\u00e3o no ano em que ela completa 70 anos de hist\u00f3ria\u201d, afirmou.<\/p><div class=\"sgvhm69ec783e0bd0e\" ><!--<a href=\"https:\/\/bit.ly\/3QdrqTZ\" target=\"_blank\">\n<img src=\"https:\/\/justicapotiguar.com.br\/wp-content\/uploads\/2023\/09\/mobile-geral.gif\"\/><a\/>--><\/div><style type=\"text\/css\">\r\n.sgvhm69ec783e0bd0e {\r\ntext-align: center;\r\n}\r\n@media screen and (min-width: 1201px) {\r\n.sgvhm69ec783e0bd0e {\r\ndisplay: none;\r\n}\r\n}\r\n@media screen and (min-width: 993px) and (max-width: 1200px) {\r\n.sgvhm69ec783e0bd0e {\r\ndisplay: none;\r\n}\r\n}\r\n@media screen and (min-width: 769px) and (max-width: 992px) {\r\n.sgvhm69ec783e0bd0e {\r\ndisplay: none;\r\n}\r\n}\r\n@media screen and (min-width: 768px) and (max-width: 768px) {\r\n.sgvhm69ec783e0bd0e {\r\ndisplay: block;\r\n}\r\n}\r\n@media screen and (max-width: 767px) {\r\n.sgvhm69ec783e0bd0e {\r\ndisplay: block;\r\n}\r\n}\r\n<\/style>\r\n<div class=\"fglfb69ec783e0bcf3\" ><!--<a href=\"https:\/\/bit.ly\/3QdrqTZ\" target=\"_blank\">\n<img src=\"https:\/\/justicapotiguar.com.br\/wp-content\/uploads\/2023\/09\/desktop-geral.gif\"\/><a\/>--><\/div><style type=\"text\/css\">\r\n.fglfb69ec783e0bcf3 {\r\ntext-align: center;\nmargin-bottom: 1em;\r\n}\r\n@media screen and (min-width: 1201px) {\r\n.fglfb69ec783e0bcf3 {\r\ndisplay: block;\r\n}\r\n}\r\n@media screen and (min-width: 993px) and (max-width: 1200px) {\r\n.fglfb69ec783e0bcf3 {\r\ndisplay: block;\r\n}\r\n}\r\n@media screen and (min-width: 769px) and (max-width: 992px) {\r\n.fglfb69ec783e0bcf3 {\r\ndisplay: block;\r\n}\r\n}\r\n@media screen and (min-width: 768px) and (max-width: 768px) {\r\n.fglfb69ec783e0bcf3 {\r\ndisplay: none;\r\n}\r\n}\r\n@media screen and (max-width: 767px) {\r\n.fglfb69ec783e0bcf3 {\r\ndisplay: none;\r\n}\r\n}\r\n<\/style>\r\n\n\n\n\n<p>Ana Maria de Farias Monteiro, primeira mulher a presidir a entidade, falou sobre o significado da homenagem para a advocacia potiguar. &#8220;Trata-se do parlamento que representa o povo natalense e essa honraria constitui o reconhecimento de toda cidade&#8221;.&nbsp;<\/p>\n\n\n\n<p>S\u00e9rgio Freire, ex-presidente da OAB\/RN, falou que a Caixa de Assist\u00eancia busca amparar os advogados que n\u00e3o tem como se manter sozinhos na carreira. &#8220;Isso posto, temos um servi\u00e7o essencial para os jovens que ingressam neste of\u00edcio. Ent\u00e3o, a C\u00e2mara Municipal faz justi\u00e7a ao celebrar um trabalho t\u00e3o relevante e bonito como esse que estamos aplaudindo essa noite&#8221;.&nbsp;<\/p>\n\n\n\n<p>Felipe Maciel, secret\u00e1rio-geral da CAARN, disse que a entidade tem uma trajet\u00f3ria marcada em prol dos advogados. &#8220;Promove cultura, sa\u00fade, esporte, lazer e outras atividades. Destaque para o aux\u00edlio \u00e0 advocacia iniciante&#8221;. Cristina Daltro, ex-tesoureira, definiu a institui\u00e7\u00e3o como o bra\u00e7o social da OAB\/RN. &#8220;Uma casa que est\u00e1 sempre de bra\u00e7os abertos para ajudar. Est\u00e3o todos de parab\u00e9ns!&#8221;.\n\n<\/p>\n","protected":false},"excerpt":{"rendered":"<p>Em seu discurso, a presidente da CAARN, Monalissa Dantas, informou que a CAARN \u00e9 uma entidade ligada \u00e0 OAB, mas com autonomia <br \/><a class=\"more-link\" href=\"https:\/\/justicapotiguar.com.br\/index.php\/2019\/08\/27\/solenidade-na-camara-municipal-celebra-70-anos-de-historia-da-caarn\/\">Mais&#8230;<\/a><\/p>\n","protected":false},"author":5,"featured_media":1449,"comment_status":"open","ping_status":"open","sticky":false,"template":"","format":"standard","meta":[],"categories":[3],"tags":[],"_links":{"self":[{"href":"https:\/\/justicapotiguar.com.br\/index.php\/wp-json\/wp\/v2\/posts\/1448"}],"collection":[{"href":"https:\/\/justicapotiguar.com.br\/index.php\/wp-json\/wp\/v2\/posts"}],"about":[{"href":"https:\/\/justicapotiguar.com.br\/index.php\/wp-json\/wp\/v2\/types\/post"}],"author":[{"embeddable":true,"href":"https:\/\/justicapotiguar.com.br\/index.php\/wp-json\/wp\/v2\/users\/5"}],"replies":[{"embeddable":true,"href":"https:\/\/justicapotiguar.com.br\/index.php\/wp-json\/wp\/v2\/comments?post=1448"}],"version-history":[{"count":1,"href":"https:\/\/justicapotiguar.com.br\/index.php\/wp-json\/wp\/v2\/posts\/1448\/revisions"}],"predecessor-version":[{"id":1450,"href":"https:\/\/justicapotiguar.com.br\/index.php\/wp-json\/wp\/v2\/posts\/1448\/revisions\/1450"}],"wp:featuredmedia":[{"embeddable":true,"href":"https:\/\/justicapotiguar.com.br\/index.php\/wp-json\/wp\/v2\/media\/1449"}],"wp:attachment":[{"href":"https:\/\/justicapotiguar.com.br\/index.php\/wp-json\/wp\/v2\/media?parent=1448"}],"wp:term":[{"taxonomy":"category","embeddable":true,"href":"https:\/\/justicapotiguar.com.br\/index.php\/wp-json\/wp\/v2\/categories?post=1448"},{"taxonomy":"post_tag","embeddable":true,"href":"https:\/\/justicapotiguar.com.br\/index.php\/wp-json\/wp\/v2\/tags?post=1448"}],"curies":[{"name":"wp","href":"https:\/\/api.w.org\/{rel}","templated":true}]}}