{"id":14479,"date":"2020-11-10T17:00:57","date_gmt":"2020-11-10T20:00:57","guid":{"rendered":"https:\/\/justicapotiguar.com.br\/?p=14479"},"modified":"2020-11-10T16:37:59","modified_gmt":"2020-11-10T19:37:59","slug":"em-1o-julgamento-no-stf-nunes-marques-vota-por-soltar-promotor-acusado-de-corrupcao","status":"publish","type":"post","link":"https:\/\/justicapotiguar.com.br\/index.php\/2020\/11\/10\/em-1o-julgamento-no-stf-nunes-marques-vota-por-soltar-promotor-acusado-de-corrupcao\/","title":{"rendered":"Em 1\u00ba julgamento no STF, Nunes Marques vota por soltar promotor acusado de corrup\u00e7\u00e3o"},"content":{"rendered":"\n<p><\/p>\n\n\n\n<figure class=\"wp-block-image size-large\"><img loading=\"lazy\" width=\"880\" height=\"495\" src=\"https:\/\/justicapotiguar.com.br\/wp-content\/uploads\/2020\/11\/nunes.jpg\" alt=\"\" class=\"wp-image-14480\" srcset=\"https:\/\/justicapotiguar.com.br\/wp-content\/uploads\/2020\/11\/nunes.jpg 880w, https:\/\/justicapotiguar.com.br\/wp-content\/uploads\/2020\/11\/nunes-300x169.jpg 300w, https:\/\/justicapotiguar.com.br\/wp-content\/uploads\/2020\/11\/nunes-768x432.jpg 768w\" sizes=\"(max-width: 880px) 100vw, 880px\" \/><figcaption>Reprodu\u00e7\u00e3o<\/figcaption><\/figure>\n\n\n\n<p>Na tarde desta ter\u00e7a-feira, 10, o ministro\u00a0<strong>Nunes Marques<\/strong>\u00a0participou a sua primeira sess\u00e3o colegiada de julgamentos no STF.<\/p>\n\n\n\n<p>O primeiro caso que contou com a participa\u00e7\u00e3o do novo ministro foi HC no qual o promotor aposentado Fl\u00e1vio Bonazza \u00e9 acusado de organiza\u00e7\u00e3o criminosa e corrup\u00e7\u00e3o, em den\u00fancia que envolve recebimento de propinas por empresas de transporte.<\/p>\n\n\n\n<p>A a\u00e7\u00e3o penal contra o promotor aposentado \u00e9 um desdobramento da opera\u00e7\u00e3o Ponto Final, que tramita na 7\u00aa vara Federal Criminal da Se\u00e7\u00e3o Judici\u00e1ria do Rio de Janeiro.<\/p><div class=\"dnnvc69f3113defa9c\" ><!--<a href=\"https:\/\/bit.ly\/3QdrqTZ\" target=\"_blank\">\n<img src=\"https:\/\/justicapotiguar.com.br\/wp-content\/uploads\/2023\/09\/mobile-geral.gif\"\/><a\/>--><\/div><style type=\"text\/css\">\r\n.dnnvc69f3113defa9c {\r\ntext-align: center;\r\n}\r\n@media screen and (min-width: 1201px) {\r\n.dnnvc69f3113defa9c {\r\ndisplay: none;\r\n}\r\n}\r\n@media screen and (min-width: 993px) and (max-width: 1200px) {\r\n.dnnvc69f3113defa9c {\r\ndisplay: none;\r\n}\r\n}\r\n@media screen and (min-width: 769px) and (max-width: 992px) {\r\n.dnnvc69f3113defa9c {\r\ndisplay: none;\r\n}\r\n}\r\n@media screen and (min-width: 768px) and (max-width: 768px) {\r\n.dnnvc69f3113defa9c {\r\ndisplay: block;\r\n}\r\n}\r\n@media screen and (max-width: 767px) {\r\n.dnnvc69f3113defa9c {\r\ndisplay: block;\r\n}\r\n}\r\n<\/style>\r\n<div class=\"vrtmd69f3113defa88\" ><!--<a href=\"https:\/\/bit.ly\/3QdrqTZ\" target=\"_blank\">\n<img src=\"https:\/\/justicapotiguar.com.br\/wp-content\/uploads\/2023\/09\/desktop-geral.gif\"\/><a\/>--><\/div><style type=\"text\/css\">\r\n.vrtmd69f3113defa88 {\r\ntext-align: center;\nmargin-bottom: 1em;\r\n}\r\n@media screen and (min-width: 1201px) {\r\n.vrtmd69f3113defa88 {\r\ndisplay: block;\r\n}\r\n}\r\n@media screen and (min-width: 993px) and (max-width: 1200px) {\r\n.vrtmd69f3113defa88 {\r\ndisplay: block;\r\n}\r\n}\r\n@media screen and (min-width: 769px) and (max-width: 992px) {\r\n.vrtmd69f3113defa88 {\r\ndisplay: block;\r\n}\r\n}\r\n@media screen and (min-width: 768px) and (max-width: 768px) {\r\n.vrtmd69f3113defa88 {\r\ndisplay: none;\r\n}\r\n}\r\n@media screen and (max-width: 767px) {\r\n.vrtmd69f3113defa88 {\r\ndisplay: none;\r\n}\r\n}\r\n<\/style>\r\n\n\n\n\n<p>O ministro Nunes Marques seguiu o entendimento do ministro Gilmar Mendes que reconheceu a ilegalidade do decreto prisional e a incompet\u00eancia da Justi\u00e7a Federal para processar e julgar Fl\u00e1vio Bonazza. Gilmar Mendes reiterou&nbsp;seu voto monocr\u00e1tico proferido em mar\u00e7o. Veja a&nbsp;<a href=\"https:\/\/www.migalhas.uol.com.br\/arquivos\/2020\/11\/C84572416A3DFB_promotor.pdf\" target=\"_blank\" rel=\"noreferrer noopener\">\u00edntegra<\/a>&nbsp;do voto do ministro Gilmar.&nbsp;<\/p>\n\n\n\n<p>Nunes Marques subscreveu o entendimento do relator, no sentido de que o \u00fanico v\u00ednculo existente entre as investiga\u00e7\u00f5es da opera\u00e7\u00e3o Ponto Final e as condutas imputadas a Fl\u00e1vio Bonazza seria, de fato, a colabora\u00e7\u00e3o premiada de um dos envolvidos. Para o ministro, portanto, a a\u00e7\u00e3o deve correr na Justi\u00e7a Estadual.&nbsp;<\/p>\n\n\n\n<ul><li>Processo: HC\u00a0<a rel=\"noreferrer noopener\" href=\"http:\/\/portal.stf.jus.br\/processos\/detalhe.asp?incidente=5864745\" target=\"_blank\">181.978<\/a><\/li><\/ul>\n\n\n\n<p>Migalhas<\/p>\n","protected":false},"excerpt":{"rendered":"<p>Na tarde desta ter\u00e7a-feira, 10, o ministro\u00a0Nunes Marques\u00a0participou a sua primeira sess\u00e3o colegiada de julgamentos no STF. O primeiro caso que contou com a participa\u00e7\u00e3o do novo ministro foi HC no qual o promotor aposentado Fl\u00e1vio Bonazza \u00e9 acusado de organiza\u00e7\u00e3o criminosa e corrup\u00e7\u00e3o, em den\u00fancia que envolve recebimento de propinas por empresas de transporte.<br \/><a class=\"more-link\" href=\"https:\/\/justicapotiguar.com.br\/index.php\/2020\/11\/10\/em-1o-julgamento-no-stf-nunes-marques-vota-por-soltar-promotor-acusado-de-corrupcao\/\">Mais&#8230;<\/a><\/p>\n","protected":false},"author":5,"featured_media":14480,"comment_status":"open","ping_status":"open","sticky":false,"template":"","format":"standard","meta":[],"categories":[3],"tags":[],"_links":{"self":[{"href":"https:\/\/justicapotiguar.com.br\/index.php\/wp-json\/wp\/v2\/posts\/14479"}],"collection":[{"href":"https:\/\/justicapotiguar.com.br\/index.php\/wp-json\/wp\/v2\/posts"}],"about":[{"href":"https:\/\/justicapotiguar.com.br\/index.php\/wp-json\/wp\/v2\/types\/post"}],"author":[{"embeddable":true,"href":"https:\/\/justicapotiguar.com.br\/index.php\/wp-json\/wp\/v2\/users\/5"}],"replies":[{"embeddable":true,"href":"https:\/\/justicapotiguar.com.br\/index.php\/wp-json\/wp\/v2\/comments?post=14479"}],"version-history":[{"count":1,"href":"https:\/\/justicapotiguar.com.br\/index.php\/wp-json\/wp\/v2\/posts\/14479\/revisions"}],"predecessor-version":[{"id":14481,"href":"https:\/\/justicapotiguar.com.br\/index.php\/wp-json\/wp\/v2\/posts\/14479\/revisions\/14481"}],"wp:featuredmedia":[{"embeddable":true,"href":"https:\/\/justicapotiguar.com.br\/index.php\/wp-json\/wp\/v2\/media\/14480"}],"wp:attachment":[{"href":"https:\/\/justicapotiguar.com.br\/index.php\/wp-json\/wp\/v2\/media?parent=14479"}],"wp:term":[{"taxonomy":"category","embeddable":true,"href":"https:\/\/justicapotiguar.com.br\/index.php\/wp-json\/wp\/v2\/categories?post=14479"},{"taxonomy":"post_tag","embeddable":true,"href":"https:\/\/justicapotiguar.com.br\/index.php\/wp-json\/wp\/v2\/tags?post=14479"}],"curies":[{"name":"wp","href":"https:\/\/api.w.org\/{rel}","templated":true}]}}