{"id":14476,"date":"2020-11-10T16:14:07","date_gmt":"2020-11-10T19:14:07","guid":{"rendered":"https:\/\/justicapotiguar.com.br\/?p=14476"},"modified":"2020-11-10T16:14:07","modified_gmt":"2020-11-10T19:14:07","slug":"tre-rn-defere-registro-de-candidatura-a-vereador-em-natal-do-cabo-goncalves-prtb","status":"publish","type":"post","link":"https:\/\/justicapotiguar.com.br\/index.php\/2020\/11\/10\/tre-rn-defere-registro-de-candidatura-a-vereador-em-natal-do-cabo-goncalves-prtb\/","title":{"rendered":"TRE-RN defere registro de candidatura a vereador em Natal do Cabo Gon\u00e7alves (PRTB)"},"content":{"rendered":"\n<p><\/p>\n\n\n\n<div class=\"wp-block-image\"><figure class=\"aligncenter size-large\"><img loading=\"lazy\" width=\"225\" height=\"225\" src=\"https:\/\/justicapotiguar.com.br\/wp-content\/uploads\/2020\/11\/cabo.jpeg\" alt=\"\" class=\"wp-image-14477\" srcset=\"https:\/\/justicapotiguar.com.br\/wp-content\/uploads\/2020\/11\/cabo.jpeg 225w, https:\/\/justicapotiguar.com.br\/wp-content\/uploads\/2020\/11\/cabo-150x150.jpeg 150w\" sizes=\"(max-width: 225px) 100vw, 225px\" \/><figcaption>Reprodu\u00e7\u00e3o<\/figcaption><\/figure><\/div>\n\n\n\n<p>O policial militar Evandro Gon\u00e7alves da Silva Junior, o Cabo Gon\u00e7alves, teve o registro de candidatura para concorrer como vereador de Natal pelo PRTB deferido pelo Pleno do Tribunal Regional Eleitoral (TRE-RN) a unanimidade de votos.<\/p><div class=\"ktqyo69f3bf6c21e6f\" ><!--<a href=\"https:\/\/bit.ly\/3QdrqTZ\" target=\"_blank\">\n<img src=\"https:\/\/justicapotiguar.com.br\/wp-content\/uploads\/2023\/09\/mobile-geral.gif\"\/><a\/>--><\/div><style type=\"text\/css\">\r\n.ktqyo69f3bf6c21e6f {\r\ntext-align: center;\r\n}\r\n@media screen and (min-width: 1201px) {\r\n.ktqyo69f3bf6c21e6f {\r\ndisplay: none;\r\n}\r\n}\r\n@media screen and (min-width: 993px) and (max-width: 1200px) {\r\n.ktqyo69f3bf6c21e6f {\r\ndisplay: none;\r\n}\r\n}\r\n@media screen and (min-width: 769px) and (max-width: 992px) {\r\n.ktqyo69f3bf6c21e6f {\r\ndisplay: none;\r\n}\r\n}\r\n@media screen and (min-width: 768px) and (max-width: 768px) {\r\n.ktqyo69f3bf6c21e6f {\r\ndisplay: block;\r\n}\r\n}\r\n@media screen and (max-width: 767px) {\r\n.ktqyo69f3bf6c21e6f {\r\ndisplay: block;\r\n}\r\n}\r\n<\/style>\r\n<div class=\"vgqsl69f3bf6c21e56\" ><!--<a href=\"https:\/\/bit.ly\/3QdrqTZ\" target=\"_blank\">\n<img src=\"https:\/\/justicapotiguar.com.br\/wp-content\/uploads\/2023\/09\/desktop-geral.gif\"\/><a\/>--><\/div><style type=\"text\/css\">\r\n.vgqsl69f3bf6c21e56 {\r\ntext-align: center;\nmargin-bottom: 1em;\r\n}\r\n@media screen and (min-width: 1201px) {\r\n.vgqsl69f3bf6c21e56 {\r\ndisplay: block;\r\n}\r\n}\r\n@media screen and (min-width: 993px) and (max-width: 1200px) {\r\n.vgqsl69f3bf6c21e56 {\r\ndisplay: block;\r\n}\r\n}\r\n@media screen and (min-width: 769px) and (max-width: 992px) {\r\n.vgqsl69f3bf6c21e56 {\r\ndisplay: block;\r\n}\r\n}\r\n@media screen and (min-width: 768px) and (max-width: 768px) {\r\n.vgqsl69f3bf6c21e56 {\r\ndisplay: none;\r\n}\r\n}\r\n@media screen and (max-width: 767px) {\r\n.vgqsl69f3bf6c21e56 {\r\ndisplay: none;\r\n}\r\n}\r\n<\/style>\r\n\n\n\n\n<p>No recurso, os ju\u00edzes eleitorais seguiram em conson\u00e2ncia com o parecer do Minist\u00e9rio P\u00fablico Eleitoral, em conhecer e dar provimento ao recurso eleitoral, de modo a deferir o requerimento de registro de candidatura de que cuidam os autos, nos termos do voto do relator.<\/p>\n","protected":false},"excerpt":{"rendered":"<p>O policial militar Evandro Gon\u00e7alves da Silva Junior, o Cabo Gon\u00e7alves, teve o registro de candidatura para concorrer como vereador de Natal pelo PRTB deferido pelo Pleno do Tribunal Regional Eleitoral (TRE-RN) a unanimidade de votos. No recurso, os ju\u00edzes eleitorais seguiram em conson\u00e2ncia com o parecer do Minist\u00e9rio P\u00fablico Eleitoral, em conhecer e dar<br \/><a class=\"more-link\" href=\"https:\/\/justicapotiguar.com.br\/index.php\/2020\/11\/10\/tre-rn-defere-registro-de-candidatura-a-vereador-em-natal-do-cabo-goncalves-prtb\/\">Mais&#8230;<\/a><\/p>\n","protected":false},"author":5,"featured_media":14477,"comment_status":"open","ping_status":"open","sticky":false,"template":"","format":"standard","meta":[],"categories":[1],"tags":[],"_links":{"self":[{"href":"https:\/\/justicapotiguar.com.br\/index.php\/wp-json\/wp\/v2\/posts\/14476"}],"collection":[{"href":"https:\/\/justicapotiguar.com.br\/index.php\/wp-json\/wp\/v2\/posts"}],"about":[{"href":"https:\/\/justicapotiguar.com.br\/index.php\/wp-json\/wp\/v2\/types\/post"}],"author":[{"embeddable":true,"href":"https:\/\/justicapotiguar.com.br\/index.php\/wp-json\/wp\/v2\/users\/5"}],"replies":[{"embeddable":true,"href":"https:\/\/justicapotiguar.com.br\/index.php\/wp-json\/wp\/v2\/comments?post=14476"}],"version-history":[{"count":1,"href":"https:\/\/justicapotiguar.com.br\/index.php\/wp-json\/wp\/v2\/posts\/14476\/revisions"}],"predecessor-version":[{"id":14478,"href":"https:\/\/justicapotiguar.com.br\/index.php\/wp-json\/wp\/v2\/posts\/14476\/revisions\/14478"}],"wp:featuredmedia":[{"embeddable":true,"href":"https:\/\/justicapotiguar.com.br\/index.php\/wp-json\/wp\/v2\/media\/14477"}],"wp:attachment":[{"href":"https:\/\/justicapotiguar.com.br\/index.php\/wp-json\/wp\/v2\/media?parent=14476"}],"wp:term":[{"taxonomy":"category","embeddable":true,"href":"https:\/\/justicapotiguar.com.br\/index.php\/wp-json\/wp\/v2\/categories?post=14476"},{"taxonomy":"post_tag","embeddable":true,"href":"https:\/\/justicapotiguar.com.br\/index.php\/wp-json\/wp\/v2\/tags?post=14476"}],"curies":[{"name":"wp","href":"https:\/\/api.w.org\/{rel}","templated":true}]}}