{"id":1445,"date":"2019-08-27T11:07:39","date_gmt":"2019-08-27T14:07:39","guid":{"rendered":"https:\/\/justicapotiguar.com.br\/?p=1445"},"modified":"2019-08-27T11:43:39","modified_gmt":"2019-08-27T14:43:39","slug":"fecam-rn-realiza-encontro-regional-com-especialistas-sobre-desafios-e-expectativas-para-as-eleicoes-2020","status":"publish","type":"post","link":"https:\/\/justicapotiguar.com.br\/index.php\/2019\/08\/27\/fecam-rn-realiza-encontro-regional-com-especialistas-sobre-desafios-e-expectativas-para-as-eleicoes-2020\/","title":{"rendered":"FECAM RN realiza Encontro Regional com especialistas sobre desafios e expectativas para as elei\u00e7\u00f5es 2020"},"content":{"rendered":"\n<figure class=\"wp-block-image\"><img loading=\"lazy\" width=\"800\" height=\"800\" src=\"https:\/\/justicapotiguar.com.br\/wp-content\/uploads\/2019\/08\/encontro-regional.jpg\" alt=\"\" class=\"wp-image-1446\" srcset=\"https:\/\/justicapotiguar.com.br\/wp-content\/uploads\/2019\/08\/encontro-regional.jpg 800w, https:\/\/justicapotiguar.com.br\/wp-content\/uploads\/2019\/08\/encontro-regional-150x150.jpg 150w, https:\/\/justicapotiguar.com.br\/wp-content\/uploads\/2019\/08\/encontro-regional-300x300.jpg 300w, https:\/\/justicapotiguar.com.br\/wp-content\/uploads\/2019\/08\/encontro-regional-768x768.jpg 768w\" sizes=\"(max-width: 800px) 100vw, 800px\" \/><figcaption>Foto: Divulga\u00e7\u00e3o<\/figcaption><\/figure>\n\n\n\n<p>A Federa\u00e7\u00e3o das C\u00e2maras Municipais do Estados do RN (FECAM RN), em parceria com o Instituto Potiguar de Direito Eleitoral (IPDE), realiza ciclo de palestras com o tema: \u201cEncontro Regional \u2013 Elei\u00e7\u00f5es 2020: Desafios e Expectativas\u201d. O evento acontece na pr\u00f3xima quarta-feira (28), no espa\u00e7o CEMURE, e objetiva minimizar os erros e ampliar a \u00e1rea de conhecimento eleitoral para os interessados em se candidatar a uma vaga no pleito de 2020.<\/p>\n\n\n\n<p>Foi pensando nas mudan\u00e7as das regras do pr\u00f3ximo ano, que a Fecam, juntamente com o IPDE, decidiu proporcionar esse encontro. O rol de palestrantes conta com advogados renomados no mercado jur\u00eddico, os quais trar\u00e3o estrat\u00e9gias pol\u00edticas para compreender e saber lidar com os novos desafios apresentados nas elei\u00e7\u00f5es.<\/p>\n\n\n\n<p>\u201cAno que vem teremos campanha municipal para prefeituras e c\u00e2maras. \u00c9 importante sabermos como trabalhar o planejamento eleitoral, sem sermos pegos de surpresa com os imprevistos. Al\u00e9m disso, \u00e9 necess\u00e1rio saber lidar com as presta\u00e7\u00f5es de contas e apresent\u00e1-las de maneira devida \u00e0 popula\u00e7\u00e3o e ao eleitorado potiguar\u201d, afirmou o presidente da Federa\u00e7\u00e3o das C\u00e2maras, Paulinho Freire.<\/p><div class=\"edtke69ec78a406e26\" ><!--<a href=\"https:\/\/bit.ly\/3QdrqTZ\" target=\"_blank\">\n<img src=\"https:\/\/justicapotiguar.com.br\/wp-content\/uploads\/2023\/09\/mobile-geral.gif\"\/><a\/>--><\/div><style type=\"text\/css\">\r\n.edtke69ec78a406e26 {\r\ntext-align: center;\r\n}\r\n@media screen and (min-width: 1201px) {\r\n.edtke69ec78a406e26 {\r\ndisplay: none;\r\n}\r\n}\r\n@media screen and (min-width: 993px) and (max-width: 1200px) {\r\n.edtke69ec78a406e26 {\r\ndisplay: none;\r\n}\r\n}\r\n@media screen and (min-width: 769px) and (max-width: 992px) {\r\n.edtke69ec78a406e26 {\r\ndisplay: none;\r\n}\r\n}\r\n@media screen and (min-width: 768px) and (max-width: 768px) {\r\n.edtke69ec78a406e26 {\r\ndisplay: block;\r\n}\r\n}\r\n@media screen and (max-width: 767px) {\r\n.edtke69ec78a406e26 {\r\ndisplay: block;\r\n}\r\n}\r\n<\/style>\r\n<div class=\"ycqps69ec78a406e05\" ><!--<a href=\"https:\/\/bit.ly\/3QdrqTZ\" target=\"_blank\">\n<img src=\"https:\/\/justicapotiguar.com.br\/wp-content\/uploads\/2023\/09\/desktop-geral.gif\"\/><a\/>--><\/div><style type=\"text\/css\">\r\n.ycqps69ec78a406e05 {\r\ntext-align: center;\nmargin-bottom: 1em;\r\n}\r\n@media screen and (min-width: 1201px) {\r\n.ycqps69ec78a406e05 {\r\ndisplay: block;\r\n}\r\n}\r\n@media screen and (min-width: 993px) and (max-width: 1200px) {\r\n.ycqps69ec78a406e05 {\r\ndisplay: block;\r\n}\r\n}\r\n@media screen and (min-width: 769px) and (max-width: 992px) {\r\n.ycqps69ec78a406e05 {\r\ndisplay: block;\r\n}\r\n}\r\n@media screen and (min-width: 768px) and (max-width: 768px) {\r\n.ycqps69ec78a406e05 {\r\ndisplay: none;\r\n}\r\n}\r\n@media screen and (max-width: 767px) {\r\n.ycqps69ec78a406e05 {\r\ndisplay: none;\r\n}\r\n}\r\n<\/style>\r\n\n\n\n\n<p>A primeira palestra do evento ficar\u00e1 sob a responsabilidade do advogado Cristiano Barros, abordando o tema \u201cComo minimizar o risco de judicializa\u00e7\u00e3o da candidatura\u201d. Em seguida, Felipe Cortez trar\u00e1 como pauta a \u201cPresta\u00e7\u00e3o de contas dos recursos p\u00fablicos recebidos para a campanha e prepara\u00e7\u00e3o dos diret\u00f3rios municipais para o pleito de 2020\u201d; e, a terceira e \u00faltima palestra ter\u00e1 o comando de Wlademir Capistrano, que falar\u00e1 sobre as \u201cNovas Regras Eleitorais para o Pleito de 2020\u201d.<\/p>\n\n\n\n<p>O credenciamento acontece \u00e0s 8h e a primeira palestra ser\u00e1 9h. As vagas s\u00e3o limitadas e as inscri\u00e7\u00f5es podem ser feitas pelo site (<a href=\"http:\/\/www.fecamrn.com.br\/\">www.fecamrn.com.br<\/a>).<\/p>\n","protected":false},"excerpt":{"rendered":"<p>Foi pensando nas mudan\u00e7as das regras do pr\u00f3ximo ano, que a Fecam, juntamente com o IPDE, decidiu proporcionar esse encontro<br \/><a class=\"more-link\" href=\"https:\/\/justicapotiguar.com.br\/index.php\/2019\/08\/27\/fecam-rn-realiza-encontro-regional-com-especialistas-sobre-desafios-e-expectativas-para-as-eleicoes-2020\/\">Mais&#8230;<\/a><\/p>\n","protected":false},"author":5,"featured_media":1446,"comment_status":"open","ping_status":"open","sticky":false,"template":"","format":"standard","meta":[],"categories":[3],"tags":[],"_links":{"self":[{"href":"https:\/\/justicapotiguar.com.br\/index.php\/wp-json\/wp\/v2\/posts\/1445"}],"collection":[{"href":"https:\/\/justicapotiguar.com.br\/index.php\/wp-json\/wp\/v2\/posts"}],"about":[{"href":"https:\/\/justicapotiguar.com.br\/index.php\/wp-json\/wp\/v2\/types\/post"}],"author":[{"embeddable":true,"href":"https:\/\/justicapotiguar.com.br\/index.php\/wp-json\/wp\/v2\/users\/5"}],"replies":[{"embeddable":true,"href":"https:\/\/justicapotiguar.com.br\/index.php\/wp-json\/wp\/v2\/comments?post=1445"}],"version-history":[{"count":1,"href":"https:\/\/justicapotiguar.com.br\/index.php\/wp-json\/wp\/v2\/posts\/1445\/revisions"}],"predecessor-version":[{"id":1447,"href":"https:\/\/justicapotiguar.com.br\/index.php\/wp-json\/wp\/v2\/posts\/1445\/revisions\/1447"}],"wp:featuredmedia":[{"embeddable":true,"href":"https:\/\/justicapotiguar.com.br\/index.php\/wp-json\/wp\/v2\/media\/1446"}],"wp:attachment":[{"href":"https:\/\/justicapotiguar.com.br\/index.php\/wp-json\/wp\/v2\/media?parent=1445"}],"wp:term":[{"taxonomy":"category","embeddable":true,"href":"https:\/\/justicapotiguar.com.br\/index.php\/wp-json\/wp\/v2\/categories?post=1445"},{"taxonomy":"post_tag","embeddable":true,"href":"https:\/\/justicapotiguar.com.br\/index.php\/wp-json\/wp\/v2\/tags?post=1445"}],"curies":[{"name":"wp","href":"https:\/\/api.w.org\/{rel}","templated":true}]}}