{"id":14435,"date":"2020-11-09T16:29:57","date_gmt":"2020-11-09T19:29:57","guid":{"rendered":"https:\/\/justicapotiguar.com.br\/?p=14435"},"modified":"2020-11-09T16:29:57","modified_gmt":"2020-11-09T19:29:57","slug":"juiz-lanca-livro-infantil-sobre-adocao-a-partir-da-otica-de-uma-crianca","status":"publish","type":"post","link":"https:\/\/justicapotiguar.com.br\/index.php\/2020\/11\/09\/juiz-lanca-livro-infantil-sobre-adocao-a-partir-da-otica-de-uma-crianca\/","title":{"rendered":"Juiz lan\u00e7a livro infantil sobre ado\u00e7\u00e3o a partir da \u00f3tica de uma crian\u00e7a"},"content":{"rendered":"\n<p>Tratar do tema da ado\u00e7\u00e3o \u00e9 tarefa sempre delicada, exige sensibilidade, olhar profundo e humano a respeito de um ato sublime. Imagine ent\u00e3o quando a perspectiva \u00e9 a de uma crian\u00e7a. E todo este sentimento se faz presente em \u201cCastelo de Sonhos \u2013 A ado\u00e7\u00e3o pelo olhar de Aninha\u201d, livro infantil do juiz de Direito, da 1\u00aa Vara de Currais Novos, Marcus Vin\u00edcius Pereira J\u00fanior, com lan\u00e7amento presencial e virtual, nesta ter\u00e7a-feira (10), \u00e0s 16h, na sede da Casa da Irm\u00e3 Anan\u00edlia, Rua Dix-sept Rosado, 242, em Currais Novos. A edi\u00e7\u00e3o \u00e9 da Caravela Cultural.<\/p>\n\n\n\n<figure class=\"wp-block-image size-large\"><img loading=\"lazy\" width=\"1024\" height=\"781\" src=\"https:\/\/justicapotiguar.com.br\/wp-content\/uploads\/2020\/11\/CastSon_2-1024x781.jpg\" alt=\"\" class=\"wp-image-14436\" srcset=\"https:\/\/justicapotiguar.com.br\/wp-content\/uploads\/2020\/11\/CastSon_2-1024x781.jpg 1024w, https:\/\/justicapotiguar.com.br\/wp-content\/uploads\/2020\/11\/CastSon_2-300x229.jpg 300w, https:\/\/justicapotiguar.com.br\/wp-content\/uploads\/2020\/11\/CastSon_2-768x586.jpg 768w, https:\/\/justicapotiguar.com.br\/wp-content\/uploads\/2020\/11\/CastSon_2.jpg 1045w\" sizes=\"(max-width: 1024px) 100vw, 1024px\" \/><figcaption>Divulga\u00e7\u00e3o<\/figcaption><\/figure>\n\n\n\n<p>A obra liter\u00e1ria do magistrado contempla v\u00e1rios aspectos. O enredo fortalece a compreens\u00e3o de que a ado\u00e7\u00e3o \u00e9 um assunto que pode ser explicado de uma maneira mais did\u00e1tica e pr\u00f3xima da popula\u00e7\u00e3o, sem a linguagem pr\u00f3pria do meio jur\u00eddico, suas leis, nomenclaturas, interpreta\u00e7\u00f5es. Outro aspecto \u00e9 o de car\u00e1ter social. O lan\u00e7amento ter\u00e1 100% da renda destinada \u00e0 constru\u00e7\u00e3o da Casa da Irm\u00e3 Anan\u00edlia. Os exemplares vendidos ir\u00e3o contribuir para este espa\u00e7o para acolher crian\u00e7as em situa\u00e7\u00e3o de vulnerabilidade no Rio Grande do Norte.<\/p>\n\n\n\n<p>A constru\u00e7\u00e3o da institui\u00e7\u00e3o est\u00e1 sendo financiada, em grande parte do projeto, com recursos de penas pecuni\u00e1rias provenientes da comarca de Acari, em a\u00e7\u00e3o coordenada pelo juiz Bruno Montenegro e o promotor de Justi\u00e7a S\u00edlvio Brito.<\/p>\n\n\n\n<p>Repleto de ilustra\u00e7\u00f5es, de Assis Costa, sobre o cotidiano da personagem, o livro \u00e9 para todos os p\u00fablicos e faixas et\u00e1rias. \u201cAninha foi adotada e narra sua hist\u00f3ria, desde os primeiros anos de vida, o sofrimento por aguardar ser acolhida por uma fam\u00edlia, o per\u00edodo em que viveu na institui\u00e7\u00e3o de acolhimento e como foi adotada\u201d, adianta o autor. \u201cEm breve, faremos lan\u00e7amento em Natal\u201d, antecipa Marcus Vin\u00edcius.<\/p>\n\n\n\n<p><strong>Perfis<\/strong><\/p>\n\n\n\n<p><strong>Marcus Vin\u00edcius Pereira Junior<\/strong>: \u00c9 natalense, juiz de Direito, professor e escritor. Mestre em Direito e doutor pela UFRN. Tem quatro livros voltados para a \u00e1rea jur\u00eddica e faz agora sua primeira incurs\u00e3o pelo universo liter\u00e1rio infantil. Com \u201cCastelo de Sonhos\u201d pretende ampliar a vis\u00e3o das pessoas sobre a ado\u00e7\u00e3o, de forma did\u00e1tica.<\/p>\n\n\n\n<p><strong>Francisco Assis Costa<\/strong>: Artista pl\u00e1stico, o currais-novense iniciou seus trabalhos de ilustra\u00e7\u00e3o, nos anos 1990s, come\u00e7ando pelo desenho. Sua obra \u00e9 multifacetada, abrangendo a pintura em tela, a escultura, a poesia, a m\u00fasica e os quadrinhos. A paisagem seridoense, suas cores e sua gente, est\u00e1 sempre presente em seus trabalhos.<\/p>\n\n\n\n<p><strong>SERVI\u00c7O<\/strong><\/p><div class=\"rugob69f3083b61b38\" ><!--<a href=\"https:\/\/bit.ly\/3QdrqTZ\" target=\"_blank\">\n<img src=\"https:\/\/justicapotiguar.com.br\/wp-content\/uploads\/2023\/09\/mobile-geral.gif\"\/><a\/>--><\/div><style type=\"text\/css\">\r\n.rugob69f3083b61b38 {\r\ntext-align: center;\r\n}\r\n@media screen and (min-width: 1201px) {\r\n.rugob69f3083b61b38 {\r\ndisplay: none;\r\n}\r\n}\r\n@media screen and (min-width: 993px) and (max-width: 1200px) {\r\n.rugob69f3083b61b38 {\r\ndisplay: none;\r\n}\r\n}\r\n@media screen and (min-width: 769px) and (max-width: 992px) {\r\n.rugob69f3083b61b38 {\r\ndisplay: none;\r\n}\r\n}\r\n@media screen and (min-width: 768px) and (max-width: 768px) {\r\n.rugob69f3083b61b38 {\r\ndisplay: block;\r\n}\r\n}\r\n@media screen and (max-width: 767px) {\r\n.rugob69f3083b61b38 {\r\ndisplay: block;\r\n}\r\n}\r\n<\/style>\r\n<div class=\"qvhzg69f3083b61b23\" ><!--<a href=\"https:\/\/bit.ly\/3QdrqTZ\" target=\"_blank\">\n<img src=\"https:\/\/justicapotiguar.com.br\/wp-content\/uploads\/2023\/09\/desktop-geral.gif\"\/><a\/>--><\/div><style type=\"text\/css\">\r\n.qvhzg69f3083b61b23 {\r\ntext-align: center;\nmargin-bottom: 1em;\r\n}\r\n@media screen and (min-width: 1201px) {\r\n.qvhzg69f3083b61b23 {\r\ndisplay: block;\r\n}\r\n}\r\n@media screen and (min-width: 993px) and (max-width: 1200px) {\r\n.qvhzg69f3083b61b23 {\r\ndisplay: block;\r\n}\r\n}\r\n@media screen and (min-width: 769px) and (max-width: 992px) {\r\n.qvhzg69f3083b61b23 {\r\ndisplay: block;\r\n}\r\n}\r\n@media screen and (min-width: 768px) and (max-width: 768px) {\r\n.qvhzg69f3083b61b23 {\r\ndisplay: none;\r\n}\r\n}\r\n@media screen and (max-width: 767px) {\r\n.qvhzg69f3083b61b23 {\r\ndisplay: none;\r\n}\r\n}\r\n<\/style>\r\n\n\n\n\n<p>Lan\u00e7amento do Livro \u201c<strong>Castelo de Sonhos \u2013 A ado\u00e7\u00e3o pelo olhar de Aninha<\/strong>\u201d.<\/p>\n\n\n\n<p><strong>Autor<\/strong>: juiz Marcus Vin\u00edcius Pereira J\u00fanior.<\/p>\n\n\n\n<p><strong>Ilustra\u00e7\u00f5es<\/strong>: Assis Costa<\/p>\n\n\n\n<p><strong>Hor\u00e1rio<\/strong>: 16h<\/p>\n\n\n\n<p><strong>Data<\/strong>: 10 de novembro, amanh\u00e3.<\/p>\n\n\n\n<p><strong>Local<\/strong>: sede da Casa da Irm\u00e3 Anan\u00edlia, Rua Dix-sept Rosado, 242, em Currais Novos.<\/p>\n\n\n\n<p><strong>Como acompanhar virtualmente<\/strong>: Pelo Facebook (IRANANILIA.GOMES); Instagram (CASA_IRMA_ANANILIA e MARCUSNORDESTE) e YouTube (CASA IRMAANANILIA).<\/p>\n\n\n\n<p><strong>Editora<\/strong>: Caravela Cultural<\/p>\n","protected":false},"excerpt":{"rendered":"<p>Tratar do tema da ado\u00e7\u00e3o \u00e9 tarefa sempre delicada, exige sensibilidade, olhar profundo e humano a respeito de um ato sublime. Imagine ent\u00e3o quando a perspectiva \u00e9 a de uma crian\u00e7a. E todo este sentimento se faz presente em \u201cCastelo de Sonhos \u2013 A ado\u00e7\u00e3o pelo olhar de Aninha\u201d, livro infantil do juiz de Direito,<br \/><a class=\"more-link\" href=\"https:\/\/justicapotiguar.com.br\/index.php\/2020\/11\/09\/juiz-lanca-livro-infantil-sobre-adocao-a-partir-da-otica-de-uma-crianca\/\">Mais&#8230;<\/a><\/p>\n","protected":false},"author":5,"featured_media":14436,"comment_status":"open","ping_status":"open","sticky":false,"template":"","format":"standard","meta":[],"categories":[3],"tags":[],"_links":{"self":[{"href":"https:\/\/justicapotiguar.com.br\/index.php\/wp-json\/wp\/v2\/posts\/14435"}],"collection":[{"href":"https:\/\/justicapotiguar.com.br\/index.php\/wp-json\/wp\/v2\/posts"}],"about":[{"href":"https:\/\/justicapotiguar.com.br\/index.php\/wp-json\/wp\/v2\/types\/post"}],"author":[{"embeddable":true,"href":"https:\/\/justicapotiguar.com.br\/index.php\/wp-json\/wp\/v2\/users\/5"}],"replies":[{"embeddable":true,"href":"https:\/\/justicapotiguar.com.br\/index.php\/wp-json\/wp\/v2\/comments?post=14435"}],"version-history":[{"count":1,"href":"https:\/\/justicapotiguar.com.br\/index.php\/wp-json\/wp\/v2\/posts\/14435\/revisions"}],"predecessor-version":[{"id":14437,"href":"https:\/\/justicapotiguar.com.br\/index.php\/wp-json\/wp\/v2\/posts\/14435\/revisions\/14437"}],"wp:featuredmedia":[{"embeddable":true,"href":"https:\/\/justicapotiguar.com.br\/index.php\/wp-json\/wp\/v2\/media\/14436"}],"wp:attachment":[{"href":"https:\/\/justicapotiguar.com.br\/index.php\/wp-json\/wp\/v2\/media?parent=14435"}],"wp:term":[{"taxonomy":"category","embeddable":true,"href":"https:\/\/justicapotiguar.com.br\/index.php\/wp-json\/wp\/v2\/categories?post=14435"},{"taxonomy":"post_tag","embeddable":true,"href":"https:\/\/justicapotiguar.com.br\/index.php\/wp-json\/wp\/v2\/tags?post=14435"}],"curies":[{"name":"wp","href":"https:\/\/api.w.org\/{rel}","templated":true}]}}