{"id":1443,"date":"2019-08-27T10:00:38","date_gmt":"2019-08-27T13:00:38","guid":{"rendered":"https:\/\/justicapotiguar.com.br\/?p=1443"},"modified":"2019-08-27T09:19:52","modified_gmt":"2019-08-27T12:19:52","slug":"mprn-promovera-minicurso-sobre-plano-diretor-de-natal-2","status":"publish","type":"post","link":"https:\/\/justicapotiguar.com.br\/index.php\/2019\/08\/27\/mprn-promovera-minicurso-sobre-plano-diretor-de-natal-2\/","title":{"rendered":"MPRN promover\u00e1 minicurso sobre Plano Diretor de Natal"},"content":{"rendered":"\n<figure class=\"wp-block-image\"><img loading=\"lazy\" width=\"800\" height=\"579\" src=\"https:\/\/justicapotiguar.com.br\/wp-content\/uploads\/2019\/08\/MP-RN-9.jpg\" alt=\"\" class=\"wp-image-714\" srcset=\"https:\/\/justicapotiguar.com.br\/wp-content\/uploads\/2019\/08\/MP-RN-9.jpg 800w, https:\/\/justicapotiguar.com.br\/wp-content\/uploads\/2019\/08\/MP-RN-9-300x217.jpg 300w, https:\/\/justicapotiguar.com.br\/wp-content\/uploads\/2019\/08\/MP-RN-9-768x556.jpg 768w\" sizes=\"(max-width: 800px) 100vw, 800px\" \/><figcaption>Foto: Divulga\u00e7\u00e3o<\/figcaption><\/figure>\n\n\n\n<p> \u201cEntendendo a cidade de Natal\u201d. Este \u00e9 o tema de um minicurso a ser realizado pelo Minist\u00e9rio P\u00fablico do Rio Grande do Norte (MPRN), por meio da 45\u00aa Promotoria de Justi\u00e7a de Defesa do Meio Ambiente, no dia 29 de agosto, e que objetiva esclarecer de forma did\u00e1tica o Plano Diretor de Natal para qualquer cidad\u00e3o que se interesse pelo assunto. O evento acontecer\u00e1 no audit\u00f3rio da sede do Minist\u00e9rio P\u00fablico do Rio Grande do Norte (MPRN), em Candel\u00e1ria, das 8h \u00e0s 13 horas.\u00a0<\/p>\n\n\n\n<p>\u00a0\u201cQueremos contribuir para que as pessoas conhe\u00e7am o Plano Diretor e compreendam as regras b\u00e1sicas que existem na cidade, relativas \u00e0 ocupa\u00e7\u00e3o do solo, prote\u00e7\u00e3o ambiental, arboriza\u00e7\u00e3o urbana, mobilidade, participa\u00e7\u00e3o popular, desenvolvimento sustent\u00e1vel e v\u00e1rios outros temas relacionados\u201d, contou a 45\u00aa promotora de Justi\u00e7a que atua na defesa do Meio Ambiente, Gilka da Mata. <\/p><div class=\"hpsdz69ec8dcbedf04\" ><!--<a href=\"https:\/\/bit.ly\/3QdrqTZ\" target=\"_blank\">\n<img src=\"https:\/\/justicapotiguar.com.br\/wp-content\/uploads\/2023\/09\/mobile-geral.gif\"\/><a\/>--><\/div><style type=\"text\/css\">\r\n.hpsdz69ec8dcbedf04 {\r\ntext-align: center;\r\n}\r\n@media screen and (min-width: 1201px) {\r\n.hpsdz69ec8dcbedf04 {\r\ndisplay: none;\r\n}\r\n}\r\n@media screen and (min-width: 993px) and (max-width: 1200px) {\r\n.hpsdz69ec8dcbedf04 {\r\ndisplay: none;\r\n}\r\n}\r\n@media screen and (min-width: 769px) and (max-width: 992px) {\r\n.hpsdz69ec8dcbedf04 {\r\ndisplay: none;\r\n}\r\n}\r\n@media screen and (min-width: 768px) and (max-width: 768px) {\r\n.hpsdz69ec8dcbedf04 {\r\ndisplay: block;\r\n}\r\n}\r\n@media screen and (max-width: 767px) {\r\n.hpsdz69ec8dcbedf04 {\r\ndisplay: block;\r\n}\r\n}\r\n<\/style>\r\n<div class=\"gfygs69ec8dcbedee8\" ><!--<a href=\"https:\/\/bit.ly\/3QdrqTZ\" target=\"_blank\">\n<img src=\"https:\/\/justicapotiguar.com.br\/wp-content\/uploads\/2023\/09\/desktop-geral.gif\"\/><a\/>--><\/div><style type=\"text\/css\">\r\n.gfygs69ec8dcbedee8 {\r\ntext-align: center;\nmargin-bottom: 1em;\r\n}\r\n@media screen and (min-width: 1201px) {\r\n.gfygs69ec8dcbedee8 {\r\ndisplay: block;\r\n}\r\n}\r\n@media screen and (min-width: 993px) and (max-width: 1200px) {\r\n.gfygs69ec8dcbedee8 {\r\ndisplay: block;\r\n}\r\n}\r\n@media screen and (min-width: 769px) and (max-width: 992px) {\r\n.gfygs69ec8dcbedee8 {\r\ndisplay: block;\r\n}\r\n}\r\n@media screen and (min-width: 768px) and (max-width: 768px) {\r\n.gfygs69ec8dcbedee8 {\r\ndisplay: none;\r\n}\r\n}\r\n@media screen and (max-width: 767px) {\r\n.gfygs69ec8dcbedee8 {\r\ndisplay: none;\r\n}\r\n}\r\n<\/style>\r\n\n\n\n\n<p>A representante ministerial ir\u00e1 conduzir o minicurso em parceira com a assistente ministerial, a arquiteta e urbanista, Ana Cl\u00e1udia Lima.\u00a0\u00a0Assim, entre os objetivos do evento est\u00e3o estimular a participa\u00e7\u00e3o da popula\u00e7\u00e3o nas a\u00e7\u00f5es, planos, programas, projetos e outras iniciativas voltadas para o desenvolvimento urbano e a melhoria da qualidade de vida em Natal. Na oportunidade o publico tamb\u00e9m se inteirar, de forma detalhada, o trabalho do MPRN no acompanhamento da revis\u00e3o do Plano Diretor.\u00a0\u00a0<\/p>\n\n\n\n<p>Com dura\u00e7\u00e3o de cinco horas, o minicurso ter\u00e1 palestras expositivas educativas e tamb\u00e9m atividades guiadas. \u201cAbordaremos alguns casos pr\u00e1ticos para facilitar o entendimento da legisla\u00e7\u00e3o pertinente\u201d, completou a promotora de Justi\u00e7a. Cada participante receber\u00e1 uma cartilha ilustrada sobre a mat\u00e9ria abordada.<br><\/p>\n","protected":false},"excerpt":{"rendered":"<p>Objetivo \u00e9 que a popula\u00e7\u00e3o entenda a cidade e possa contribuir na revis\u00e3o desse plano<br \/>\n<br \/><a class=\"more-link\" href=\"https:\/\/justicapotiguar.com.br\/index.php\/2019\/08\/27\/mprn-promovera-minicurso-sobre-plano-diretor-de-natal-2\/\">Mais&#8230;<\/a><\/p>\n","protected":false},"author":5,"featured_media":714,"comment_status":"open","ping_status":"open","sticky":false,"template":"","format":"standard","meta":[],"categories":[3],"tags":[],"_links":{"self":[{"href":"https:\/\/justicapotiguar.com.br\/index.php\/wp-json\/wp\/v2\/posts\/1443"}],"collection":[{"href":"https:\/\/justicapotiguar.com.br\/index.php\/wp-json\/wp\/v2\/posts"}],"about":[{"href":"https:\/\/justicapotiguar.com.br\/index.php\/wp-json\/wp\/v2\/types\/post"}],"author":[{"embeddable":true,"href":"https:\/\/justicapotiguar.com.br\/index.php\/wp-json\/wp\/v2\/users\/5"}],"replies":[{"embeddable":true,"href":"https:\/\/justicapotiguar.com.br\/index.php\/wp-json\/wp\/v2\/comments?post=1443"}],"version-history":[{"count":1,"href":"https:\/\/justicapotiguar.com.br\/index.php\/wp-json\/wp\/v2\/posts\/1443\/revisions"}],"predecessor-version":[{"id":1444,"href":"https:\/\/justicapotiguar.com.br\/index.php\/wp-json\/wp\/v2\/posts\/1443\/revisions\/1444"}],"wp:featuredmedia":[{"embeddable":true,"href":"https:\/\/justicapotiguar.com.br\/index.php\/wp-json\/wp\/v2\/media\/714"}],"wp:attachment":[{"href":"https:\/\/justicapotiguar.com.br\/index.php\/wp-json\/wp\/v2\/media?parent=1443"}],"wp:term":[{"taxonomy":"category","embeddable":true,"href":"https:\/\/justicapotiguar.com.br\/index.php\/wp-json\/wp\/v2\/categories?post=1443"},{"taxonomy":"post_tag","embeddable":true,"href":"https:\/\/justicapotiguar.com.br\/index.php\/wp-json\/wp\/v2\/tags?post=1443"}],"curies":[{"name":"wp","href":"https:\/\/api.w.org\/{rel}","templated":true}]}}