{"id":1441,"date":"2019-08-27T09:07:26","date_gmt":"2019-08-27T12:07:26","guid":{"rendered":"https:\/\/justicapotiguar.com.br\/?p=1441"},"modified":"2019-08-27T08:08:59","modified_gmt":"2019-08-27T11:08:59","slug":"hospital-indenizara-paciente-presa-apos-medicos-denunciarem-aborto","status":"publish","type":"post","link":"https:\/\/justicapotiguar.com.br\/index.php\/2019\/08\/27\/hospital-indenizara-paciente-presa-apos-medicos-denunciarem-aborto\/","title":{"rendered":"Hospital indenizar\u00e1 paciente presa ap\u00f3s m\u00e9dicos denunciarem aborto"},"content":{"rendered":"\n<figure class=\"wp-block-image is-resized\"><img loading=\"lazy\" src=\"https:\/\/justicapotiguar.com.br\/wp-content\/uploads\/2019\/08\/download-3.jpeg\" alt=\"\" class=\"wp-image-1387\" width=\"464\" height=\"248\" srcset=\"https:\/\/justicapotiguar.com.br\/wp-content\/uploads\/2019\/08\/download-3.jpeg 307w, https:\/\/justicapotiguar.com.br\/wp-content\/uploads\/2019\/08\/download-3-300x160.jpeg 300w\" sizes=\"(max-width: 464px) 100vw, 464px\" \/><figcaption>Foto: Reprodu\u00e7\u00e3o<\/figcaption><\/figure>\n\n\n\n<p>Por entender que houve quebra de sigilo profissional, o que configura dano&nbsp;moral, a 3\u00aa C\u00e2mara de Direito P\u00fablico do Tribunal de Justi\u00e7a de S\u00e3o Paulo condenou um hospital a indenizar uma paciente que foi presa em flagrante depois que m\u00e9dicos denunciaram \u00e0 pol\u00edcia que ela teria feito um aborto.&nbsp;A repara\u00e7\u00e3o foi fixada em R$ 5 mil.<\/p>\n\n\n\n<p>Segundo o relator, desembargador Maur\u00edcio Fiorito, o fato analisado&nbsp;foi somente a&nbsp;quebra do sigilo profissional, e n\u00e3o a suposta ocorr\u00eancia de aborto ou a a\u00e7\u00e3o da pol\u00edcia, pois o m\u00e9rito da pris\u00e3o n\u00e3o \u00e9 objeto dos autos e o Estado de S\u00e3o Paulo tamb\u00e9m n\u00e3o consta&nbsp;no polo passivo da a\u00e7\u00e3o.<\/p>\n\n\n\n<p>O desembargador destacou em seu voto que o C\u00f3digo de \u00c9tica M\u00e9dica veda a revela\u00e7\u00e3o de informa\u00e7\u00f5es pessoais de paciente obtidas em virtude do exerc\u00edcio profissional que possam gerar investiga\u00e7\u00f5es policiais ou expor o paciente a um processo penal.<\/p><div class=\"heqea69ef234966d56\" ><!--<a href=\"https:\/\/bit.ly\/3QdrqTZ\" target=\"_blank\">\n<img src=\"https:\/\/justicapotiguar.com.br\/wp-content\/uploads\/2023\/09\/mobile-geral.gif\"\/><a\/>--><\/div><style type=\"text\/css\">\r\n.heqea69ef234966d56 {\r\ntext-align: center;\r\n}\r\n@media screen and (min-width: 1201px) {\r\n.heqea69ef234966d56 {\r\ndisplay: none;\r\n}\r\n}\r\n@media screen and (min-width: 993px) and (max-width: 1200px) {\r\n.heqea69ef234966d56 {\r\ndisplay: none;\r\n}\r\n}\r\n@media screen and (min-width: 769px) and (max-width: 992px) {\r\n.heqea69ef234966d56 {\r\ndisplay: none;\r\n}\r\n}\r\n@media screen and (min-width: 768px) and (max-width: 768px) {\r\n.heqea69ef234966d56 {\r\ndisplay: block;\r\n}\r\n}\r\n@media screen and (max-width: 767px) {\r\n.heqea69ef234966d56 {\r\ndisplay: block;\r\n}\r\n}\r\n<\/style>\r\n<div class=\"ewkzu69ef234966d42\" ><!--<a href=\"https:\/\/bit.ly\/3QdrqTZ\" target=\"_blank\">\n<img src=\"https:\/\/justicapotiguar.com.br\/wp-content\/uploads\/2023\/09\/desktop-geral.gif\"\/><a\/>--><\/div><style type=\"text\/css\">\r\n.ewkzu69ef234966d42 {\r\ntext-align: center;\nmargin-bottom: 1em;\r\n}\r\n@media screen and (min-width: 1201px) {\r\n.ewkzu69ef234966d42 {\r\ndisplay: block;\r\n}\r\n}\r\n@media screen and (min-width: 993px) and (max-width: 1200px) {\r\n.ewkzu69ef234966d42 {\r\ndisplay: block;\r\n}\r\n}\r\n@media screen and (min-width: 769px) and (max-width: 992px) {\r\n.ewkzu69ef234966d42 {\r\ndisplay: block;\r\n}\r\n}\r\n@media screen and (min-width: 768px) and (max-width: 768px) {\r\n.ewkzu69ef234966d42 {\r\ndisplay: none;\r\n}\r\n}\r\n@media screen and (max-width: 767px) {\r\n.ewkzu69ef234966d42 {\r\ndisplay: none;\r\n}\r\n}\r\n<\/style>\r\n\n\n\n\n<p>\u201cA conduta dos representantes da r\u00e9, portanto, destoou do dever profissional destes, sendo, portanto, il\u00edcita. Refor\u00e7a a tese de ilicitude do ato praticado o fato de sequer ser admitido como prova o depoimento de m\u00e9dico em viola\u00e7\u00e3o do dever de sigilo profissional\u201d, afirmou o relator.&nbsp;<\/p>\n\n\n\n<p>Consta nos autos que a\u00a0gr\u00e1vida deu entrada no hospital sentindo fortes dores abdominais, febre e taquicardia. Os m\u00e9dicos suspeitaram da ocorr\u00eancia\u00a0de aborto e comunicaram o fato \u00e0 pol\u00edcia. A autora foi presa em flagrante e solta no dia seguinte por decis\u00e3o da Justi\u00e7a.\u00a0<\/p>\n\n\n\n<p><strong>Conjur<\/strong><\/p>\n","protected":false},"excerpt":{"rendered":"<p>A repara\u00e7\u00e3o foi fixada em R$ 5 mil.<br \/><a class=\"more-link\" href=\"https:\/\/justicapotiguar.com.br\/index.php\/2019\/08\/27\/hospital-indenizara-paciente-presa-apos-medicos-denunciarem-aborto\/\">Mais&#8230;<\/a><\/p>\n","protected":false},"author":5,"featured_media":1387,"comment_status":"open","ping_status":"open","sticky":false,"template":"","format":"standard","meta":[],"categories":[3],"tags":[],"_links":{"self":[{"href":"https:\/\/justicapotiguar.com.br\/index.php\/wp-json\/wp\/v2\/posts\/1441"}],"collection":[{"href":"https:\/\/justicapotiguar.com.br\/index.php\/wp-json\/wp\/v2\/posts"}],"about":[{"href":"https:\/\/justicapotiguar.com.br\/index.php\/wp-json\/wp\/v2\/types\/post"}],"author":[{"embeddable":true,"href":"https:\/\/justicapotiguar.com.br\/index.php\/wp-json\/wp\/v2\/users\/5"}],"replies":[{"embeddable":true,"href":"https:\/\/justicapotiguar.com.br\/index.php\/wp-json\/wp\/v2\/comments?post=1441"}],"version-history":[{"count":1,"href":"https:\/\/justicapotiguar.com.br\/index.php\/wp-json\/wp\/v2\/posts\/1441\/revisions"}],"predecessor-version":[{"id":1442,"href":"https:\/\/justicapotiguar.com.br\/index.php\/wp-json\/wp\/v2\/posts\/1441\/revisions\/1442"}],"wp:featuredmedia":[{"embeddable":true,"href":"https:\/\/justicapotiguar.com.br\/index.php\/wp-json\/wp\/v2\/media\/1387"}],"wp:attachment":[{"href":"https:\/\/justicapotiguar.com.br\/index.php\/wp-json\/wp\/v2\/media?parent=1441"}],"wp:term":[{"taxonomy":"category","embeddable":true,"href":"https:\/\/justicapotiguar.com.br\/index.php\/wp-json\/wp\/v2\/categories?post=1441"},{"taxonomy":"post_tag","embeddable":true,"href":"https:\/\/justicapotiguar.com.br\/index.php\/wp-json\/wp\/v2\/tags?post=1441"}],"curies":[{"name":"wp","href":"https:\/\/api.w.org\/{rel}","templated":true}]}}