{"id":14309,"date":"2020-11-04T11:08:40","date_gmt":"2020-11-04T14:08:40","guid":{"rendered":"https:\/\/justicapotiguar.com.br\/?p=14309"},"modified":"2020-11-04T11:08:40","modified_gmt":"2020-11-04T14:08:40","slug":"oab-rn-repudia-humilhacao-e-tese-de-estupro-culposo-no-caso-mariana-ferrer","status":"publish","type":"post","link":"https:\/\/justicapotiguar.com.br\/index.php\/2020\/11\/04\/oab-rn-repudia-humilhacao-e-tese-de-estupro-culposo-no-caso-mariana-ferrer\/","title":{"rendered":"OAB-RN repudia humilha\u00e7\u00e3o e tese de &#8220;estupro culposo&#8221; no caso Mariana Ferrer"},"content":{"rendered":"\n<figure class=\"wp-block-image\"><img src=\"https:\/\/www.oabrn.org.br\/2017\/_ups\/noticias\/2020\/11\/03\/28d411dfd7e0e48d100aea652b6e1de4.png\" alt=\"\" title=\"\"\/><\/figure>\n\n\n\n<p>Em meio a pol\u00eamica do caso Mariana Ferrer com a divulga\u00e7\u00e3o da absolvi\u00e7\u00e3o do r\u00e9u acusado de estupro e divulga\u00e7\u00e3o do v\u00eddeo da audi\u00eancia com cenas que geraram revolta na comunidade jur\u00eddica, a Comiss\u00e3o da Mulher Advogada da OAB-RN soltou nota de rep\u00fadio sobre o epis\u00f3dio, confira na \u00edntegra.<\/p>\n\n\n\n<p><\/p>\n\n\n\n<h4><strong>Nota de Rep\u00fadio<\/strong><\/h4>\n\n\n\n<p>A Comiss\u00e3o da Mulher Advogada da Ordem dos Advogados do Brasil, Seccional do Rio Grande do Norte, repudia veemente o conte\u00fado de cenas da audi\u00eancia do Caso Mariana Ferrer, em que um Advogado tortura e humilha Mariana, expondo fotos que nada tem a ver com o processo. &nbsp;&nbsp;<\/p><div class=\"jvrxv69f07a0b56695\" ><!--<a href=\"https:\/\/bit.ly\/3QdrqTZ\" target=\"_blank\">\n<img src=\"https:\/\/justicapotiguar.com.br\/wp-content\/uploads\/2023\/09\/mobile-geral.gif\"\/><a\/>--><\/div><style type=\"text\/css\">\r\n.jvrxv69f07a0b56695 {\r\ntext-align: center;\r\n}\r\n@media screen and (min-width: 1201px) {\r\n.jvrxv69f07a0b56695 {\r\ndisplay: none;\r\n}\r\n}\r\n@media screen and (min-width: 993px) and (max-width: 1200px) {\r\n.jvrxv69f07a0b56695 {\r\ndisplay: none;\r\n}\r\n}\r\n@media screen and (min-width: 769px) and (max-width: 992px) {\r\n.jvrxv69f07a0b56695 {\r\ndisplay: none;\r\n}\r\n}\r\n@media screen and (min-width: 768px) and (max-width: 768px) {\r\n.jvrxv69f07a0b56695 {\r\ndisplay: block;\r\n}\r\n}\r\n@media screen and (max-width: 767px) {\r\n.jvrxv69f07a0b56695 {\r\ndisplay: block;\r\n}\r\n}\r\n<\/style>\r\n<div class=\"zwldi69f07a0b5667a\" ><!--<a href=\"https:\/\/bit.ly\/3QdrqTZ\" target=\"_blank\">\n<img src=\"https:\/\/justicapotiguar.com.br\/wp-content\/uploads\/2023\/09\/desktop-geral.gif\"\/><a\/>--><\/div><style type=\"text\/css\">\r\n.zwldi69f07a0b5667a {\r\ntext-align: center;\nmargin-bottom: 1em;\r\n}\r\n@media screen and (min-width: 1201px) {\r\n.zwldi69f07a0b5667a {\r\ndisplay: block;\r\n}\r\n}\r\n@media screen and (min-width: 993px) and (max-width: 1200px) {\r\n.zwldi69f07a0b5667a {\r\ndisplay: block;\r\n}\r\n}\r\n@media screen and (min-width: 769px) and (max-width: 992px) {\r\n.zwldi69f07a0b5667a {\r\ndisplay: block;\r\n}\r\n}\r\n@media screen and (min-width: 768px) and (max-width: 768px) {\r\n.zwldi69f07a0b5667a {\r\ndisplay: none;\r\n}\r\n}\r\n@media screen and (max-width: 767px) {\r\n.zwldi69f07a0b5667a {\r\ndisplay: none;\r\n}\r\n}\r\n<\/style>\r\n\n\n\n\n<p>O tese apresentada de estupro culposo, no caso Mariana Ferrer, j\u00e1 \u00e9 por si s\u00f3, uma prova inconteste do machismo estrutural que ainda contamina grande parte da sociedade brasileira. &nbsp;A OAB\/RN considera estarrecedor verificar o comportamento dos agentes p\u00fablicos presentes na audi\u00eancia que, inertes, permitiram e endossaram tamanha humilha\u00e7\u00e3o, a qual foi submetida a v\u00edtima perante representantes do Poder Judici\u00e1rio, Minist\u00e9rio P\u00fablico e Defensoria P\u00fablica.<\/p>\n\n\n\n<p>A Ordem do Advogados do Brasil, Seccional Rio Grande do Norte, por interm\u00e9dio da Comiss\u00e3o da Mulher Advogada, reafirma o seu compromisso de trabalho incans\u00e1vel para que os princ\u00edpios do Estado Democr\u00e1tico de Direito sejam resguardados, proporcionando, &nbsp;inclusive, \u00e0s mulheres a garantia de tratamento de urbanidade e decoro. O Poder Judici\u00e1rio tem como fun\u00e7\u00e3o defender os direitos de cada cidad\u00e3o, promovendo a justi\u00e7a e paz. &nbsp;<\/p>\n\n\n\n<p><em>Natal, 03 de novembro de 2020.<\/em><br><strong>Comiss\u00e3o da Mulher Advogada<br>Ordem dos Advogados do Brasil &#8211; Seccional Rio Grande do Norte<\/strong><\/p>\n","protected":false},"excerpt":{"rendered":"<p>Em meio a pol\u00eamica do caso Mariana Ferrer com a divulga\u00e7\u00e3o da absolvi\u00e7\u00e3o do r\u00e9u acusado de estupro e divulga\u00e7\u00e3o do v\u00eddeo da audi\u00eancia com cenas que geraram revolta na comunidade jur\u00eddica, a Comiss\u00e3o da Mulher Advogada da OAB-RN soltou nota de rep\u00fadio sobre o epis\u00f3dio, confira na \u00edntegra. Nota de Rep\u00fadio A Comiss\u00e3o da<br \/><a class=\"more-link\" href=\"https:\/\/justicapotiguar.com.br\/index.php\/2020\/11\/04\/oab-rn-repudia-humilhacao-e-tese-de-estupro-culposo-no-caso-mariana-ferrer\/\">Mais&#8230;<\/a><\/p>\n","protected":false},"author":5,"featured_media":14277,"comment_status":"open","ping_status":"open","sticky":false,"template":"","format":"standard","meta":[],"categories":[3],"tags":[],"_links":{"self":[{"href":"https:\/\/justicapotiguar.com.br\/index.php\/wp-json\/wp\/v2\/posts\/14309"}],"collection":[{"href":"https:\/\/justicapotiguar.com.br\/index.php\/wp-json\/wp\/v2\/posts"}],"about":[{"href":"https:\/\/justicapotiguar.com.br\/index.php\/wp-json\/wp\/v2\/types\/post"}],"author":[{"embeddable":true,"href":"https:\/\/justicapotiguar.com.br\/index.php\/wp-json\/wp\/v2\/users\/5"}],"replies":[{"embeddable":true,"href":"https:\/\/justicapotiguar.com.br\/index.php\/wp-json\/wp\/v2\/comments?post=14309"}],"version-history":[{"count":1,"href":"https:\/\/justicapotiguar.com.br\/index.php\/wp-json\/wp\/v2\/posts\/14309\/revisions"}],"predecessor-version":[{"id":14310,"href":"https:\/\/justicapotiguar.com.br\/index.php\/wp-json\/wp\/v2\/posts\/14309\/revisions\/14310"}],"wp:featuredmedia":[{"embeddable":true,"href":"https:\/\/justicapotiguar.com.br\/index.php\/wp-json\/wp\/v2\/media\/14277"}],"wp:attachment":[{"href":"https:\/\/justicapotiguar.com.br\/index.php\/wp-json\/wp\/v2\/media?parent=14309"}],"wp:term":[{"taxonomy":"category","embeddable":true,"href":"https:\/\/justicapotiguar.com.br\/index.php\/wp-json\/wp\/v2\/categories?post=14309"},{"taxonomy":"post_tag","embeddable":true,"href":"https:\/\/justicapotiguar.com.br\/index.php\/wp-json\/wp\/v2\/tags?post=14309"}],"curies":[{"name":"wp","href":"https:\/\/api.w.org\/{rel}","templated":true}]}}