{"id":14307,"date":"2020-11-04T10:33:14","date_gmt":"2020-11-04T13:33:14","guid":{"rendered":"https:\/\/justicapotiguar.com.br\/?p=14307"},"modified":"2020-11-04T10:33:14","modified_gmt":"2020-11-04T13:33:14","slug":"stj-aciona-a-policia-federal-por-possivel-ataque-cibernetico-site-esta-fora-do-ar","status":"publish","type":"post","link":"https:\/\/justicapotiguar.com.br\/index.php\/2020\/11\/04\/stj-aciona-a-policia-federal-por-possivel-ataque-cibernetico-site-esta-fora-do-ar\/","title":{"rendered":"STJ aciona a Pol\u00edcia Federal por poss\u00edvel ataque cibern\u00e9tico, site est\u00e1 fora do ar"},"content":{"rendered":"\n<p>A presid\u00eancia do STJ acionou a Pol\u00edcia Federal para investigar poss\u00edvel ataque cibern\u00e9tico aos sistemas da Corte.<\/p>\n\n\n\n<p>O Tribunal est\u00e1 com problemas no sistema desde a tarde desta ter\u00e7a-feira, 3, quando foram interrompidas as transmiss\u00f5es de todas as sess\u00f5es, que aconteciam de forma virtual. O site do Tribunal tamb\u00e9m est\u00e1 indispon\u00edvel.<\/p>\n\n\n\n<figure class=\"wp-block-image\"><img src=\"\" alt=\"\"\/><\/figure>\n\n\n\n<figure class=\"wp-block-image\"><img src=\"https:\/\/img2-migalhas-uol-com-br.cdn.ampproject.org\/i\/s\/img2.migalhas.uol.com.br\/_MEDPROC_\/https__img1.migalhas.uol.com.br__SL__gf_base__SL__empresas__SL__MIGA__SL__imagens__SL__2020__SL__11__SL__04__SL__776f1799-9267-463b-86bc-5ba467cc65b1.jpg._PROC_R1W1000H680CP75.jpg\" alt=\"(Imagem: Flickr STJ)\"\/><\/figure>\n\n\n\n<p>(IMAGEM: FLICKR STJ)<\/p>\n\n\n\n<p><strong>Prazos<\/strong><\/p><div class=\"hwnpx69f0629d70b5d\" ><!--<a href=\"https:\/\/bit.ly\/3QdrqTZ\" target=\"_blank\">\n<img src=\"https:\/\/justicapotiguar.com.br\/wp-content\/uploads\/2023\/09\/mobile-geral.gif\"\/><a\/>--><\/div><style type=\"text\/css\">\r\n.hwnpx69f0629d70b5d {\r\ntext-align: center;\r\n}\r\n@media screen and (min-width: 1201px) {\r\n.hwnpx69f0629d70b5d {\r\ndisplay: none;\r\n}\r\n}\r\n@media screen and (min-width: 993px) and (max-width: 1200px) {\r\n.hwnpx69f0629d70b5d {\r\ndisplay: none;\r\n}\r\n}\r\n@media screen and (min-width: 769px) and (max-width: 992px) {\r\n.hwnpx69f0629d70b5d {\r\ndisplay: none;\r\n}\r\n}\r\n@media screen and (min-width: 768px) and (max-width: 768px) {\r\n.hwnpx69f0629d70b5d {\r\ndisplay: block;\r\n}\r\n}\r\n@media screen and (max-width: 767px) {\r\n.hwnpx69f0629d70b5d {\r\ndisplay: block;\r\n}\r\n}\r\n<\/style>\r\n<div class=\"qshym69f0629d70b40\" ><!--<a href=\"https:\/\/bit.ly\/3QdrqTZ\" target=\"_blank\">\n<img src=\"https:\/\/justicapotiguar.com.br\/wp-content\/uploads\/2023\/09\/desktop-geral.gif\"\/><a\/>--><\/div><style type=\"text\/css\">\r\n.qshym69f0629d70b40 {\r\ntext-align: center;\nmargin-bottom: 1em;\r\n}\r\n@media screen and (min-width: 1201px) {\r\n.qshym69f0629d70b40 {\r\ndisplay: block;\r\n}\r\n}\r\n@media screen and (min-width: 993px) and (max-width: 1200px) {\r\n.qshym69f0629d70b40 {\r\ndisplay: block;\r\n}\r\n}\r\n@media screen and (min-width: 769px) and (max-width: 992px) {\r\n.qshym69f0629d70b40 {\r\ndisplay: block;\r\n}\r\n}\r\n@media screen and (min-width: 768px) and (max-width: 768px) {\r\n.qshym69f0629d70b40 {\r\ndisplay: none;\r\n}\r\n}\r\n@media screen and (max-width: 767px) {\r\n.qshym69f0629d70b40 {\r\ndisplay: none;\r\n}\r\n}\r\n<\/style>\r\n\n\n\n\n<p>Em nota, a assessoria da Corte informou que as transmiss\u00f5es apresentaram instabilidade e por isso foram encerradas ou suspensas, e que os casos ser\u00e3o retomados na pr\u00f3xima ter\u00e7a, 10.<\/p>\n\n\n\n<p>Diante da situa\u00e7\u00e3o, os prazos que se encerrariam no dia 3 ficam automaticamente prorrogados para o pr\u00f3ximo dia \u00fatil seguinte \u00e0 retomada.<\/p>\n\n\n\n<p>Medida segue o que previsto na resolu\u00e7\u00e3o STJ\/GP 10\/2015, que disp\u00f5e, em seu artigo 7\u00ba, que, em caso de indisponibilidade superior a 60 minutos, ininterruptos ou n\u00e3o, ocorrida entre as 6h e as 23h, a prorroga\u00e7\u00e3o dos prazos \u00e9 autom\u00e1tica para o dia \u00fatil seguinte \u00e0 retomada do funcionamento.<\/p>\n\n\n\n<p>Migalhas<\/p>\n","protected":false},"excerpt":{"rendered":"<p>A presid\u00eancia do STJ acionou a Pol\u00edcia Federal para investigar poss\u00edvel ataque cibern\u00e9tico aos sistemas da Corte. O Tribunal est\u00e1 com problemas no sistema desde a tarde desta ter\u00e7a-feira, 3, quando foram interrompidas as transmiss\u00f5es de todas as sess\u00f5es, que aconteciam de forma virtual. O site do Tribunal tamb\u00e9m est\u00e1 indispon\u00edvel. (IMAGEM: FLICKR STJ) Prazos<br \/><a class=\"more-link\" href=\"https:\/\/justicapotiguar.com.br\/index.php\/2020\/11\/04\/stj-aciona-a-policia-federal-por-possivel-ataque-cibernetico-site-esta-fora-do-ar\/\">Mais&#8230;<\/a><\/p>\n","protected":false},"author":5,"featured_media":7635,"comment_status":"open","ping_status":"open","sticky":false,"template":"","format":"standard","meta":[],"categories":[3],"tags":[],"_links":{"self":[{"href":"https:\/\/justicapotiguar.com.br\/index.php\/wp-json\/wp\/v2\/posts\/14307"}],"collection":[{"href":"https:\/\/justicapotiguar.com.br\/index.php\/wp-json\/wp\/v2\/posts"}],"about":[{"href":"https:\/\/justicapotiguar.com.br\/index.php\/wp-json\/wp\/v2\/types\/post"}],"author":[{"embeddable":true,"href":"https:\/\/justicapotiguar.com.br\/index.php\/wp-json\/wp\/v2\/users\/5"}],"replies":[{"embeddable":true,"href":"https:\/\/justicapotiguar.com.br\/index.php\/wp-json\/wp\/v2\/comments?post=14307"}],"version-history":[{"count":1,"href":"https:\/\/justicapotiguar.com.br\/index.php\/wp-json\/wp\/v2\/posts\/14307\/revisions"}],"predecessor-version":[{"id":14308,"href":"https:\/\/justicapotiguar.com.br\/index.php\/wp-json\/wp\/v2\/posts\/14307\/revisions\/14308"}],"wp:featuredmedia":[{"embeddable":true,"href":"https:\/\/justicapotiguar.com.br\/index.php\/wp-json\/wp\/v2\/media\/7635"}],"wp:attachment":[{"href":"https:\/\/justicapotiguar.com.br\/index.php\/wp-json\/wp\/v2\/media?parent=14307"}],"wp:term":[{"taxonomy":"category","embeddable":true,"href":"https:\/\/justicapotiguar.com.br\/index.php\/wp-json\/wp\/v2\/categories?post=14307"},{"taxonomy":"post_tag","embeddable":true,"href":"https:\/\/justicapotiguar.com.br\/index.php\/wp-json\/wp\/v2\/tags?post=14307"}],"curies":[{"name":"wp","href":"https:\/\/api.w.org\/{rel}","templated":true}]}}