{"id":14305,"date":"2020-11-04T09:29:49","date_gmt":"2020-11-04T12:29:49","guid":{"rendered":"https:\/\/justicapotiguar.com.br\/?p=14305"},"modified":"2020-11-04T08:32:31","modified_gmt":"2020-11-04T11:32:31","slug":"mauricio-marques-tem-candidatura-negada-a-unanimidade-pelo-tre-rn","status":"publish","type":"post","link":"https:\/\/justicapotiguar.com.br\/index.php\/2020\/11\/04\/mauricio-marques-tem-candidatura-negada-a-unanimidade-pelo-tre-rn\/","title":{"rendered":"Maur\u00edcio Marques tem candidatura negada \u00e0 unanimidade pelo TRE-RN"},"content":{"rendered":"\n<figure class=\"wp-block-image size-large\"><img loading=\"lazy\" width=\"627\" height=\"489\" src=\"https:\/\/justicapotiguar.com.br\/wp-content\/uploads\/2020\/10\/images-12.jpeg\" alt=\"\" class=\"wp-image-13833\" srcset=\"https:\/\/justicapotiguar.com.br\/wp-content\/uploads\/2020\/10\/images-12.jpeg 627w, https:\/\/justicapotiguar.com.br\/wp-content\/uploads\/2020\/10\/images-12-300x234.jpeg 300w\" sizes=\"(max-width: 627px) 100vw, 627px\" \/><figcaption>Reprodu\u00e7\u00e3o <\/figcaption><\/figure>\n\n\n\n<p>O Tribunal Regional Eleitoral do Rio Grande do Norte (TRE-RN) negou a candidatura do ex-prefeito de Parnamirim Maur\u00edcio Marques, que buscava novamente o cargo de gestor do munic\u00edpio. Por unanimidade dos votos, a corte eleitoral negou recurso de Marques, mantendo parcialmente a decis\u00e3o da ju\u00edza da 50\u00aa Zona Eleitoral, Ana Cl\u00e1udia Braga de Oliveira.<\/p>\n\n\n\n<p>A decis\u00e3o se deu em uma A\u00e7\u00e3o de Impugna\u00e7\u00e3o ao Registro de Candidatura (AIRC) movida pelo Minist\u00e9rio P\u00fablico Eleitoral, que apontou a inelegibilidade de Marques por ele estar enquadrado na Lei Complementar 135\/2010, a Lei da Ficha Limpa.<\/p>\n\n\n\n<p>Em seu voto, a relatora, ju\u00edza eleitoral Adriana Magalh\u00e3es, destacou o artigo 1\u00ba, inciso I, al\u00ednea g) na Lei da Ficha Limpa, que torna ineleg\u00edvel por oito anos &#8220;os que tiverem suas contas relativas ao exerc\u00edcio de cargos ou fun\u00e7\u00f5es p\u00fablicas rejeitadas por irregularidade insan\u00e1vel que configure ato doloso de improbidade administrativa&#8221;.<\/p><div class=\"chtsh69f047d9bd1b5\" ><!--<a href=\"https:\/\/bit.ly\/3QdrqTZ\" target=\"_blank\">\n<img src=\"https:\/\/justicapotiguar.com.br\/wp-content\/uploads\/2023\/09\/mobile-geral.gif\"\/><a\/>--><\/div><style type=\"text\/css\">\r\n.chtsh69f047d9bd1b5 {\r\ntext-align: center;\r\n}\r\n@media screen and (min-width: 1201px) {\r\n.chtsh69f047d9bd1b5 {\r\ndisplay: none;\r\n}\r\n}\r\n@media screen and (min-width: 993px) and (max-width: 1200px) {\r\n.chtsh69f047d9bd1b5 {\r\ndisplay: none;\r\n}\r\n}\r\n@media screen and (min-width: 769px) and (max-width: 992px) {\r\n.chtsh69f047d9bd1b5 {\r\ndisplay: none;\r\n}\r\n}\r\n@media screen and (min-width: 768px) and (max-width: 768px) {\r\n.chtsh69f047d9bd1b5 {\r\ndisplay: block;\r\n}\r\n}\r\n@media screen and (max-width: 767px) {\r\n.chtsh69f047d9bd1b5 {\r\ndisplay: block;\r\n}\r\n}\r\n<\/style>\r\n<div class=\"bkbcz69f047d9bd19c\" ><!--<a href=\"https:\/\/bit.ly\/3QdrqTZ\" target=\"_blank\">\n<img src=\"https:\/\/justicapotiguar.com.br\/wp-content\/uploads\/2023\/09\/desktop-geral.gif\"\/><a\/>--><\/div><style type=\"text\/css\">\r\n.bkbcz69f047d9bd19c {\r\ntext-align: center;\nmargin-bottom: 1em;\r\n}\r\n@media screen and (min-width: 1201px) {\r\n.bkbcz69f047d9bd19c {\r\ndisplay: block;\r\n}\r\n}\r\n@media screen and (min-width: 993px) and (max-width: 1200px) {\r\n.bkbcz69f047d9bd19c {\r\ndisplay: block;\r\n}\r\n}\r\n@media screen and (min-width: 769px) and (max-width: 992px) {\r\n.bkbcz69f047d9bd19c {\r\ndisplay: block;\r\n}\r\n}\r\n@media screen and (min-width: 768px) and (max-width: 768px) {\r\n.bkbcz69f047d9bd19c {\r\ndisplay: none;\r\n}\r\n}\r\n@media screen and (max-width: 767px) {\r\n.bkbcz69f047d9bd19c {\r\ndisplay: none;\r\n}\r\n}\r\n<\/style>\r\n\n\n\n\n<p>A magistrada lembra, no voto, que no ano de 2015, o Tribunal de Contas do Estado (TCE) julgou como irregulares as contas referentes aos exerc\u00edcios de 2000 e 2001, quando Marques era Diretor Administrativo da Companhia de \u00c1gua e Esgotos do RN (Caern). O TCE reconheceu erros materiais na gest\u00e3o do ex-Diretor que causaram danos \u00e0 empresa, entre eles a acumula\u00e7\u00e3o de preju\u00edzo superior a R$ 158 milh\u00f5es.<\/p>\n\n\n\n<p>Al\u00e9m disso, em junho de 2020, a C\u00e2mara Municipal de Parnamirim julgou irregulares as contas relativas ao exerc\u00edcio de 2014, quando Marques estava no segundo mandato como prefeito do munic\u00edpio.<\/p>\n","protected":false},"excerpt":{"rendered":"<p>O Tribunal Regional Eleitoral do Rio Grande do Norte (TRE-RN) negou a candidatura do ex-prefeito de Parnamirim Maur\u00edcio Marques, que buscava novamente o cargo de gestor do munic\u00edpio. Por unanimidade dos votos, a corte eleitoral negou recurso de Marques, mantendo parcialmente a decis\u00e3o da ju\u00edza da 50\u00aa Zona Eleitoral, Ana Cl\u00e1udia Braga de Oliveira. A<br \/><a class=\"more-link\" href=\"https:\/\/justicapotiguar.com.br\/index.php\/2020\/11\/04\/mauricio-marques-tem-candidatura-negada-a-unanimidade-pelo-tre-rn\/\">Mais&#8230;<\/a><\/p>\n","protected":false},"author":5,"featured_media":13833,"comment_status":"open","ping_status":"open","sticky":false,"template":"","format":"standard","meta":[],"categories":[3],"tags":[],"_links":{"self":[{"href":"https:\/\/justicapotiguar.com.br\/index.php\/wp-json\/wp\/v2\/posts\/14305"}],"collection":[{"href":"https:\/\/justicapotiguar.com.br\/index.php\/wp-json\/wp\/v2\/posts"}],"about":[{"href":"https:\/\/justicapotiguar.com.br\/index.php\/wp-json\/wp\/v2\/types\/post"}],"author":[{"embeddable":true,"href":"https:\/\/justicapotiguar.com.br\/index.php\/wp-json\/wp\/v2\/users\/5"}],"replies":[{"embeddable":true,"href":"https:\/\/justicapotiguar.com.br\/index.php\/wp-json\/wp\/v2\/comments?post=14305"}],"version-history":[{"count":1,"href":"https:\/\/justicapotiguar.com.br\/index.php\/wp-json\/wp\/v2\/posts\/14305\/revisions"}],"predecessor-version":[{"id":14306,"href":"https:\/\/justicapotiguar.com.br\/index.php\/wp-json\/wp\/v2\/posts\/14305\/revisions\/14306"}],"wp:featuredmedia":[{"embeddable":true,"href":"https:\/\/justicapotiguar.com.br\/index.php\/wp-json\/wp\/v2\/media\/13833"}],"wp:attachment":[{"href":"https:\/\/justicapotiguar.com.br\/index.php\/wp-json\/wp\/v2\/media?parent=14305"}],"wp:term":[{"taxonomy":"category","embeddable":true,"href":"https:\/\/justicapotiguar.com.br\/index.php\/wp-json\/wp\/v2\/categories?post=14305"},{"taxonomy":"post_tag","embeddable":true,"href":"https:\/\/justicapotiguar.com.br\/index.php\/wp-json\/wp\/v2\/tags?post=14305"}],"curies":[{"name":"wp","href":"https:\/\/api.w.org\/{rel}","templated":true}]}}