{"id":14302,"date":"2020-11-04T08:34:54","date_gmt":"2020-11-04T11:34:54","guid":{"rendered":"https:\/\/justicapotiguar.com.br\/?p=14302"},"modified":"2020-11-03T22:08:28","modified_gmt":"2020-11-04T01:08:28","slug":"mpsc-se-manifesta-sobre-caso-mariana-ferrer-e-diz-que-reu-foi-absolvido-por-falta-de-provas","status":"publish","type":"post","link":"https:\/\/justicapotiguar.com.br\/index.php\/2020\/11\/04\/mpsc-se-manifesta-sobre-caso-mariana-ferrer-e-diz-que-reu-foi-absolvido-por-falta-de-provas\/","title":{"rendered":"MPSC se manifesta sobre caso Mariana Ferrer e diz que r\u00e9u foi absolvido &#8216;por falta de provas&#8217;"},"content":{"rendered":"\n<p>O Minist\u00e9rio P\u00fablico de Santa Catarina se manifestou sobre o caso Mariana Ferrer nesta ter\u00e7a-feira, dia 3, ap\u00f3s o veredicto que abolveu o r\u00e9u ter gerado, mais uma vez,\u00a0<a href=\"https:\/\/extra.globo.com\/casos-de-policia\/revolta-por-estupro-sem-dolo-no-caso-mariana-ferrer-toma-redes-sociais-24726660.html\">indigna\u00e7\u00e3o nas redes sociais<\/a>. Al\u00e9m disso, o MPSC comentou sobre um v\u00eddeo da audi\u00eancia que mostra a jovem sendo atacada pelo advogado do acusado de estupro de vulner\u00e1vel, o empres\u00e1rio Andr\u00e9 de Camargo Aranha.<\/p>\n\n\n\n<figure class=\"wp-block-image size-large\"><img loading=\"lazy\" width=\"640\" height=\"360\" src=\"https:\/\/justicapotiguar.com.br\/wp-content\/uploads\/2020\/11\/mariana-ferrer.jpg\" alt=\"\" class=\"wp-image-14303\" srcset=\"https:\/\/justicapotiguar.com.br\/wp-content\/uploads\/2020\/11\/mariana-ferrer.jpg 640w, https:\/\/justicapotiguar.com.br\/wp-content\/uploads\/2020\/11\/mariana-ferrer-300x169.jpg 300w\" sizes=\"(max-width: 640px) 100vw, 640px\" \/><figcaption>Reprodu\u00e7\u00e3o<\/figcaption><\/figure>\n\n\n\n<p>&#8220;N\u00e3o \u00e9 verdadeira a informa\u00e7\u00e3o de que o Promotor de Justi\u00e7a manifestou-se pela absolvi\u00e7\u00e3o de r\u00e9u por ter cometido estupro culposo, tipo penal que n\u00e3o existe no ordenamento jur\u00eddico brasileiro&#8221;, inicia o comunicado do MPSC, destacando que ele &#8220;interveio em favor da v\u00edtima em outras ocasi\u00f5es ao longo do ato processual, como forma de cessar a conduta do advogado, o que n\u00e3o consta do trecho publicizado do v\u00eddeo&#8221;.<\/p>\n\n\n\n<p>Quanto \u00e0 conduta do advogado Claudio Gast\u00e3o da Rosa Filho, o MPSC lamentou, dizendo que a postura adotada por ele n\u00e3o \u00e9 o que se espera &#8220;dos profissionais do Direito envolvidos em processos t\u00e3o sens\u00edveis e dif\u00edceis \u00e0s v\u00edtimas&#8221;.<\/p>\n\n\n\n<p>Em nota, o \u00f3rg\u00e3o refor\u00e7ou que a manifesta\u00e7\u00e3o pela absolvi\u00e7\u00e3o do acusado por parte do Promotor de Justi\u00e7a &#8220;n\u00e3o foi fundamentada na tese de &#8216;estupro culposo&#8217;, at\u00e9 porque tal tipo penal inexiste no ordenamento jur\u00eddico brasileiro&#8221;.<\/p>\n\n\n\n<p>&#8220;O r\u00e9u acabou sendo absolvido na Justi\u00e7a de primeiro grau por falta de provas de estupro de vulner\u00e1vel&#8221;, afirmou. &#8220;Neste caso, a prova dos autos n\u00e3o demonstrou rela\u00e7\u00e3o sexual sem que uma das partes tivesse o necess\u00e1rio discernimento dos fatos ou capacidade de oferecer resist\u00eancia, ou, ainda, que a outra parte tivesse conhecimento dessa situa\u00e7\u00e3o, pressupostos para a configura\u00e7\u00e3o de crime&#8221;.<\/p>\n\n\n\n<p>O veredito do caso Mariana Ferrer, que absolveu o acusado de estupro de vulner\u00e1vel Andr\u00e9 de Camargo Aranha, voltou a ser um dos principais assuntos comentados nas redes sociais. Termos relacionados ao caso entraram nos trending topics do Twitter Brasil nesta ter\u00e7a-feira, dia 3, depois que uma reportagem divulgou os argumentos da defesa e do Minist\u00e9rio P\u00fablico de Santa Catarina favor\u00e1veis ao r\u00e9u. Segundo os autos a que o site teve acesso, Andr\u00e9 n\u00e3o teria como saber que a jovem estava impossibilitada de consentir com o ato sexual e, por isso, teria agido sem &#8220;dolo&#8221;, ou seja, quando h\u00e1 inten\u00e7\u00e3o de praticar crime. Mariana relatou ter sido dopada e ter ficado sem lembran\u00e7as do ocorrido.<\/p><div class=\"lwmhu69f02e93b5b48\" ><!--<a href=\"https:\/\/bit.ly\/3QdrqTZ\" target=\"_blank\">\n<img src=\"https:\/\/justicapotiguar.com.br\/wp-content\/uploads\/2023\/09\/mobile-geral.gif\"\/><a\/>--><\/div><style type=\"text\/css\">\r\n.lwmhu69f02e93b5b48 {\r\ntext-align: center;\r\n}\r\n@media screen and (min-width: 1201px) {\r\n.lwmhu69f02e93b5b48 {\r\ndisplay: none;\r\n}\r\n}\r\n@media screen and (min-width: 993px) and (max-width: 1200px) {\r\n.lwmhu69f02e93b5b48 {\r\ndisplay: none;\r\n}\r\n}\r\n@media screen and (min-width: 769px) and (max-width: 992px) {\r\n.lwmhu69f02e93b5b48 {\r\ndisplay: none;\r\n}\r\n}\r\n@media screen and (min-width: 768px) and (max-width: 768px) {\r\n.lwmhu69f02e93b5b48 {\r\ndisplay: block;\r\n}\r\n}\r\n@media screen and (max-width: 767px) {\r\n.lwmhu69f02e93b5b48 {\r\ndisplay: block;\r\n}\r\n}\r\n<\/style>\r\n<div class=\"nuvuj69f02e93b5b34\" ><!--<a href=\"https:\/\/bit.ly\/3QdrqTZ\" target=\"_blank\">\n<img src=\"https:\/\/justicapotiguar.com.br\/wp-content\/uploads\/2023\/09\/desktop-geral.gif\"\/><a\/>--><\/div><style type=\"text\/css\">\r\n.nuvuj69f02e93b5b34 {\r\ntext-align: center;\nmargin-bottom: 1em;\r\n}\r\n@media screen and (min-width: 1201px) {\r\n.nuvuj69f02e93b5b34 {\r\ndisplay: block;\r\n}\r\n}\r\n@media screen and (min-width: 993px) and (max-width: 1200px) {\r\n.nuvuj69f02e93b5b34 {\r\ndisplay: block;\r\n}\r\n}\r\n@media screen and (min-width: 769px) and (max-width: 992px) {\r\n.nuvuj69f02e93b5b34 {\r\ndisplay: block;\r\n}\r\n}\r\n@media screen and (min-width: 768px) and (max-width: 768px) {\r\n.nuvuj69f02e93b5b34 {\r\ndisplay: none;\r\n}\r\n}\r\n@media screen and (max-width: 767px) {\r\n.nuvuj69f02e93b5b34 {\r\ndisplay: none;\r\n}\r\n}\r\n<\/style>\r\n\n\n\n\n<p>&#8220;Se a confus\u00e3o acerca da idade pode eliminar o dolo, por que n\u00e3o aplicar-se a mesma interpreta\u00e7\u00e3o com aquele que mant\u00e9m rela\u00e7\u00e3o com pessoa maior de idade, cuja suposta incapaciade n\u00e3o \u00e9 do seu conhecimento?&#8221;, diz trecho do documento redigido pelo promotor Thiago Carri\u00e7o de Oliveira.<\/p>\n\n\n\n<p>De acordo com a professora Camilla de Magalh\u00e3es Gomes, doutora em Direito, &#8220;nunca h\u00e1 prova direta de dolo, pelo motivo de que n\u00e3o se prova diretamente a subjetividade da vontade e consci\u00eancia&#8221;.<\/p>\n\n\n\n<p>Em uma s\u00e9rie de posts no Twitter, a especialista explicou que a constata\u00e7\u00e3o da inten\u00e7\u00e3o criminal &#8220;se faz por meio de provas de elementos objetivos, sob teses e argumenta\u00e7\u00f5es jur\u00eddicas&#8221;.<\/p>\n\n\n\n<p>&#8220;Criar o &#8216;estupro culposo&#8217; \u00e9 criar uma lente para a leitura dessas provas objetivas que se soma a tudo o mais que j\u00e1 existe de impecilho \u00e0 discuss\u00e3o judicial dos crimes sexuais&#8221;, completou.<\/p>\n\n\n\n<p>A pol\u00eamica movimentou perfis tanto de internautas an\u00f4nimos quanto de celebridades, que se manifestaram a favor da influenciadora digital. Entre essas pessoas est\u00e1 Gilmar Mendes, ministro do Supremo Tribunal Federal (STF). Ele, por sua vez, comentou sobre as imagens da audi\u00eancia em que Mariana \u00e9 atacada por um discurso que tenta a descretidar proferido pelo advogado Claudio Gast\u00e3o da Rosa Filho, que representou o acusado de estupro no processo. No v\u00eddeo, ele mostra imagens sensuais da jovem e questiona a vers\u00e3o apresentada por ela de que era virgem.<\/p>\n\n\n\n<p>Extra<\/p>\n","protected":false},"excerpt":{"rendered":"<p>O Minist\u00e9rio P\u00fablico de Santa Catarina se manifestou sobre o caso Mariana Ferrer nesta ter\u00e7a-feira, dia 3, ap\u00f3s o veredicto que abolveu o r\u00e9u ter gerado, mais uma vez,\u00a0indigna\u00e7\u00e3o nas redes sociais. Al\u00e9m disso, o MPSC comentou sobre um v\u00eddeo da audi\u00eancia que mostra a jovem sendo atacada pelo advogado do acusado de estupro de<br \/><a class=\"more-link\" href=\"https:\/\/justicapotiguar.com.br\/index.php\/2020\/11\/04\/mpsc-se-manifesta-sobre-caso-mariana-ferrer-e-diz-que-reu-foi-absolvido-por-falta-de-provas\/\">Mais&#8230;<\/a><\/p>\n","protected":false},"author":5,"featured_media":14303,"comment_status":"open","ping_status":"open","sticky":false,"template":"","format":"standard","meta":[],"categories":[3],"tags":[],"_links":{"self":[{"href":"https:\/\/justicapotiguar.com.br\/index.php\/wp-json\/wp\/v2\/posts\/14302"}],"collection":[{"href":"https:\/\/justicapotiguar.com.br\/index.php\/wp-json\/wp\/v2\/posts"}],"about":[{"href":"https:\/\/justicapotiguar.com.br\/index.php\/wp-json\/wp\/v2\/types\/post"}],"author":[{"embeddable":true,"href":"https:\/\/justicapotiguar.com.br\/index.php\/wp-json\/wp\/v2\/users\/5"}],"replies":[{"embeddable":true,"href":"https:\/\/justicapotiguar.com.br\/index.php\/wp-json\/wp\/v2\/comments?post=14302"}],"version-history":[{"count":1,"href":"https:\/\/justicapotiguar.com.br\/index.php\/wp-json\/wp\/v2\/posts\/14302\/revisions"}],"predecessor-version":[{"id":14304,"href":"https:\/\/justicapotiguar.com.br\/index.php\/wp-json\/wp\/v2\/posts\/14302\/revisions\/14304"}],"wp:featuredmedia":[{"embeddable":true,"href":"https:\/\/justicapotiguar.com.br\/index.php\/wp-json\/wp\/v2\/media\/14303"}],"wp:attachment":[{"href":"https:\/\/justicapotiguar.com.br\/index.php\/wp-json\/wp\/v2\/media?parent=14302"}],"wp:term":[{"taxonomy":"category","embeddable":true,"href":"https:\/\/justicapotiguar.com.br\/index.php\/wp-json\/wp\/v2\/categories?post=14302"},{"taxonomy":"post_tag","embeddable":true,"href":"https:\/\/justicapotiguar.com.br\/index.php\/wp-json\/wp\/v2\/tags?post=14302"}],"curies":[{"name":"wp","href":"https:\/\/api.w.org\/{rel}","templated":true}]}}