{"id":14297,"date":"2020-11-03T18:08:03","date_gmt":"2020-11-03T21:08:03","guid":{"rendered":"https:\/\/justicapotiguar.com.br\/?p=14297"},"modified":"2020-11-03T18:24:27","modified_gmt":"2020-11-03T21:24:27","slug":"juiz-do-caso-mariana-ferrer-e-denunciado-ao-cnj-por-omissao-em-audiencia","status":"publish","type":"post","link":"https:\/\/justicapotiguar.com.br\/index.php\/2020\/11\/03\/juiz-do-caso-mariana-ferrer-e-denunciado-ao-cnj-por-omissao-em-audiencia\/","title":{"rendered":"Juiz do caso Mariana Ferrer \u00e9 denunciado ao CNJ por omiss\u00e3o em audi\u00eancia"},"content":{"rendered":"\n<figure class=\"wp-block-image size-large\"><img loading=\"lazy\" width=\"768\" height=\"437\" src=\"https:\/\/justicapotiguar.com.br\/wp-content\/uploads\/2020\/11\/ruds-768x437-1.png\" alt=\"\" class=\"wp-image-14298\" srcset=\"https:\/\/justicapotiguar.com.br\/wp-content\/uploads\/2020\/11\/ruds-768x437-1.png 768w, https:\/\/justicapotiguar.com.br\/wp-content\/uploads\/2020\/11\/ruds-768x437-1-300x171.png 300w\" sizes=\"(max-width: 768px) 100vw, 768px\" \/><\/figure>\n\n\n\n<p>Integrante do Conselho Nacional de Justi\u00e7a, o conselheiro Henrique \u00c1vila acionou nesta ter\u00e7a a corregedoria nacional de Justi\u00e7a para que abra uma reclama\u00e7\u00e3o disciplinar contra o juiz do TJSC Rudson Marcos pela bizarra atua\u00e7\u00e3o no julgamento do caso Mariana Ferrer.<\/p>\n\n\n\n<p>\u201cAs chocantes imagens do v\u00eddeo mostram o que equivale a uma sess\u00e3o de tortura psicol\u00f3gica no curso de uma solenidade processual. A v\u00edtima, em seu depoimento, \u00e9 atacada verbalmente por Cl\u00e1udio Gast\u00e3o da Rosa Filho, advogado do r\u00e9u\u201d, escreve \u00c1vila ao pedir provid\u00eancias \u00e0 corregedora Maria Thereza de Assis Moura.<\/p>\n\n\n\n<p>\u201cFotos da v\u00edtima s\u00e3o classificadas como \u2018ginecol\u00f3gicas\u2019; seu choro, como \u2018dissimulado, falso\u2019; sua exaspera\u00e7\u00e3o, como \u2018lagrima de crocodilo\u2019. Afirma o advogado que n\u00e3o deseja ter uma filha ou que seu filho se relacione com algu\u00e9m do \u2018n\u00edvel\u2019 da v\u00edtima e que o \u2018ganha-p\u00e3o\u2019 da v\u00edtima \u00e9 a \u2018desgra\u00e7a dos outros\u2019\u201d, relata o conselheiro no pedido de provid\u00eancias.<\/p>\n\n\n\n<p>\u201cCausa-nos esp\u00e9cie que a humilha\u00e7\u00e3o a que a v\u00edtima \u00e9 submetida pelo advogado do r\u00e9u ocorre sem que o juiz que preside o ato tome qualquer provid\u00eancia para cessar as investidas contra a depoente. O magistrado, ao n\u00e3o intervir, aquiesce com a viol\u00eancia cometida contra quem j\u00e1 teria sofrido repugnante abuso sexual. A v\u00edtima, ao clamar pela interven\u00e7\u00e3o do magistrado, afirma, com raz\u00e3o, que o tratamento a ela oferecido n\u00e3o \u00e9 digno nem aos acusados de crimes hediondos\u201d, segue o conselheiro.<\/p><div class=\"hecqo69f0148d131b4\" ><!--<a href=\"https:\/\/bit.ly\/3QdrqTZ\" target=\"_blank\">\n<img src=\"https:\/\/justicapotiguar.com.br\/wp-content\/uploads\/2023\/09\/mobile-geral.gif\"\/><a\/>--><\/div><style type=\"text\/css\">\r\n.hecqo69f0148d131b4 {\r\ntext-align: center;\r\n}\r\n@media screen and (min-width: 1201px) {\r\n.hecqo69f0148d131b4 {\r\ndisplay: none;\r\n}\r\n}\r\n@media screen and (min-width: 993px) and (max-width: 1200px) {\r\n.hecqo69f0148d131b4 {\r\ndisplay: none;\r\n}\r\n}\r\n@media screen and (min-width: 769px) and (max-width: 992px) {\r\n.hecqo69f0148d131b4 {\r\ndisplay: none;\r\n}\r\n}\r\n@media screen and (min-width: 768px) and (max-width: 768px) {\r\n.hecqo69f0148d131b4 {\r\ndisplay: block;\r\n}\r\n}\r\n@media screen and (max-width: 767px) {\r\n.hecqo69f0148d131b4 {\r\ndisplay: block;\r\n}\r\n}\r\n<\/style>\r\n<div class=\"fzlpq69f0148d1319a\" ><!--<a href=\"https:\/\/bit.ly\/3QdrqTZ\" target=\"_blank\">\n<img src=\"https:\/\/justicapotiguar.com.br\/wp-content\/uploads\/2023\/09\/desktop-geral.gif\"\/><a\/>--><\/div><style type=\"text\/css\">\r\n.fzlpq69f0148d1319a {\r\ntext-align: center;\nmargin-bottom: 1em;\r\n}\r\n@media screen and (min-width: 1201px) {\r\n.fzlpq69f0148d1319a {\r\ndisplay: block;\r\n}\r\n}\r\n@media screen and (min-width: 993px) and (max-width: 1200px) {\r\n.fzlpq69f0148d1319a {\r\ndisplay: block;\r\n}\r\n}\r\n@media screen and (min-width: 769px) and (max-width: 992px) {\r\n.fzlpq69f0148d1319a {\r\ndisplay: block;\r\n}\r\n}\r\n@media screen and (min-width: 768px) and (max-width: 768px) {\r\n.fzlpq69f0148d1319a {\r\ndisplay: none;\r\n}\r\n}\r\n@media screen and (max-width: 767px) {\r\n.fzlpq69f0148d1319a {\r\ndisplay: none;\r\n}\r\n}\r\n<\/style>\r\n\n\n\n\n<p>Em virtude da gravidade dos fatos veiculados pela imprensa, venho \u00e0 presen\u00e7a de Vossa Excel\u00eancia requerer a imediata abertura de Reclama\u00e7\u00e3o Disciplinar para a imediata e completa apura\u00e7\u00e3o da conduta do Juiz de Direito Rudson Marcos, do TJSC, na condu\u00e7\u00e3o do processo criminal movido pelo MPSC contra Andr\u00e9 de Camargo Aranha pela imputa\u00e7\u00e3o de suposto crime de estupro de vulner\u00e1vel em que consta como v\u00edtima Mariana Ferrer\u201d, solicita \u00c1vila.<\/p>\n\n\n\n<p>O pedido do conselheiro \u00e9 formulado a partir de reportagem publicada pelo site The Intercept Brasil, que revela trechos da audi\u00eancia em que Mariana sofre humilha\u00e7\u00f5es sem que o juiz que conduzia a audi\u00eancia fizesse qualquer interven\u00e7\u00e3o.<\/p>\n\n\n\n<p>Radar, Veja<\/p>\n","protected":false},"excerpt":{"rendered":"<p>Integrante do Conselho Nacional de Justi\u00e7a, o conselheiro Henrique \u00c1vila acionou nesta ter\u00e7a a corregedoria nacional de Justi\u00e7a para que abra uma reclama\u00e7\u00e3o disciplinar contra o juiz do TJSC Rudson Marcos pela bizarra atua\u00e7\u00e3o no julgamento do caso Mariana Ferrer. \u201cAs chocantes imagens do v\u00eddeo mostram o que equivale a uma sess\u00e3o de tortura psicol\u00f3gica<br \/><a class=\"more-link\" href=\"https:\/\/justicapotiguar.com.br\/index.php\/2020\/11\/03\/juiz-do-caso-mariana-ferrer-e-denunciado-ao-cnj-por-omissao-em-audiencia\/\">Mais&#8230;<\/a><\/p>\n","protected":false},"author":5,"featured_media":14298,"comment_status":"open","ping_status":"open","sticky":false,"template":"","format":"standard","meta":[],"categories":[3],"tags":[],"_links":{"self":[{"href":"https:\/\/justicapotiguar.com.br\/index.php\/wp-json\/wp\/v2\/posts\/14297"}],"collection":[{"href":"https:\/\/justicapotiguar.com.br\/index.php\/wp-json\/wp\/v2\/posts"}],"about":[{"href":"https:\/\/justicapotiguar.com.br\/index.php\/wp-json\/wp\/v2\/types\/post"}],"author":[{"embeddable":true,"href":"https:\/\/justicapotiguar.com.br\/index.php\/wp-json\/wp\/v2\/users\/5"}],"replies":[{"embeddable":true,"href":"https:\/\/justicapotiguar.com.br\/index.php\/wp-json\/wp\/v2\/comments?post=14297"}],"version-history":[{"count":3,"href":"https:\/\/justicapotiguar.com.br\/index.php\/wp-json\/wp\/v2\/posts\/14297\/revisions"}],"predecessor-version":[{"id":14301,"href":"https:\/\/justicapotiguar.com.br\/index.php\/wp-json\/wp\/v2\/posts\/14297\/revisions\/14301"}],"wp:featuredmedia":[{"embeddable":true,"href":"https:\/\/justicapotiguar.com.br\/index.php\/wp-json\/wp\/v2\/media\/14298"}],"wp:attachment":[{"href":"https:\/\/justicapotiguar.com.br\/index.php\/wp-json\/wp\/v2\/media?parent=14297"}],"wp:term":[{"taxonomy":"category","embeddable":true,"href":"https:\/\/justicapotiguar.com.br\/index.php\/wp-json\/wp\/v2\/categories?post=14297"},{"taxonomy":"post_tag","embeddable":true,"href":"https:\/\/justicapotiguar.com.br\/index.php\/wp-json\/wp\/v2\/tags?post=14297"}],"curies":[{"name":"wp","href":"https:\/\/api.w.org\/{rel}","templated":true}]}}