{"id":14288,"date":"2020-11-03T17:18:59","date_gmt":"2020-11-03T20:18:59","guid":{"rendered":"https:\/\/justicapotiguar.com.br\/?p=14288"},"modified":"2020-11-03T16:23:23","modified_gmt":"2020-11-03T19:23:23","slug":"gilmar-mendes-diz-que-mariana-ferrer-foi-vitima-de-tortura-e-humilhacao-em-audiencia-sobre-estupro","status":"publish","type":"post","link":"https:\/\/justicapotiguar.com.br\/index.php\/2020\/11\/03\/gilmar-mendes-diz-que-mariana-ferrer-foi-vitima-de-tortura-e-humilhacao-em-audiencia-sobre-estupro\/","title":{"rendered":"Gilmar Mendes diz que Mariana Ferrer foi v\u00edtima de &#8220;tortura e humilha\u00e7\u00e3o&#8221; em audi\u00eancia sobre estupro"},"content":{"rendered":"\n<p>O ministro do Supremo Tribunal Federal (STF) Gilmar Mendes se manifestou nesta ter\u00e7a (3) em suas redes sociais sobre a audi\u00eancia referente a um caso de estupro envolvendo a promoter catarinense Mariana Ferrer, de 23 anos. Ele classificou as cenas da sess\u00e3o, divulgadas pelo portal Intercept, como &#8220;estarrecedoras&#8221; e afirmou que a Justi\u00e7a n\u00e3o deve ser instrumento de &#8220;tortura e humilha\u00e7\u00e3o&#8221;.<\/p>\n\n\n\n<p>&#8220;As cenas da audi\u00eancia de Mariana Ferrer s\u00e3o estarrecedoras. O sistema de Justi\u00e7a deve ser instrumento de acolhimento, jamais de tortura e humilha\u00e7\u00e3o. Os \u00f3rg\u00e3os de correi\u00e7\u00e3o devem apurar a responsabilidade dos agentes envolvidos, inclusive daqueles que se omitiram&#8221;, escreveu Mendes.<\/p><div class=\"lzzbd69efe60b8e4fe\" ><!--<a href=\"https:\/\/bit.ly\/3QdrqTZ\" target=\"_blank\">\n<img src=\"https:\/\/justicapotiguar.com.br\/wp-content\/uploads\/2023\/09\/mobile-geral.gif\"\/><a\/>--><\/div><style type=\"text\/css\">\r\n.lzzbd69efe60b8e4fe {\r\ntext-align: center;\r\n}\r\n@media screen and (min-width: 1201px) {\r\n.lzzbd69efe60b8e4fe {\r\ndisplay: none;\r\n}\r\n}\r\n@media screen and (min-width: 993px) and (max-width: 1200px) {\r\n.lzzbd69efe60b8e4fe {\r\ndisplay: none;\r\n}\r\n}\r\n@media screen and (min-width: 769px) and (max-width: 992px) {\r\n.lzzbd69efe60b8e4fe {\r\ndisplay: none;\r\n}\r\n}\r\n@media screen and (min-width: 768px) and (max-width: 768px) {\r\n.lzzbd69efe60b8e4fe {\r\ndisplay: block;\r\n}\r\n}\r\n@media screen and (max-width: 767px) {\r\n.lzzbd69efe60b8e4fe {\r\ndisplay: block;\r\n}\r\n}\r\n<\/style>\r\n<div class=\"josme69efe60b8e4e8\" ><!--<a href=\"https:\/\/bit.ly\/3QdrqTZ\" target=\"_blank\">\n<img src=\"https:\/\/justicapotiguar.com.br\/wp-content\/uploads\/2023\/09\/desktop-geral.gif\"\/><a\/>--><\/div><style type=\"text\/css\">\r\n.josme69efe60b8e4e8 {\r\ntext-align: center;\nmargin-bottom: 1em;\r\n}\r\n@media screen and (min-width: 1201px) {\r\n.josme69efe60b8e4e8 {\r\ndisplay: block;\r\n}\r\n}\r\n@media screen and (min-width: 993px) and (max-width: 1200px) {\r\n.josme69efe60b8e4e8 {\r\ndisplay: block;\r\n}\r\n}\r\n@media screen and (min-width: 769px) and (max-width: 992px) {\r\n.josme69efe60b8e4e8 {\r\ndisplay: block;\r\n}\r\n}\r\n@media screen and (min-width: 768px) and (max-width: 768px) {\r\n.josme69efe60b8e4e8 {\r\ndisplay: none;\r\n}\r\n}\r\n@media screen and (max-width: 767px) {\r\n.josme69efe60b8e4e8 {\r\ndisplay: none;\r\n}\r\n}\r\n<\/style>\r\n\n\n\n\n<figure class=\"wp-block-embed-twitter wp-block-embed is-type-rich is-provider-twitter\"><div class=\"wp-block-embed__wrapper\">\n<blockquote class=\"twitter-tweet\" data-width=\"550\" data-dnt=\"true\"><p lang=\"pt\" dir=\"ltr\">As cenas da audi\u00eancia de Mariana Ferrer s\u00e3o estarrecedoras. O sistema de Justi\u00e7a deve ser instrumento de acolhimento, jamais de tortura e humilha\u00e7\u00e3o. Os \u00f3rg\u00e3os de correi\u00e7\u00e3o devem apurar a responsabilidade dos agentes envolvidos, inclusive daqueles que se omitiram.<\/p>&mdash; Gilmar Mendes (@gilmarmendes) <a href=\"https:\/\/twitter.com\/gilmarmendes\/status\/1323685697342087169?ref_src=twsrc%5Etfw\">November 3, 2020<\/a><\/blockquote><script async src=\"https:\/\/platform.twitter.com\/widgets.js\" charset=\"utf-8\"><\/script>\n<\/div><\/figure>\n\n\n\n<p>\u00c9poca<\/p>\n","protected":false},"excerpt":{"rendered":"<p>O ministro do Supremo Tribunal Federal (STF) Gilmar Mendes se manifestou nesta ter\u00e7a (3) em suas redes sociais sobre a audi\u00eancia referente a um caso de estupro envolvendo a promoter catarinense Mariana Ferrer, de 23 anos. Ele classificou as cenas da sess\u00e3o, divulgadas pelo portal Intercept, como &#8220;estarrecedoras&#8221; e afirmou que a Justi\u00e7a n\u00e3o deve<br \/><a class=\"more-link\" href=\"https:\/\/justicapotiguar.com.br\/index.php\/2020\/11\/03\/gilmar-mendes-diz-que-mariana-ferrer-foi-vitima-de-tortura-e-humilhacao-em-audiencia-sobre-estupro\/\">Mais&#8230;<\/a><\/p>\n","protected":false},"author":5,"featured_media":7700,"comment_status":"open","ping_status":"open","sticky":false,"template":"","format":"standard","meta":[],"categories":[3],"tags":[],"_links":{"self":[{"href":"https:\/\/justicapotiguar.com.br\/index.php\/wp-json\/wp\/v2\/posts\/14288"}],"collection":[{"href":"https:\/\/justicapotiguar.com.br\/index.php\/wp-json\/wp\/v2\/posts"}],"about":[{"href":"https:\/\/justicapotiguar.com.br\/index.php\/wp-json\/wp\/v2\/types\/post"}],"author":[{"embeddable":true,"href":"https:\/\/justicapotiguar.com.br\/index.php\/wp-json\/wp\/v2\/users\/5"}],"replies":[{"embeddable":true,"href":"https:\/\/justicapotiguar.com.br\/index.php\/wp-json\/wp\/v2\/comments?post=14288"}],"version-history":[{"count":1,"href":"https:\/\/justicapotiguar.com.br\/index.php\/wp-json\/wp\/v2\/posts\/14288\/revisions"}],"predecessor-version":[{"id":14289,"href":"https:\/\/justicapotiguar.com.br\/index.php\/wp-json\/wp\/v2\/posts\/14288\/revisions\/14289"}],"wp:featuredmedia":[{"embeddable":true,"href":"https:\/\/justicapotiguar.com.br\/index.php\/wp-json\/wp\/v2\/media\/7700"}],"wp:attachment":[{"href":"https:\/\/justicapotiguar.com.br\/index.php\/wp-json\/wp\/v2\/media?parent=14288"}],"wp:term":[{"taxonomy":"category","embeddable":true,"href":"https:\/\/justicapotiguar.com.br\/index.php\/wp-json\/wp\/v2\/categories?post=14288"},{"taxonomy":"post_tag","embeddable":true,"href":"https:\/\/justicapotiguar.com.br\/index.php\/wp-json\/wp\/v2\/tags?post=14288"}],"curies":[{"name":"wp","href":"https:\/\/api.w.org\/{rel}","templated":true}]}}