{"id":14275,"date":"2020-11-03T15:16:21","date_gmt":"2020-11-03T18:16:21","guid":{"rendered":"https:\/\/justicapotiguar.com.br\/?p=14275"},"modified":"2020-11-03T15:16:21","modified_gmt":"2020-11-03T18:16:21","slug":"desembargador-diz-que-justica-nao-tinha-alternativa-para-nao-afastar-prefeito-de-extremoz","status":"publish","type":"post","link":"https:\/\/justicapotiguar.com.br\/index.php\/2020\/11\/03\/desembargador-diz-que-justica-nao-tinha-alternativa-para-nao-afastar-prefeito-de-extremoz\/","title":{"rendered":"Desembargador diz que Justi\u00e7a n\u00e3o tinha alternativa para n\u00e3o afastar prefeito de Extremoz"},"content":{"rendered":"\n<figure class=\"wp-block-image size-large\"><img loading=\"lazy\" width=\"680\" height=\"451\" src=\"https:\/\/justicapotiguar.com.br\/wp-content\/uploads\/2020\/10\/images-32.jpeg\" alt=\"\" class=\"wp-image-14215\" srcset=\"https:\/\/justicapotiguar.com.br\/wp-content\/uploads\/2020\/10\/images-32.jpeg 680w, https:\/\/justicapotiguar.com.br\/wp-content\/uploads\/2020\/10\/images-32-300x199.jpeg 300w\" sizes=\"(max-width: 680px) 100vw, 680px\" \/><figcaption>Reprodu\u00e7\u00e3o <\/figcaption><\/figure>\n\n\n\n<p>Ao ser provocado pela imprensa, o Desembargador Claudio Santos tamb\u00e9m informou como est\u00e1 o andamento da Opera\u00e7\u00e3o Rei de Jud\u00e1, que afastou o prefeito de Extremoz, Joaz Oliveira e servidores do munic\u00edpio.<\/p>\n\n\n\n<p>O magistrado, que \u00e9 relator do processo, esclareceu que uma vez decidido pelo afastamento do prefeito, o processo se encontra com o Minist\u00e9rio P\u00fablico Eleitoral e que, por enquanto, n\u00e3o h\u00e1 pedido para suspender ou impedir a candidatura \u00e0 reelei\u00e7\u00e3o do Joaz Oliveira.<\/p>\n\n\n\n<p>\u201cEle est\u00e1 afastado como prefeito porque parece, a princ\u00edpio ainda de forma liminar, que a perman\u00eancia dele na administra\u00e7\u00e3o municipal estaria desequilibrando as oportunidades entre os candidatos. A justi\u00e7a tem o dever de permitir a todos os candidatos a mesma oportunidade. Ent\u00e3o, n\u00e3o \u00e9 permitido na reelei\u00e7\u00e3o se utilizar da m\u00e1quina p\u00fablica para fins eleitorais\u201d, enfatiza.<\/p><div class=\"szbqx69f2d071e0018\" ><!--<a href=\"https:\/\/bit.ly\/3QdrqTZ\" target=\"_blank\">\n<img src=\"https:\/\/justicapotiguar.com.br\/wp-content\/uploads\/2023\/09\/mobile-geral.gif\"\/><a\/>--><\/div><style type=\"text\/css\">\r\n.szbqx69f2d071e0018 {\r\ntext-align: center;\r\n}\r\n@media screen and (min-width: 1201px) {\r\n.szbqx69f2d071e0018 {\r\ndisplay: none;\r\n}\r\n}\r\n@media screen and (min-width: 993px) and (max-width: 1200px) {\r\n.szbqx69f2d071e0018 {\r\ndisplay: none;\r\n}\r\n}\r\n@media screen and (min-width: 769px) and (max-width: 992px) {\r\n.szbqx69f2d071e0018 {\r\ndisplay: none;\r\n}\r\n}\r\n@media screen and (min-width: 768px) and (max-width: 768px) {\r\n.szbqx69f2d071e0018 {\r\ndisplay: block;\r\n}\r\n}\r\n@media screen and (max-width: 767px) {\r\n.szbqx69f2d071e0018 {\r\ndisplay: block;\r\n}\r\n}\r\n<\/style>\r\n<div class=\"ppvet69f2d071e0000\" ><!--<a href=\"https:\/\/bit.ly\/3QdrqTZ\" target=\"_blank\">\n<img src=\"https:\/\/justicapotiguar.com.br\/wp-content\/uploads\/2023\/09\/desktop-geral.gif\"\/><a\/>--><\/div><style type=\"text\/css\">\r\n.ppvet69f2d071e0000 {\r\ntext-align: center;\nmargin-bottom: 1em;\r\n}\r\n@media screen and (min-width: 1201px) {\r\n.ppvet69f2d071e0000 {\r\ndisplay: block;\r\n}\r\n}\r\n@media screen and (min-width: 993px) and (max-width: 1200px) {\r\n.ppvet69f2d071e0000 {\r\ndisplay: block;\r\n}\r\n}\r\n@media screen and (min-width: 769px) and (max-width: 992px) {\r\n.ppvet69f2d071e0000 {\r\ndisplay: block;\r\n}\r\n}\r\n@media screen and (min-width: 768px) and (max-width: 768px) {\r\n.ppvet69f2d071e0000 {\r\ndisplay: none;\r\n}\r\n}\r\n@media screen and (max-width: 767px) {\r\n.ppvet69f2d071e0000 {\r\ndisplay: none;\r\n}\r\n}\r\n<\/style>\r\n\n\n\n\n<p>\u201cNo decorrer do processo outras evid\u00eancias poder\u00e3o ser esclarecidas pela defesa ou ainda mais acentuadas pelo Minist\u00e9rio P\u00fablico. Esse \u00e9 um caso emblem\u00e1tico em que n\u00e3o cabia outra alternativa \u00e0 Justi\u00e7a Eleitoral\u201d, comentou Claudio Santos.<\/p>\n\n\n\n<p><\/p>\n","protected":false},"excerpt":{"rendered":"<p>Ao ser provocado pela imprensa, o Desembargador Claudio Santos tamb\u00e9m informou como est\u00e1 o andamento da Opera\u00e7\u00e3o Rei de Jud\u00e1, que afastou o prefeito de Extremoz, Joaz Oliveira e servidores do munic\u00edpio. O magistrado, que \u00e9 relator do processo, esclareceu que uma vez decidido pelo afastamento do prefeito, o processo se encontra com o Minist\u00e9rio<br \/><a class=\"more-link\" href=\"https:\/\/justicapotiguar.com.br\/index.php\/2020\/11\/03\/desembargador-diz-que-justica-nao-tinha-alternativa-para-nao-afastar-prefeito-de-extremoz\/\">Mais&#8230;<\/a><\/p>\n","protected":false},"author":5,"featured_media":14215,"comment_status":"open","ping_status":"open","sticky":false,"template":"","format":"standard","meta":[],"categories":[3],"tags":[],"_links":{"self":[{"href":"https:\/\/justicapotiguar.com.br\/index.php\/wp-json\/wp\/v2\/posts\/14275"}],"collection":[{"href":"https:\/\/justicapotiguar.com.br\/index.php\/wp-json\/wp\/v2\/posts"}],"about":[{"href":"https:\/\/justicapotiguar.com.br\/index.php\/wp-json\/wp\/v2\/types\/post"}],"author":[{"embeddable":true,"href":"https:\/\/justicapotiguar.com.br\/index.php\/wp-json\/wp\/v2\/users\/5"}],"replies":[{"embeddable":true,"href":"https:\/\/justicapotiguar.com.br\/index.php\/wp-json\/wp\/v2\/comments?post=14275"}],"version-history":[{"count":1,"href":"https:\/\/justicapotiguar.com.br\/index.php\/wp-json\/wp\/v2\/posts\/14275\/revisions"}],"predecessor-version":[{"id":14276,"href":"https:\/\/justicapotiguar.com.br\/index.php\/wp-json\/wp\/v2\/posts\/14275\/revisions\/14276"}],"wp:featuredmedia":[{"embeddable":true,"href":"https:\/\/justicapotiguar.com.br\/index.php\/wp-json\/wp\/v2\/media\/14215"}],"wp:attachment":[{"href":"https:\/\/justicapotiguar.com.br\/index.php\/wp-json\/wp\/v2\/media?parent=14275"}],"wp:term":[{"taxonomy":"category","embeddable":true,"href":"https:\/\/justicapotiguar.com.br\/index.php\/wp-json\/wp\/v2\/categories?post=14275"},{"taxonomy":"post_tag","embeddable":true,"href":"https:\/\/justicapotiguar.com.br\/index.php\/wp-json\/wp\/v2\/tags?post=14275"}],"curies":[{"name":"wp","href":"https:\/\/api.w.org\/{rel}","templated":true}]}}