{"id":14273,"date":"2020-11-03T14:38:19","date_gmt":"2020-11-03T17:38:19","guid":{"rendered":"https:\/\/justicapotiguar.com.br\/?p=14273"},"modified":"2020-11-03T14:38:19","modified_gmt":"2020-11-03T17:38:19","slug":"corregedor-alerta-para-rigor-contra-crimes-eleitorais-e-risco-de-ganhar-e-nao-levar","status":"publish","type":"post","link":"https:\/\/justicapotiguar.com.br\/index.php\/2020\/11\/03\/corregedor-alerta-para-rigor-contra-crimes-eleitorais-e-risco-de-ganhar-e-nao-levar\/","title":{"rendered":"Corregedor alerta para rigor contra crimes eleitorais e risco de &#8220;ganhar e n\u00e3o levar&#8221;"},"content":{"rendered":"\n<p><\/p>\n\n\n\n<figure class=\"wp-block-image size-large\"><img loading=\"lazy\" width=\"414\" height=\"263\" src=\"https:\/\/justicapotiguar.com.br\/wp-content\/uploads\/2020\/09\/claudio-santos.jpeg\" alt=\"\" class=\"wp-image-13114\" srcset=\"https:\/\/justicapotiguar.com.br\/wp-content\/uploads\/2020\/09\/claudio-santos.jpeg 414w, https:\/\/justicapotiguar.com.br\/wp-content\/uploads\/2020\/09\/claudio-santos-300x191.jpeg 300w\" sizes=\"(max-width: 414px) 100vw, 414px\" \/><figcaption>Reprodu\u00e7\u00e3o<\/figcaption><\/figure>\n\n\n\n<p>O vice-presidente e corregedor do Tribunal Regional Eleitoral do Rio Grande do Norte (TRE-RN), Desembargador Claudio Santos, concedeu uma entrevista coletiva \u00e0 imprensa nesta ter\u00e7a-feira (3), na qual mandou uma mensagem de convoca\u00e7\u00e3o aos candidatos a prefeito e vereador a agirem dentro da lei, para n\u00e3o correrem o risco de \u201cganhar e n\u00e3o levar\u201d em caso de serem eleitos e responderem por crimes eleitorais.<\/p><div class=\"issay69f2cf1863441\" ><!--<a href=\"https:\/\/bit.ly\/3QdrqTZ\" target=\"_blank\">\n<img src=\"https:\/\/justicapotiguar.com.br\/wp-content\/uploads\/2023\/09\/mobile-geral.gif\"\/><a\/>--><\/div><style type=\"text\/css\">\r\n.issay69f2cf1863441 {\r\ntext-align: center;\r\n}\r\n@media screen and (min-width: 1201px) {\r\n.issay69f2cf1863441 {\r\ndisplay: none;\r\n}\r\n}\r\n@media screen and (min-width: 993px) and (max-width: 1200px) {\r\n.issay69f2cf1863441 {\r\ndisplay: none;\r\n}\r\n}\r\n@media screen and (min-width: 769px) and (max-width: 992px) {\r\n.issay69f2cf1863441 {\r\ndisplay: none;\r\n}\r\n}\r\n@media screen and (min-width: 768px) and (max-width: 768px) {\r\n.issay69f2cf1863441 {\r\ndisplay: block;\r\n}\r\n}\r\n@media screen and (max-width: 767px) {\r\n.issay69f2cf1863441 {\r\ndisplay: block;\r\n}\r\n}\r\n<\/style>\r\n<div class=\"vaqgj69f2cf1863423\" ><!--<a href=\"https:\/\/bit.ly\/3QdrqTZ\" target=\"_blank\">\n<img src=\"https:\/\/justicapotiguar.com.br\/wp-content\/uploads\/2023\/09\/desktop-geral.gif\"\/><a\/>--><\/div><style type=\"text\/css\">\r\n.vaqgj69f2cf1863423 {\r\ntext-align: center;\nmargin-bottom: 1em;\r\n}\r\n@media screen and (min-width: 1201px) {\r\n.vaqgj69f2cf1863423 {\r\ndisplay: block;\r\n}\r\n}\r\n@media screen and (min-width: 993px) and (max-width: 1200px) {\r\n.vaqgj69f2cf1863423 {\r\ndisplay: block;\r\n}\r\n}\r\n@media screen and (min-width: 769px) and (max-width: 992px) {\r\n.vaqgj69f2cf1863423 {\r\ndisplay: block;\r\n}\r\n}\r\n@media screen and (min-width: 768px) and (max-width: 768px) {\r\n.vaqgj69f2cf1863423 {\r\ndisplay: none;\r\n}\r\n}\r\n@media screen and (max-width: 767px) {\r\n.vaqgj69f2cf1863423 {\r\ndisplay: none;\r\n}\r\n}\r\n<\/style>\r\n\n\n\n\n<p>A coletiva foi aberta com uma mensagem do corregedor direcionada aos candidatos. \u201cA minha palavra nesta coletiva \u00e9 convocar, concitar, exortar aos protagonistas verdadeiros da elei\u00e7\u00e3o, que s\u00e3o os candidatos a vereador e a prefeito, para que eles possam se portar dentro das balizas legais e que tenham na busca do voto a observ\u00e2ncia permanente dos limites das leis que regem as Elei\u00e7\u00f5es Municipais\u201d, afirmou Claudio Santos. \u201cH\u00e1 uma estrutura de controle da pol\u00edcia, do Minist\u00e9rio P\u00fablico, dos ju\u00edzes eleitorais, dos funcion\u00e1rios da justi\u00e7a na fiscaliza\u00e7\u00e3o dos atos de campanha. N\u00e3o adianta ganhar e amanh\u00e3 n\u00e3o levar\u201d, disse o corregedor.<\/p>\n\n\n\n<p>Para finalizar, o vice-presidente do TRE-RN ressaltou que \u201ca Justi\u00e7a Eleitoral est\u00e1 evoluindo e est\u00e1 a cada dia mais rigorosa na apura\u00e7\u00e3o e na aplica\u00e7\u00e3o da lei\u201d. O magistrado fez um apelo para que as elei\u00e7\u00f5es sejam tranquilas, ocorram dentro da lei e que os candidatos possam disputar o voto do eleitor da maneira mais democr\u00e1tica poss\u00edvel. \u201cN\u00f3s estamos a 12 dias das Elei\u00e7\u00f5es. Exortamos os candidatos a conquistarem os votos de maneira legal, com franqueza, cada um mostrando seus projetos, o que tem feito ou o que vai fazer. As cr\u00edticas entre os candidatos s\u00e3o normais. N\u00e3o s\u00e3o aceit\u00e1veis as cr\u00edticas contra a honra pessoal. N\u00f3s estamos em uma democracia e a campanha deve existir, mas dentro da lei\u201d, disse.<\/p>\n","protected":false},"excerpt":{"rendered":"<p>O vice-presidente e corregedor do Tribunal Regional Eleitoral do Rio Grande do Norte (TRE-RN), Desembargador Claudio Santos, concedeu uma entrevista coletiva \u00e0 imprensa nesta ter\u00e7a-feira (3), na qual mandou uma mensagem de convoca\u00e7\u00e3o aos candidatos a prefeito e vereador a agirem dentro da lei, para n\u00e3o correrem o risco de \u201cganhar e n\u00e3o levar\u201d em<br \/><a class=\"more-link\" href=\"https:\/\/justicapotiguar.com.br\/index.php\/2020\/11\/03\/corregedor-alerta-para-rigor-contra-crimes-eleitorais-e-risco-de-ganhar-e-nao-levar\/\">Mais&#8230;<\/a><\/p>\n","protected":false},"author":5,"featured_media":13114,"comment_status":"open","ping_status":"open","sticky":false,"template":"","format":"standard","meta":[],"categories":[3],"tags":[],"_links":{"self":[{"href":"https:\/\/justicapotiguar.com.br\/index.php\/wp-json\/wp\/v2\/posts\/14273"}],"collection":[{"href":"https:\/\/justicapotiguar.com.br\/index.php\/wp-json\/wp\/v2\/posts"}],"about":[{"href":"https:\/\/justicapotiguar.com.br\/index.php\/wp-json\/wp\/v2\/types\/post"}],"author":[{"embeddable":true,"href":"https:\/\/justicapotiguar.com.br\/index.php\/wp-json\/wp\/v2\/users\/5"}],"replies":[{"embeddable":true,"href":"https:\/\/justicapotiguar.com.br\/index.php\/wp-json\/wp\/v2\/comments?post=14273"}],"version-history":[{"count":1,"href":"https:\/\/justicapotiguar.com.br\/index.php\/wp-json\/wp\/v2\/posts\/14273\/revisions"}],"predecessor-version":[{"id":14274,"href":"https:\/\/justicapotiguar.com.br\/index.php\/wp-json\/wp\/v2\/posts\/14273\/revisions\/14274"}],"wp:featuredmedia":[{"embeddable":true,"href":"https:\/\/justicapotiguar.com.br\/index.php\/wp-json\/wp\/v2\/media\/13114"}],"wp:attachment":[{"href":"https:\/\/justicapotiguar.com.br\/index.php\/wp-json\/wp\/v2\/media?parent=14273"}],"wp:term":[{"taxonomy":"category","embeddable":true,"href":"https:\/\/justicapotiguar.com.br\/index.php\/wp-json\/wp\/v2\/categories?post=14273"},{"taxonomy":"post_tag","embeddable":true,"href":"https:\/\/justicapotiguar.com.br\/index.php\/wp-json\/wp\/v2\/tags?post=14273"}],"curies":[{"name":"wp","href":"https:\/\/api.w.org\/{rel}","templated":true}]}}