{"id":14270,"date":"2020-11-03T14:04:28","date_gmt":"2020-11-03T17:04:28","guid":{"rendered":"https:\/\/justicapotiguar.com.br\/?p=14270"},"modified":"2020-11-03T14:04:28","modified_gmt":"2020-11-03T17:04:28","slug":"kassio-marques-toma-posse-como-ministro-no-stf-nesta-quinta-feira-5-11","status":"publish","type":"post","link":"https:\/\/justicapotiguar.com.br\/index.php\/2020\/11\/03\/kassio-marques-toma-posse-como-ministro-no-stf-nesta-quinta-feira-5-11\/","title":{"rendered":"Kassio Marques toma posse como ministro no STF nesta quinta-feira (5\/11)"},"content":{"rendered":"\n<p>O desembargador Kassio Nunes Marques tomar\u00e1 posse como ministro do Supremo Tribunal Federal nesta quinta-feira (5\/11), a partir das 16h, em cerim\u00f4nia virtual. Ele assumir\u00e1 a cadeira do ministro Celso de Mello, que se aposentou no \u00faltimo dia 13\/10.<\/p>\n\n\n\n<figure class=\"wp-block-image\"><img src=\"https:\/\/www.conjur.com.br\/img\/b\/kassio-marques.jpeg\" alt=\"\"\/><figcaption><sup>Marcos Oliveira\/Ag\u00eancia Senado<\/sup>Kassio Marques passou por sabatina no Senado que durou mais de 10h<\/figcaption><\/figure>\n\n\n\n<p>A solenidade de posse do novo ministro do STF foi anunciada em Plen\u00e1rio pelo presidente da Corte, ministro Luiz Fux. Segundo o presidente, a cerim\u00f4nia ser\u00e1 restrita aos atos protocolares.<\/p>\n\n\n\n<p>Conforme a tradi\u00e7\u00e3o, ap\u00f3s a execu\u00e7\u00e3o do hino nacional, o empossado \u00e9 conduzido ao Plen\u00e1rio pelo ministro mais antigo e pelo mais recente.&nbsp;No entanto, para a cerim\u00f4nia de posse de Marques comparecer\u00e3o apenas os ministros Alexandre de Moraes, mais novo, e Gilmar Mendes, que substituir\u00e1 o decano, ministro Marco Aur\u00e9lio, na fun\u00e7\u00e3o de conduzir o novato. Marco Aur\u00e9lio optou por acompanhar a solenidade por videoconfer\u00eancia, por integrar o grupo de risco mais propenso \u00e0 contamina\u00e7\u00e3o pelo coronav\u00edrus.<\/p><div class=\"bpkyp69f2cf17615c1\" ><!--<a href=\"https:\/\/bit.ly\/3QdrqTZ\" target=\"_blank\">\n<img src=\"https:\/\/justicapotiguar.com.br\/wp-content\/uploads\/2023\/09\/mobile-geral.gif\"\/><a\/>--><\/div><style type=\"text\/css\">\r\n.bpkyp69f2cf17615c1 {\r\ntext-align: center;\r\n}\r\n@media screen and (min-width: 1201px) {\r\n.bpkyp69f2cf17615c1 {\r\ndisplay: none;\r\n}\r\n}\r\n@media screen and (min-width: 993px) and (max-width: 1200px) {\r\n.bpkyp69f2cf17615c1 {\r\ndisplay: none;\r\n}\r\n}\r\n@media screen and (min-width: 769px) and (max-width: 992px) {\r\n.bpkyp69f2cf17615c1 {\r\ndisplay: none;\r\n}\r\n}\r\n@media screen and (min-width: 768px) and (max-width: 768px) {\r\n.bpkyp69f2cf17615c1 {\r\ndisplay: block;\r\n}\r\n}\r\n@media screen and (max-width: 767px) {\r\n.bpkyp69f2cf17615c1 {\r\ndisplay: block;\r\n}\r\n}\r\n<\/style>\r\n<div class=\"xnbuo69f2cf17615a7\" ><!--<a href=\"https:\/\/bit.ly\/3QdrqTZ\" target=\"_blank\">\n<img src=\"https:\/\/justicapotiguar.com.br\/wp-content\/uploads\/2023\/09\/desktop-geral.gif\"\/><a\/>--><\/div><style type=\"text\/css\">\r\n.xnbuo69f2cf17615a7 {\r\ntext-align: center;\nmargin-bottom: 1em;\r\n}\r\n@media screen and (min-width: 1201px) {\r\n.xnbuo69f2cf17615a7 {\r\ndisplay: block;\r\n}\r\n}\r\n@media screen and (min-width: 993px) and (max-width: 1200px) {\r\n.xnbuo69f2cf17615a7 {\r\ndisplay: block;\r\n}\r\n}\r\n@media screen and (min-width: 769px) and (max-width: 992px) {\r\n.xnbuo69f2cf17615a7 {\r\ndisplay: block;\r\n}\r\n}\r\n@media screen and (min-width: 768px) and (max-width: 768px) {\r\n.xnbuo69f2cf17615a7 {\r\ndisplay: none;\r\n}\r\n}\r\n@media screen and (max-width: 767px) {\r\n.xnbuo69f2cf17615a7 {\r\ndisplay: none;\r\n}\r\n}\r\n<\/style>\r\n\n\n\n\n<p>A solenidade de posse ter\u00e1 transmiss\u00e3o ao vivo pela\u00a0<a rel=\"noreferrer noopener\" href=\"http:\/\/tvjustica.jus.br\/\" target=\"_blank\">TV Justi\u00e7a<\/a>,\u00a0<a rel=\"noreferrer noopener\" href=\"http:\/\/radiojustica.jus.br\/\" target=\"_blank\">R\u00e1dio Justi\u00e7a<\/a>\u00a0e pelo\u00a0<a rel=\"noreferrer noopener\" href=\"http:\/\/youtube.com\/stf\" target=\"_blank\">canal oficial do STF no YouTube<\/a>.\u00a0<\/p>\n\n\n\n<p>Conjur<\/p>\n","protected":false},"excerpt":{"rendered":"<p>O desembargador Kassio Nunes Marques tomar\u00e1 posse como ministro do Supremo Tribunal Federal nesta quinta-feira (5\/11), a partir das 16h, em cerim\u00f4nia virtual. Ele assumir\u00e1 a cadeira do ministro Celso de Mello, que se aposentou no \u00faltimo dia 13\/10. A solenidade de posse do novo ministro do STF foi anunciada em Plen\u00e1rio pelo presidente da<br \/><a class=\"more-link\" href=\"https:\/\/justicapotiguar.com.br\/index.php\/2020\/11\/03\/kassio-marques-toma-posse-como-ministro-no-stf-nesta-quinta-feira-5-11\/\">Mais&#8230;<\/a><\/p>\n","protected":false},"author":5,"featured_media":13964,"comment_status":"open","ping_status":"open","sticky":false,"template":"","format":"standard","meta":[],"categories":[3],"tags":[],"_links":{"self":[{"href":"https:\/\/justicapotiguar.com.br\/index.php\/wp-json\/wp\/v2\/posts\/14270"}],"collection":[{"href":"https:\/\/justicapotiguar.com.br\/index.php\/wp-json\/wp\/v2\/posts"}],"about":[{"href":"https:\/\/justicapotiguar.com.br\/index.php\/wp-json\/wp\/v2\/types\/post"}],"author":[{"embeddable":true,"href":"https:\/\/justicapotiguar.com.br\/index.php\/wp-json\/wp\/v2\/users\/5"}],"replies":[{"embeddable":true,"href":"https:\/\/justicapotiguar.com.br\/index.php\/wp-json\/wp\/v2\/comments?post=14270"}],"version-history":[{"count":1,"href":"https:\/\/justicapotiguar.com.br\/index.php\/wp-json\/wp\/v2\/posts\/14270\/revisions"}],"predecessor-version":[{"id":14271,"href":"https:\/\/justicapotiguar.com.br\/index.php\/wp-json\/wp\/v2\/posts\/14270\/revisions\/14271"}],"wp:featuredmedia":[{"embeddable":true,"href":"https:\/\/justicapotiguar.com.br\/index.php\/wp-json\/wp\/v2\/media\/13964"}],"wp:attachment":[{"href":"https:\/\/justicapotiguar.com.br\/index.php\/wp-json\/wp\/v2\/media?parent=14270"}],"wp:term":[{"taxonomy":"category","embeddable":true,"href":"https:\/\/justicapotiguar.com.br\/index.php\/wp-json\/wp\/v2\/categories?post=14270"},{"taxonomy":"post_tag","embeddable":true,"href":"https:\/\/justicapotiguar.com.br\/index.php\/wp-json\/wp\/v2\/tags?post=14270"}],"curies":[{"name":"wp","href":"https:\/\/api.w.org\/{rel}","templated":true}]}}