{"id":14268,"date":"2020-11-03T12:22:53","date_gmt":"2020-11-03T15:22:53","guid":{"rendered":"https:\/\/justicapotiguar.com.br\/?p=14268"},"modified":"2020-11-03T10:42:41","modified_gmt":"2020-11-03T13:42:41","slug":"eleicoes-2020-juiza-determina-exclusao-de-grupo-no-whatsapp-criado-para-difamar-candidato","status":"publish","type":"post","link":"https:\/\/justicapotiguar.com.br\/index.php\/2020\/11\/03\/eleicoes-2020-juiza-determina-exclusao-de-grupo-no-whatsapp-criado-para-difamar-candidato\/","title":{"rendered":"Elei\u00e7\u00f5es 2020: Ju\u00edza determina exclus\u00e3o de grupo no WhatsApp criado para difamar candidato"},"content":{"rendered":"\n<p>Um grupo criado no WhatsApp para supostamente atacar e denegrir o atual prefeito de Chavantes e candidato \u00e0 reelei\u00e7\u00e3o M\u00e1rcio Burguinha, dever\u00e1 ser exclu\u00eddo. A determina\u00e7\u00e3o \u00e9 da ju\u00edza da 313\u00aa Zona Eleitoral de Ourinhos\/SP, Alessandra Mendes Spalding ao conceder uma liminar. Em caso de descumprimento, ser\u00e1 cobrado o valor de R$ 1 mil por dia para cada administrador do grupo.<\/p>\n\n\n\n<figure class=\"wp-block-image\"><img src=\"https:\/\/img2.migalhas.uol.com.br\/_MEDPROC_\/https__img1.migalhas.uol.com.br__SL__gf_base__SL__empresas__SL__MIGA__SL__imagens__SL__AC46853008F57FFC6C29A1C1EA11D8D31B08_whatapp.png._PROC_CP75.png\" alt=\"\" title=\"\"\/><\/figure>\n\n\n\n<p>Denominado &#8220;Chavantes Mil Grau&#8221;, o grupo era administrado por cinco pessoas que, segundo representa\u00e7\u00e3o da coliga\u00e7\u00e3o &#8220;Trabalho e Uni\u00e3o por Chavantes e Irap\u00e9&#8221;, estariam ligados ao candidato oponente, D\u00e9cio, da coliga\u00e7\u00e3o &#8220;Uni\u00e3o Com Lealdade e Transpar\u00eancia&#8221;.PUBLICIDADEhttps:\/\/a2b71d42b4c669f43138db3d6c8608af.safeframe.googlesyndication.com\/safeframe\/1-0-37\/html\/container.html<\/p>\n\n\n\n<p>Na representa\u00e7\u00e3o, a coliga\u00e7\u00e3o afirma que estavam sendo postadas no grupo informa\u00e7\u00f5es falsas de cunho ofensivo com o objetivo de denegrir a imagem dos candidatos a prefeito e vice da Coliga\u00e7\u00e3o &#8220;Trabalho e Uni\u00e3o por Chavantes e Irap\u00e9&#8221;, Marcio Burguinha de Jesus Rego e Luis Filipe de Paula Jacinto.<\/p>\n\n\n\n<p>No julgamento da ju\u00edza, as mensagens que eram postadas neste grupo, eram montadas, com intuito de macular o candidato e detrimento ao concorrente, podendo ser usadas em outros grupos, sendo facilmente viralizadas.<\/p><div class=\"qkflt69f2cec599757\" ><!--<a href=\"https:\/\/bit.ly\/3QdrqTZ\" target=\"_blank\">\n<img src=\"https:\/\/justicapotiguar.com.br\/wp-content\/uploads\/2023\/09\/mobile-geral.gif\"\/><a\/>--><\/div><style type=\"text\/css\">\r\n.qkflt69f2cec599757 {\r\ntext-align: center;\r\n}\r\n@media screen and (min-width: 1201px) {\r\n.qkflt69f2cec599757 {\r\ndisplay: none;\r\n}\r\n}\r\n@media screen and (min-width: 993px) and (max-width: 1200px) {\r\n.qkflt69f2cec599757 {\r\ndisplay: none;\r\n}\r\n}\r\n@media screen and (min-width: 769px) and (max-width: 992px) {\r\n.qkflt69f2cec599757 {\r\ndisplay: none;\r\n}\r\n}\r\n@media screen and (min-width: 768px) and (max-width: 768px) {\r\n.qkflt69f2cec599757 {\r\ndisplay: block;\r\n}\r\n}\r\n@media screen and (max-width: 767px) {\r\n.qkflt69f2cec599757 {\r\ndisplay: block;\r\n}\r\n}\r\n<\/style>\r\n<div class=\"qlbec69f2cec599744\" ><!--<a href=\"https:\/\/bit.ly\/3QdrqTZ\" target=\"_blank\">\n<img src=\"https:\/\/justicapotiguar.com.br\/wp-content\/uploads\/2023\/09\/desktop-geral.gif\"\/><a\/>--><\/div><style type=\"text\/css\">\r\n.qlbec69f2cec599744 {\r\ntext-align: center;\nmargin-bottom: 1em;\r\n}\r\n@media screen and (min-width: 1201px) {\r\n.qlbec69f2cec599744 {\r\ndisplay: block;\r\n}\r\n}\r\n@media screen and (min-width: 993px) and (max-width: 1200px) {\r\n.qlbec69f2cec599744 {\r\ndisplay: block;\r\n}\r\n}\r\n@media screen and (min-width: 769px) and (max-width: 992px) {\r\n.qlbec69f2cec599744 {\r\ndisplay: block;\r\n}\r\n}\r\n@media screen and (min-width: 768px) and (max-width: 768px) {\r\n.qlbec69f2cec599744 {\r\ndisplay: none;\r\n}\r\n}\r\n@media screen and (max-width: 767px) {\r\n.qlbec69f2cec599744 {\r\ndisplay: none;\r\n}\r\n}\r\n<\/style>\r\n\n\n\n\n<p><em>&#8220;As mensagens montadas tem como objetivo macular a igualdade de oportunidade entre os candidatos, sendo certo que as conversas n\u00e3o ficam circunscritas aos seus usu\u00e1rios, eis que s\u00e3o compartilhadas em outros grupos, havendo a possibilidade em abstrato de eventual &#8216;viraliza\u00e7\u00e3o'&#8221;.<\/em><\/p>\n\n\n\n<p>Assim, a magistrada determinou a exclus\u00e3o do grupo em 24 horas deixando claro que os administradores n\u00e3o podem criar novo grupo &#8220;<em>com os mesmos integrantes em que venham a ser veiculadas as mesmas (ou semelhantes) mensagens difamat\u00f3rias&#8221;.<\/em><\/p>\n\n\n\n<p>Migalhas<\/p>\n","protected":false},"excerpt":{"rendered":"<p>Um grupo criado no WhatsApp para supostamente atacar e denegrir o atual prefeito de Chavantes e candidato \u00e0 reelei\u00e7\u00e3o M\u00e1rcio Burguinha, dever\u00e1 ser exclu\u00eddo. A determina\u00e7\u00e3o \u00e9 da ju\u00edza da 313\u00aa Zona Eleitoral de Ourinhos\/SP, Alessandra Mendes Spalding ao conceder uma liminar. Em caso de descumprimento, ser\u00e1 cobrado o valor de R$ 1 mil por<br \/><a class=\"more-link\" href=\"https:\/\/justicapotiguar.com.br\/index.php\/2020\/11\/03\/eleicoes-2020-juiza-determina-exclusao-de-grupo-no-whatsapp-criado-para-difamar-candidato\/\">Mais&#8230;<\/a><\/p>\n","protected":false},"author":5,"featured_media":10461,"comment_status":"open","ping_status":"open","sticky":false,"template":"","format":"standard","meta":[],"categories":[3],"tags":[],"_links":{"self":[{"href":"https:\/\/justicapotiguar.com.br\/index.php\/wp-json\/wp\/v2\/posts\/14268"}],"collection":[{"href":"https:\/\/justicapotiguar.com.br\/index.php\/wp-json\/wp\/v2\/posts"}],"about":[{"href":"https:\/\/justicapotiguar.com.br\/index.php\/wp-json\/wp\/v2\/types\/post"}],"author":[{"embeddable":true,"href":"https:\/\/justicapotiguar.com.br\/index.php\/wp-json\/wp\/v2\/users\/5"}],"replies":[{"embeddable":true,"href":"https:\/\/justicapotiguar.com.br\/index.php\/wp-json\/wp\/v2\/comments?post=14268"}],"version-history":[{"count":1,"href":"https:\/\/justicapotiguar.com.br\/index.php\/wp-json\/wp\/v2\/posts\/14268\/revisions"}],"predecessor-version":[{"id":14269,"href":"https:\/\/justicapotiguar.com.br\/index.php\/wp-json\/wp\/v2\/posts\/14268\/revisions\/14269"}],"wp:featuredmedia":[{"embeddable":true,"href":"https:\/\/justicapotiguar.com.br\/index.php\/wp-json\/wp\/v2\/media\/10461"}],"wp:attachment":[{"href":"https:\/\/justicapotiguar.com.br\/index.php\/wp-json\/wp\/v2\/media?parent=14268"}],"wp:term":[{"taxonomy":"category","embeddable":true,"href":"https:\/\/justicapotiguar.com.br\/index.php\/wp-json\/wp\/v2\/categories?post=14268"},{"taxonomy":"post_tag","embeddable":true,"href":"https:\/\/justicapotiguar.com.br\/index.php\/wp-json\/wp\/v2\/tags?post=14268"}],"curies":[{"name":"wp","href":"https:\/\/api.w.org\/{rel}","templated":true}]}}