{"id":14266,"date":"2020-11-03T11:15:40","date_gmt":"2020-11-03T14:15:40","guid":{"rendered":"https:\/\/justicapotiguar.com.br\/?p=14266"},"modified":"2020-11-03T10:40:48","modified_gmt":"2020-11-03T13:40:48","slug":"acordos-para-a-suspensao-do-auxilio-alimentacao-durante-a-pandemia-sao-considerados-licitos-pelo-trt-rn","status":"publish","type":"post","link":"https:\/\/justicapotiguar.com.br\/index.php\/2020\/11\/03\/acordos-para-a-suspensao-do-auxilio-alimentacao-durante-a-pandemia-sao-considerados-licitos-pelo-trt-rn\/","title":{"rendered":"Acordos para a suspens\u00e3o do aux\u00edlio alimenta\u00e7\u00e3o durante a pandemia s\u00e3o considerados l\u00edcitos pelo TRT-RN"},"content":{"rendered":"\n<figure class=\"wp-block-image size-large\"><img loading=\"lazy\" width=\"1024\" height=\"576\" src=\"https:\/\/justicapotiguar.com.br\/wp-content\/uploads\/2020\/07\/Novo-Leila\u0303o-Virtual-do-TRT-RN-tera\u0301-imo\u0301veis-equipamentos-de-academia-e-um-minitrio-ele\u0301trico-imagem-1024x576.jpeg\" alt=\"\" class=\"wp-image-11388\" srcset=\"https:\/\/justicapotiguar.com.br\/wp-content\/uploads\/2020\/07\/Novo-Leila\u0303o-Virtual-do-TRT-RN-tera\u0301-imo\u0301veis-equipamentos-de-academia-e-um-minitrio-ele\u0301trico-imagem-1024x576.jpeg 1024w, https:\/\/justicapotiguar.com.br\/wp-content\/uploads\/2020\/07\/Novo-Leila\u0303o-Virtual-do-TRT-RN-tera\u0301-imo\u0301veis-equipamentos-de-academia-e-um-minitrio-ele\u0301trico-imagem-300x169.jpeg 300w, https:\/\/justicapotiguar.com.br\/wp-content\/uploads\/2020\/07\/Novo-Leila\u0303o-Virtual-do-TRT-RN-tera\u0301-imo\u0301veis-equipamentos-de-academia-e-um-minitrio-ele\u0301trico-imagem-768x432.jpeg 768w, https:\/\/justicapotiguar.com.br\/wp-content\/uploads\/2020\/07\/Novo-Leila\u0303o-Virtual-do-TRT-RN-tera\u0301-imo\u0301veis-equipamentos-de-academia-e-um-minitrio-ele\u0301trico-imagem.jpeg 1280w\" sizes=\"(max-width: 1024px) 100vw, 1024px\" \/><figcaption>Ilustrativa<\/figcaption><\/figure>\n\n\n\n<p>A Primeira Turma do Tribunal Regional do Trabalho da 21\u00aa Regi\u00e3o (TRT-RN) reconheceu como l\u00edcitos os acordos individuais feitos pela Arituba Empreendimentos Tur\u00edsticos Ltda. para a suspens\u00e3o tempor\u00e1ria do pagamento do aux\u00edlio alimenta\u00e7\u00e3o durante a pandemia da Covid-19.<\/p>\n\n\n\n<p>Para o desembargador Ricardo Lu\u00eds Esp\u00edndola Borges, relator do processo no TRT-RN, devido \u00e0 situa\u00e7\u00e3o emergencial causada pela pandemia, foi correta a iniciativa empresarial de suspens\u00e3o tempor\u00e1ria do aux\u00edlio alimenta\u00e7\u00e3o, \u201cmediante acordos individuais, com respaldo na Lei n\u00ba 14.020\/2020\u201d.<\/p>\n\n\n\n<p>A decis\u00e3o no Tribunal manteve o julgamento da 2\u00aa Vara do Trabalho de Natal em processo ajuizado pelo Sindicato dos Empregados no Com\u00e9rcio Hoteleiro e Similares no Estado do Rio Grande do Norte (Sindhoteleiros-RN), contra a legalidade dos acordos firmados.<\/p>\n\n\n\n<p>Para a representa\u00e7\u00e3o sindical, a empresa poderia ter utilizado outras op\u00e7\u00f5es previstas na legisla\u00e7\u00e3o, como a institui\u00e7\u00e3o de banco de horas, trabalho em home office, redu\u00e7\u00e3o e suspens\u00e3o contratual, antecipa\u00e7\u00e3o das f\u00e9rias e parcelamento do FGTS.<\/p>\n\n\n\n<p>Isso porque, segundo a parte autora, a supress\u00e3o de verba de natureza alimentar, sem contrapartida significativa diante da perda patrimonial, prejudicaria o lado mais fraco da rela\u00e7\u00e3o de trabalho.<\/p><div class=\"yvyws69f2bb294001f\" ><!--<a href=\"https:\/\/bit.ly\/3QdrqTZ\" target=\"_blank\">\n<img src=\"https:\/\/justicapotiguar.com.br\/wp-content\/uploads\/2023\/09\/mobile-geral.gif\"\/><a\/>--><\/div><style type=\"text\/css\">\r\n.yvyws69f2bb294001f {\r\ntext-align: center;\r\n}\r\n@media screen and (min-width: 1201px) {\r\n.yvyws69f2bb294001f {\r\ndisplay: none;\r\n}\r\n}\r\n@media screen and (min-width: 993px) and (max-width: 1200px) {\r\n.yvyws69f2bb294001f {\r\ndisplay: none;\r\n}\r\n}\r\n@media screen and (min-width: 769px) and (max-width: 992px) {\r\n.yvyws69f2bb294001f {\r\ndisplay: none;\r\n}\r\n}\r\n@media screen and (min-width: 768px) and (max-width: 768px) {\r\n.yvyws69f2bb294001f {\r\ndisplay: block;\r\n}\r\n}\r\n@media screen and (max-width: 767px) {\r\n.yvyws69f2bb294001f {\r\ndisplay: block;\r\n}\r\n}\r\n<\/style>\r\n<div class=\"bkvbr69f2bb2940008\" ><!--<a href=\"https:\/\/bit.ly\/3QdrqTZ\" target=\"_blank\">\n<img src=\"https:\/\/justicapotiguar.com.br\/wp-content\/uploads\/2023\/09\/desktop-geral.gif\"\/><a\/>--><\/div><style type=\"text\/css\">\r\n.bkvbr69f2bb2940008 {\r\ntext-align: center;\nmargin-bottom: 1em;\r\n}\r\n@media screen and (min-width: 1201px) {\r\n.bkvbr69f2bb2940008 {\r\ndisplay: block;\r\n}\r\n}\r\n@media screen and (min-width: 993px) and (max-width: 1200px) {\r\n.bkvbr69f2bb2940008 {\r\ndisplay: block;\r\n}\r\n}\r\n@media screen and (min-width: 769px) and (max-width: 992px) {\r\n.bkvbr69f2bb2940008 {\r\ndisplay: block;\r\n}\r\n}\r\n@media screen and (min-width: 768px) and (max-width: 768px) {\r\n.bkvbr69f2bb2940008 {\r\ndisplay: none;\r\n}\r\n}\r\n@media screen and (max-width: 767px) {\r\n.bkvbr69f2bb2940008 {\r\ndisplay: none;\r\n}\r\n}\r\n<\/style>\r\n\n\n\n\n<p>Na sua decis\u00e3o, o desembargador Ricardo Lu\u00eds Esp\u00edndola Borges, destacou que \u201cdiversos setores da economia foram gravemente atingidos pela crise econ\u00f4mica ocasionada pela pandemia, entre os quais o ramo hoteleiro\u201d<\/p>\n\n\n\n<p>Por isso, as atuais circunst\u00e2ncias \u201cdemandam a ado\u00e7\u00e3o de medidas emergenciais, seja pela suspens\u00e3o tempor\u00e1ria das atividades e dos contratos, seja pela redu\u00e7\u00e3o da jornada e do sal\u00e1rio, com vistas a garantir a perman\u00eancia do v\u00ednculo de emprego, segundo previs\u00e3o legal\u201d;<\/p>\n\n\n\n<p>Ainda, de acordo com o magistrado, a possibilidade de ado\u00e7\u00e3o de outras modalidades de ajustes para n\u00e3o demitir os empregados, como defendeu o Sindicato, \u201cn\u00e3o torna inv\u00e1lida a iniciativa da empresa quanto \u00e0 suspens\u00e3o tempor\u00e1ria do benef\u00edcio denominado \u2018vale-feira\u2019\u201d.<\/p>\n\n\n\n<p>Ricardo Lu\u00eds Esp\u00edndola Borges ressaltou, tamb\u00e9m, que os acordos individuais firmados entre os empregados e a empresa garantem n\u00e3o apenas a posterior retomada do pagamento do aux\u00edlio alimenta\u00e7\u00e3o, mas tamb\u00e9m o aumento do valor do benef\u00edcio em R$ 10,00, passando de R$ 90,00 para R$ 100,00.<\/p>\n\n\n\n<p>A decis\u00e3o da Primeira Turma do TRT-RN foi por unanimidade. O n\u00famero do processo \u00e9 o 0000317-84.2020.5.21.0002.<\/p>\n","protected":false},"excerpt":{"rendered":"<p>A Primeira Turma do Tribunal Regional do Trabalho da 21\u00aa Regi\u00e3o (TRT-RN) reconheceu como l\u00edcitos os acordos individuais feitos pela Arituba Empreendimentos Tur\u00edsticos Ltda. para a suspens\u00e3o tempor\u00e1ria do pagamento do aux\u00edlio alimenta\u00e7\u00e3o durante a pandemia da Covid-19. Para o desembargador Ricardo Lu\u00eds Esp\u00edndola Borges, relator do processo no TRT-RN, devido \u00e0 situa\u00e7\u00e3o emergencial causada<br \/><a class=\"more-link\" href=\"https:\/\/justicapotiguar.com.br\/index.php\/2020\/11\/03\/acordos-para-a-suspensao-do-auxilio-alimentacao-durante-a-pandemia-sao-considerados-licitos-pelo-trt-rn\/\">Mais&#8230;<\/a><\/p>\n","protected":false},"author":5,"featured_media":11388,"comment_status":"open","ping_status":"open","sticky":false,"template":"","format":"standard","meta":[],"categories":[3],"tags":[],"_links":{"self":[{"href":"https:\/\/justicapotiguar.com.br\/index.php\/wp-json\/wp\/v2\/posts\/14266"}],"collection":[{"href":"https:\/\/justicapotiguar.com.br\/index.php\/wp-json\/wp\/v2\/posts"}],"about":[{"href":"https:\/\/justicapotiguar.com.br\/index.php\/wp-json\/wp\/v2\/types\/post"}],"author":[{"embeddable":true,"href":"https:\/\/justicapotiguar.com.br\/index.php\/wp-json\/wp\/v2\/users\/5"}],"replies":[{"embeddable":true,"href":"https:\/\/justicapotiguar.com.br\/index.php\/wp-json\/wp\/v2\/comments?post=14266"}],"version-history":[{"count":1,"href":"https:\/\/justicapotiguar.com.br\/index.php\/wp-json\/wp\/v2\/posts\/14266\/revisions"}],"predecessor-version":[{"id":14267,"href":"https:\/\/justicapotiguar.com.br\/index.php\/wp-json\/wp\/v2\/posts\/14266\/revisions\/14267"}],"wp:featuredmedia":[{"embeddable":true,"href":"https:\/\/justicapotiguar.com.br\/index.php\/wp-json\/wp\/v2\/media\/11388"}],"wp:attachment":[{"href":"https:\/\/justicapotiguar.com.br\/index.php\/wp-json\/wp\/v2\/media?parent=14266"}],"wp:term":[{"taxonomy":"category","embeddable":true,"href":"https:\/\/justicapotiguar.com.br\/index.php\/wp-json\/wp\/v2\/categories?post=14266"},{"taxonomy":"post_tag","embeddable":true,"href":"https:\/\/justicapotiguar.com.br\/index.php\/wp-json\/wp\/v2\/tags?post=14266"}],"curies":[{"name":"wp","href":"https:\/\/api.w.org\/{rel}","templated":true}]}}