{"id":14264,"date":"2020-11-03T10:28:22","date_gmt":"2020-11-03T13:28:22","guid":{"rendered":"https:\/\/justicapotiguar.com.br\/?p=14264"},"modified":"2020-11-03T10:28:22","modified_gmt":"2020-11-03T13:28:22","slug":"eleitores-tem-ate-quinta-feira-para-solicitar-2a-via-do-titulo","status":"publish","type":"post","link":"https:\/\/justicapotiguar.com.br\/index.php\/2020\/11\/03\/eleitores-tem-ate-quinta-feira-para-solicitar-2a-via-do-titulo\/","title":{"rendered":"Eleitores t\u00eam at\u00e9 quinta-feira para solicitar 2\u00aa via do t\u00edtulo"},"content":{"rendered":"\n<p>Vai at\u00e9 esta quinta-feira, 5, o prazo para que o eleitor solicite a segunda via do t\u00edtulo no cart\u00f3rio eleitoral da zona onde est\u00e1 cadastrado.<\/p>\n\n\n\n<p>Para que seja realizada a emiss\u00e3o, o eleitor deve estar quite com a Justi\u00e7a Eleitoral, ou seja, n\u00e3o pode ter d\u00e9bitos pendentes como multas por aus\u00eancia \u00e0s urnas.<\/p>\n\n\n\n<figure class=\"wp-block-image\"><img src=\"https:\/\/img2.migalhas.uol.com.br\/_MEDPROC_\/https__img1.migalhas.uol.com.br__SL__gf_base__SL__empresas__SL__MIGA__SL__imagens__SL__2020__SL__11__SL__03__SL__c5ba8f88-0c63-4fed-a23d-eb708e0881d4.png._PROC_CP75.png\" alt=\"(Imagem: Brazil Photo Press\/Folhapress.)\" title=\"(Imagem: Brazil Photo Press\/Folhapress.)\"\/><\/figure>\n\n\n\n<p>T\u00edtulo de eleitor.(Imagem: Brazil Photo Press\/Folhapress.)<\/p>\n\n\n\n<p><strong>Al\u00e9m do t\u00edtulo<\/strong><\/p><div class=\"xozqa69f2a68fa240e\" ><!--<a href=\"https:\/\/bit.ly\/3QdrqTZ\" target=\"_blank\">\n<img src=\"https:\/\/justicapotiguar.com.br\/wp-content\/uploads\/2023\/09\/mobile-geral.gif\"\/><a\/>--><\/div><style type=\"text\/css\">\r\n.xozqa69f2a68fa240e {\r\ntext-align: center;\r\n}\r\n@media screen and (min-width: 1201px) {\r\n.xozqa69f2a68fa240e {\r\ndisplay: none;\r\n}\r\n}\r\n@media screen and (min-width: 993px) and (max-width: 1200px) {\r\n.xozqa69f2a68fa240e {\r\ndisplay: none;\r\n}\r\n}\r\n@media screen and (min-width: 769px) and (max-width: 992px) {\r\n.xozqa69f2a68fa240e {\r\ndisplay: none;\r\n}\r\n}\r\n@media screen and (min-width: 768px) and (max-width: 768px) {\r\n.xozqa69f2a68fa240e {\r\ndisplay: block;\r\n}\r\n}\r\n@media screen and (max-width: 767px) {\r\n.xozqa69f2a68fa240e {\r\ndisplay: block;\r\n}\r\n}\r\n<\/style>\r\n<div class=\"jnzsy69f2a68fa23fb\" ><!--<a href=\"https:\/\/bit.ly\/3QdrqTZ\" target=\"_blank\">\n<img src=\"https:\/\/justicapotiguar.com.br\/wp-content\/uploads\/2023\/09\/desktop-geral.gif\"\/><a\/>--><\/div><style type=\"text\/css\">\r\n.jnzsy69f2a68fa23fb {\r\ntext-align: center;\nmargin-bottom: 1em;\r\n}\r\n@media screen and (min-width: 1201px) {\r\n.jnzsy69f2a68fa23fb {\r\ndisplay: block;\r\n}\r\n}\r\n@media screen and (min-width: 993px) and (max-width: 1200px) {\r\n.jnzsy69f2a68fa23fb {\r\ndisplay: block;\r\n}\r\n}\r\n@media screen and (min-width: 769px) and (max-width: 992px) {\r\n.jnzsy69f2a68fa23fb {\r\ndisplay: block;\r\n}\r\n}\r\n@media screen and (min-width: 768px) and (max-width: 768px) {\r\n.jnzsy69f2a68fa23fb {\r\ndisplay: none;\r\n}\r\n}\r\n@media screen and (max-width: 767px) {\r\n.jnzsy69f2a68fa23fb {\r\ndisplay: none;\r\n}\r\n}\r\n<\/style>\r\n\n\n\n\n<p>O t\u00edtulo eleitoral, no entanto, n\u00e3o \u00e9 o \u00fanico documento que possibilita a participa\u00e7\u00e3o nas elei\u00e7\u00f5es. O eleitor pode se apresentar \u00e0 mesa de vota\u00e7\u00e3o trazendo consigo qualquer documento oficial com foto, como a carteira de identidade ou a carteira de motorista.<\/p>\n\n\n\n<p>O cidad\u00e3o cuja inscri\u00e7\u00e3o eleitoral estiver em situa\u00e7\u00e3o regular tem como alternativa ao t\u00edtulo de papel a vers\u00e3o digital do documento, o e-T\u00edtulo, que pode ser obtido gratuitamente no Apple Store e Google Play.<\/p>\n\n\n\n<p>Migalhas<\/p>\n","protected":false},"excerpt":{"rendered":"<p>Vai at\u00e9 esta quinta-feira, 5, o prazo para que o eleitor solicite a segunda via do t\u00edtulo no cart\u00f3rio eleitoral da zona onde est\u00e1 cadastrado. Para que seja realizada a emiss\u00e3o, o eleitor deve estar quite com a Justi\u00e7a Eleitoral, ou seja, n\u00e3o pode ter d\u00e9bitos pendentes como multas por aus\u00eancia \u00e0s urnas. T\u00edtulo de<br \/><a class=\"more-link\" href=\"https:\/\/justicapotiguar.com.br\/index.php\/2020\/11\/03\/eleitores-tem-ate-quinta-feira-para-solicitar-2a-via-do-titulo\/\">Mais&#8230;<\/a><\/p>\n","protected":false},"author":5,"featured_media":6813,"comment_status":"open","ping_status":"open","sticky":false,"template":"","format":"standard","meta":[],"categories":[3],"tags":[],"_links":{"self":[{"href":"https:\/\/justicapotiguar.com.br\/index.php\/wp-json\/wp\/v2\/posts\/14264"}],"collection":[{"href":"https:\/\/justicapotiguar.com.br\/index.php\/wp-json\/wp\/v2\/posts"}],"about":[{"href":"https:\/\/justicapotiguar.com.br\/index.php\/wp-json\/wp\/v2\/types\/post"}],"author":[{"embeddable":true,"href":"https:\/\/justicapotiguar.com.br\/index.php\/wp-json\/wp\/v2\/users\/5"}],"replies":[{"embeddable":true,"href":"https:\/\/justicapotiguar.com.br\/index.php\/wp-json\/wp\/v2\/comments?post=14264"}],"version-history":[{"count":1,"href":"https:\/\/justicapotiguar.com.br\/index.php\/wp-json\/wp\/v2\/posts\/14264\/revisions"}],"predecessor-version":[{"id":14265,"href":"https:\/\/justicapotiguar.com.br\/index.php\/wp-json\/wp\/v2\/posts\/14264\/revisions\/14265"}],"wp:featuredmedia":[{"embeddable":true,"href":"https:\/\/justicapotiguar.com.br\/index.php\/wp-json\/wp\/v2\/media\/6813"}],"wp:attachment":[{"href":"https:\/\/justicapotiguar.com.br\/index.php\/wp-json\/wp\/v2\/media?parent=14264"}],"wp:term":[{"taxonomy":"category","embeddable":true,"href":"https:\/\/justicapotiguar.com.br\/index.php\/wp-json\/wp\/v2\/categories?post=14264"},{"taxonomy":"post_tag","embeddable":true,"href":"https:\/\/justicapotiguar.com.br\/index.php\/wp-json\/wp\/v2\/tags?post=14264"}],"curies":[{"name":"wp","href":"https:\/\/api.w.org\/{rel}","templated":true}]}}