{"id":14261,"date":"2020-11-03T10:00:02","date_gmt":"2020-11-03T13:00:02","guid":{"rendered":"https:\/\/justicapotiguar.com.br\/?p=14261"},"modified":"2020-11-03T10:23:19","modified_gmt":"2020-11-03T13:23:19","slug":"oab-rn-convida-candidatos-a-vereador-para-assinatura-de-termo-de-compromisso","status":"publish","type":"post","link":"https:\/\/justicapotiguar.com.br\/index.php\/2020\/11\/03\/oab-rn-convida-candidatos-a-vereador-para-assinatura-de-termo-de-compromisso\/","title":{"rendered":"OAB\/RN convida candidatos a vereador para assinatura de termo de compromisso"},"content":{"rendered":"\n<figure class=\"wp-block-image size-large\"><img loading=\"lazy\" width=\"1024\" height=\"594\" src=\"https:\/\/justicapotiguar.com.br\/wp-content\/uploads\/2020\/11\/d515f0a0d84515163329faa97c6b1891-1024x594.png\" alt=\"\" class=\"wp-image-14262\" srcset=\"https:\/\/justicapotiguar.com.br\/wp-content\/uploads\/2020\/11\/d515f0a0d84515163329faa97c6b1891-1024x594.png 1024w, https:\/\/justicapotiguar.com.br\/wp-content\/uploads\/2020\/11\/d515f0a0d84515163329faa97c6b1891-300x174.png 300w, https:\/\/justicapotiguar.com.br\/wp-content\/uploads\/2020\/11\/d515f0a0d84515163329faa97c6b1891-768x445.png 768w, https:\/\/justicapotiguar.com.br\/wp-content\/uploads\/2020\/11\/d515f0a0d84515163329faa97c6b1891-1536x890.png 1536w, https:\/\/justicapotiguar.com.br\/wp-content\/uploads\/2020\/11\/d515f0a0d84515163329faa97c6b1891.png 1556w\" sizes=\"(max-width: 1024px) 100vw, 1024px\" \/><\/figure>\n\n\n\n<p><\/p><div class=\"ctneo69f29324f39f0\" ><!--<a href=\"https:\/\/bit.ly\/3QdrqTZ\" target=\"_blank\">\n<img src=\"https:\/\/justicapotiguar.com.br\/wp-content\/uploads\/2023\/09\/mobile-geral.gif\"\/><a\/>--><\/div><style type=\"text\/css\">\r\n.ctneo69f29324f39f0 {\r\ntext-align: center;\r\n}\r\n@media screen and (min-width: 1201px) {\r\n.ctneo69f29324f39f0 {\r\ndisplay: none;\r\n}\r\n}\r\n@media screen and (min-width: 993px) and (max-width: 1200px) {\r\n.ctneo69f29324f39f0 {\r\ndisplay: none;\r\n}\r\n}\r\n@media screen and (min-width: 769px) and (max-width: 992px) {\r\n.ctneo69f29324f39f0 {\r\ndisplay: none;\r\n}\r\n}\r\n@media screen and (min-width: 768px) and (max-width: 768px) {\r\n.ctneo69f29324f39f0 {\r\ndisplay: block;\r\n}\r\n}\r\n@media screen and (max-width: 767px) {\r\n.ctneo69f29324f39f0 {\r\ndisplay: block;\r\n}\r\n}\r\n<\/style>\r\n<div class=\"lgibu69f29324f39d6\" ><!--<a href=\"https:\/\/bit.ly\/3QdrqTZ\" target=\"_blank\">\n<img src=\"https:\/\/justicapotiguar.com.br\/wp-content\/uploads\/2023\/09\/desktop-geral.gif\"\/><a\/>--><\/div><style type=\"text\/css\">\r\n.lgibu69f29324f39d6 {\r\ntext-align: center;\nmargin-bottom: 1em;\r\n}\r\n@media screen and (min-width: 1201px) {\r\n.lgibu69f29324f39d6 {\r\ndisplay: block;\r\n}\r\n}\r\n@media screen and (min-width: 993px) and (max-width: 1200px) {\r\n.lgibu69f29324f39d6 {\r\ndisplay: block;\r\n}\r\n}\r\n@media screen and (min-width: 769px) and (max-width: 992px) {\r\n.lgibu69f29324f39d6 {\r\ndisplay: block;\r\n}\r\n}\r\n@media screen and (min-width: 768px) and (max-width: 768px) {\r\n.lgibu69f29324f39d6 {\r\ndisplay: none;\r\n}\r\n}\r\n@media screen and (max-width: 767px) {\r\n.lgibu69f29324f39d6 {\r\ndisplay: none;\r\n}\r\n}\r\n<\/style>\r\n\n\n\n\n<p>Confirmando o compromisso com a advocacia e sociedade em geral, a OAB\/RN lan\u00e7a, nesta quinta-feira (05), \u00e0s 15h, um termo de compromisso aos candidatos a vereador e vereadora em Natal. Todos os candidatos e candidatas est\u00e3o convidados a assinar o termo.\u00a0<br>\u00a0<br>O candidato signat\u00e1rio do termo, caso eleito ao cargo de vereador e quando estiver no exerc\u00edcio dessa fun\u00e7\u00e3o, se compromete a cumprir as a\u00e7\u00f5es listadas pela OAB\/RN, respeitando sua compet\u00eancia legislativa.\u00a0<br>\u00a0<br>\u00a0O documento \u00e9 uma iniciativa da Seccional Potiguar e suas comiss\u00f5es. O presidente da OAB\/RN, Aldo Medeiros, explicou que o objetivo do documento \u00e9 propor a\u00e7\u00f5es afirmativas para a advocacia e sociedade em geral. \u201cA atividade legislativa \u00e9 de fundamental import\u00e2ncia para fazer Leis e fiscalizar o Poder Executivo. O que a OAB pretende com o termo \u00e9 firmar compromisso com n\u00e3o s\u00f3 com a advocacia, mas com a sociedade em geral\u201d, disse Aldo Medeiros.\u00a0<br>\u00a0<br>A vice-presidente da OAB\/RN e coordenadora de comiss\u00f5es, Rossana Fonseca, ressaltou como um dos compromissos do termo a garantia ao advogado tratamento \u00e0 altura da dignidade da advocacia. \u201cCom trato respeitoso pelos servidores e autoridades municipais sem qualquer embara\u00e7o para que desempenhem a sua profiss\u00e3o na forma da Lei\u201d, disse Rossana Fonseca.\u00a0<br>\u00a0<br>Dentre os pontos do termo tamb\u00e9m est\u00e3o a atua\u00e7\u00e3o do Executivo no que se refere a aplica\u00e7\u00e3o os recursos provenientes dos impostos pagos pelos cidad\u00e3os para coibir atos de corrup\u00e7\u00e3o, verificando se est\u00e3o sendo cumpridas as metas de governo e se est\u00e3o sendo atendidas as normas legais.\u00a0<\/p>\n","protected":false},"excerpt":{"rendered":"<p>Confirmando o compromisso com a advocacia e sociedade em geral, a OAB\/RN lan\u00e7a, nesta quinta-feira (05), \u00e0s 15h, um termo de compromisso aos candidatos a vereador e vereadora em Natal. Todos os candidatos e candidatas est\u00e3o convidados a assinar o termo.\u00a0\u00a0O candidato signat\u00e1rio do termo, caso eleito ao cargo de vereador e quando estiver no<br \/><a class=\"more-link\" href=\"https:\/\/justicapotiguar.com.br\/index.php\/2020\/11\/03\/oab-rn-convida-candidatos-a-vereador-para-assinatura-de-termo-de-compromisso\/\">Mais&#8230;<\/a><\/p>\n","protected":false},"author":5,"featured_media":14262,"comment_status":"open","ping_status":"open","sticky":false,"template":"","format":"standard","meta":[],"categories":[3],"tags":[],"_links":{"self":[{"href":"https:\/\/justicapotiguar.com.br\/index.php\/wp-json\/wp\/v2\/posts\/14261"}],"collection":[{"href":"https:\/\/justicapotiguar.com.br\/index.php\/wp-json\/wp\/v2\/posts"}],"about":[{"href":"https:\/\/justicapotiguar.com.br\/index.php\/wp-json\/wp\/v2\/types\/post"}],"author":[{"embeddable":true,"href":"https:\/\/justicapotiguar.com.br\/index.php\/wp-json\/wp\/v2\/users\/5"}],"replies":[{"embeddable":true,"href":"https:\/\/justicapotiguar.com.br\/index.php\/wp-json\/wp\/v2\/comments?post=14261"}],"version-history":[{"count":1,"href":"https:\/\/justicapotiguar.com.br\/index.php\/wp-json\/wp\/v2\/posts\/14261\/revisions"}],"predecessor-version":[{"id":14263,"href":"https:\/\/justicapotiguar.com.br\/index.php\/wp-json\/wp\/v2\/posts\/14261\/revisions\/14263"}],"wp:featuredmedia":[{"embeddable":true,"href":"https:\/\/justicapotiguar.com.br\/index.php\/wp-json\/wp\/v2\/media\/14262"}],"wp:attachment":[{"href":"https:\/\/justicapotiguar.com.br\/index.php\/wp-json\/wp\/v2\/media?parent=14261"}],"wp:term":[{"taxonomy":"category","embeddable":true,"href":"https:\/\/justicapotiguar.com.br\/index.php\/wp-json\/wp\/v2\/categories?post=14261"},{"taxonomy":"post_tag","embeddable":true,"href":"https:\/\/justicapotiguar.com.br\/index.php\/wp-json\/wp\/v2\/tags?post=14261"}],"curies":[{"name":"wp","href":"https:\/\/api.w.org\/{rel}","templated":true}]}}