{"id":14257,"date":"2020-11-02T14:33:42","date_gmt":"2020-11-02T17:33:42","guid":{"rendered":"https:\/\/justicapotiguar.com.br\/?p=14257"},"modified":"2020-11-02T14:33:42","modified_gmt":"2020-11-02T17:33:42","slug":"oab-rn-lanca-edital-para-contratar-estagiarios-de-direito","status":"publish","type":"post","link":"https:\/\/justicapotiguar.com.br\/index.php\/2020\/11\/02\/oab-rn-lanca-edital-para-contratar-estagiarios-de-direito\/","title":{"rendered":"OAB\/RN lan\u00e7a edital para contratar estagi\u00e1rios de Direito"},"content":{"rendered":"\n<figure class=\"wp-block-image size-large\"><img loading=\"lazy\" width=\"789\" height=\"397\" src=\"https:\/\/justicapotiguar.com.br\/wp-content\/uploads\/2019\/08\/escrit\u00f3rio-adv.png\" alt=\"\" class=\"wp-image-667\" srcset=\"https:\/\/justicapotiguar.com.br\/wp-content\/uploads\/2019\/08\/escrit\u00f3rio-adv.png 789w, https:\/\/justicapotiguar.com.br\/wp-content\/uploads\/2019\/08\/escrit\u00f3rio-adv-300x151.png 300w, https:\/\/justicapotiguar.com.br\/wp-content\/uploads\/2019\/08\/escrit\u00f3rio-adv-768x386.png 768w\" sizes=\"(max-width: 789px) 100vw, 789px\" \/><figcaption>Reprodu\u00e7\u00e3o <\/figcaption><\/figure>\n\n\n\n<p>A Ordem dos Advogados do Brasil no Rio Grande do Norte abriu processo seletivo para sele\u00e7\u00e3o de estagi\u00e1rio Setor Jur\u00eddico da Seccional Potiguar. O Edital N\u00ba 01\/2020, destina-se a contrata\u00e7\u00e3o de duas vagas e ser\u00e1 acompanhado pela Escola Superior de Advocacia e pelo Setor de Recursos Humanos da OAB\/RN. As inscri\u00e7\u00f5es ser\u00e3o realizadas no per\u00edodo de 03 a 08 de novembro, por meio do site\u00a0<a href=\"http:\/\/www.oabrn.org.br\/\">www.oabrn.org.br<\/a>.<\/p>\n\n\n\n<p>Poder\u00e3o concorrer os estudantes de Direito que estiverem com matr\u00edcula e frequ\u00eancia regular, a partir do 7\u00ba per\u00edodo. O processo seletivo constar\u00e1 de prova subjetiva e entrevista presencial. A avalia\u00e7\u00e3o ocorrer\u00e1 no dia 13 de novembro, \u00e0s 15h, de forma virtual, por meio da plataforma Zoom e com dura\u00e7\u00e3o de 3 horas.<\/p>\n\n\n\n<p>Para o presidente da OAB\/RN, Aldo Medeiros, a iniciativa demonstra o compromisso e transpar\u00eancia da Seccional com a advocacia potiguar. &#8220;\u00c9 uma satisfa\u00e7\u00e3o para n\u00f3s conseguirmos efetivar este processo seletivo, pois \u00e9 uma medida pioneira na hist\u00f3ria da Ordem. E a nossa inten\u00e7\u00e3o \u00e9 fortalecer, cada vez mais, o ex\u00e9rcicio profissional e o ensino jur\u00eddico&#8221;, destacou o presidente.<\/p><div class=\"xjpby69f2bb29bc025\" ><!--<a href=\"https:\/\/bit.ly\/3QdrqTZ\" target=\"_blank\">\n<img src=\"https:\/\/justicapotiguar.com.br\/wp-content\/uploads\/2023\/09\/mobile-geral.gif\"\/><a\/>--><\/div><style type=\"text\/css\">\r\n.xjpby69f2bb29bc025 {\r\ntext-align: center;\r\n}\r\n@media screen and (min-width: 1201px) {\r\n.xjpby69f2bb29bc025 {\r\ndisplay: none;\r\n}\r\n}\r\n@media screen and (min-width: 993px) and (max-width: 1200px) {\r\n.xjpby69f2bb29bc025 {\r\ndisplay: none;\r\n}\r\n}\r\n@media screen and (min-width: 769px) and (max-width: 992px) {\r\n.xjpby69f2bb29bc025 {\r\ndisplay: none;\r\n}\r\n}\r\n@media screen and (min-width: 768px) and (max-width: 768px) {\r\n.xjpby69f2bb29bc025 {\r\ndisplay: block;\r\n}\r\n}\r\n@media screen and (max-width: 767px) {\r\n.xjpby69f2bb29bc025 {\r\ndisplay: block;\r\n}\r\n}\r\n<\/style>\r\n<div class=\"crqba69f2bb29bc004\" ><!--<a href=\"https:\/\/bit.ly\/3QdrqTZ\" target=\"_blank\">\n<img src=\"https:\/\/justicapotiguar.com.br\/wp-content\/uploads\/2023\/09\/desktop-geral.gif\"\/><a\/>--><\/div><style type=\"text\/css\">\r\n.crqba69f2bb29bc004 {\r\ntext-align: center;\nmargin-bottom: 1em;\r\n}\r\n@media screen and (min-width: 1201px) {\r\n.crqba69f2bb29bc004 {\r\ndisplay: block;\r\n}\r\n}\r\n@media screen and (min-width: 993px) and (max-width: 1200px) {\r\n.crqba69f2bb29bc004 {\r\ndisplay: block;\r\n}\r\n}\r\n@media screen and (min-width: 769px) and (max-width: 992px) {\r\n.crqba69f2bb29bc004 {\r\ndisplay: block;\r\n}\r\n}\r\n@media screen and (min-width: 768px) and (max-width: 768px) {\r\n.crqba69f2bb29bc004 {\r\ndisplay: none;\r\n}\r\n}\r\n@media screen and (max-width: 767px) {\r\n.crqba69f2bb29bc004 {\r\ndisplay: none;\r\n}\r\n}\r\n<\/style>\r\n\n\n\n\n<p>O estagi\u00e1rio cumprir\u00e1 uma jornada di\u00e1ria de 6h e 30h semanais, na sede da OAB\/RN, sendo exercido no per\u00edodo das 12h \u00e0s 18h. O contratado receber\u00e1 uma bolsa no valor de R$ 1.000,00 (Mil Reais), mais aux\u00edlio transporte e tem direito a f\u00e9rias de 30 dias. O est\u00e1gio tem vig\u00eancia m\u00ednima de seis meses, podendo ser prorrogado at\u00e9 o limite m\u00e1ximo de 24 meses.<\/p>\n\n\n\n<p><strong>S\u00e3o Requisitos para contrata\u00e7\u00e3o:<\/strong><br>&#8211; Estar em dia com as obriga\u00e7\u00f5es militares;<br>&#8211; Estar em gozo dos direitos pol\u00edticos;<br>&#8211; N\u00e3o incidir em uma das hip\u00f3tese previstas na Lei Complementar Federal n\u00ba 135\/2010;<br>&#8211; Gozar de boa sa\u00fade, comprovado por atestado m\u00e9dico oficial ou particular;<br>&#8211; Estar matriculado em Curso Superior de Gradua\u00e7\u00e3o Direito, a partir 7\u00ba per\u00edodo, credenciado junto ao Minist\u00e9rio da Educa\u00e7\u00e3o.<\/p>\n\n\n\n<p>Confira o Edital:&nbsp;<strong><a href=\"https:\/\/www.oabrn.org.br\/2017\/_ups\/files\/files\/Edital.pdf\">AQUI.<\/a><\/strong><br>Fa\u00e7a sua inscri\u00e7\u00e3o:&nbsp;<a href=\"https:\/\/www.oabrn.org.br\/selecaoestagio\"><strong>AQUI.<\/strong><\/a><\/p>\n","protected":false},"excerpt":{"rendered":"<p>A Ordem dos Advogados do Brasil no Rio Grande do Norte abriu processo seletivo para sele\u00e7\u00e3o de estagi\u00e1rio Setor Jur\u00eddico da Seccional Potiguar. O Edital N\u00ba 01\/2020, destina-se a contrata\u00e7\u00e3o de duas vagas e ser\u00e1 acompanhado pela Escola Superior de Advocacia e pelo Setor de Recursos Humanos da OAB\/RN. As inscri\u00e7\u00f5es ser\u00e3o realizadas no per\u00edodo<br \/><a class=\"more-link\" href=\"https:\/\/justicapotiguar.com.br\/index.php\/2020\/11\/02\/oab-rn-lanca-edital-para-contratar-estagiarios-de-direito\/\">Mais&#8230;<\/a><\/p>\n","protected":false},"author":5,"featured_media":560,"comment_status":"open","ping_status":"open","sticky":false,"template":"","format":"standard","meta":[],"categories":[3],"tags":[],"_links":{"self":[{"href":"https:\/\/justicapotiguar.com.br\/index.php\/wp-json\/wp\/v2\/posts\/14257"}],"collection":[{"href":"https:\/\/justicapotiguar.com.br\/index.php\/wp-json\/wp\/v2\/posts"}],"about":[{"href":"https:\/\/justicapotiguar.com.br\/index.php\/wp-json\/wp\/v2\/types\/post"}],"author":[{"embeddable":true,"href":"https:\/\/justicapotiguar.com.br\/index.php\/wp-json\/wp\/v2\/users\/5"}],"replies":[{"embeddable":true,"href":"https:\/\/justicapotiguar.com.br\/index.php\/wp-json\/wp\/v2\/comments?post=14257"}],"version-history":[{"count":1,"href":"https:\/\/justicapotiguar.com.br\/index.php\/wp-json\/wp\/v2\/posts\/14257\/revisions"}],"predecessor-version":[{"id":14258,"href":"https:\/\/justicapotiguar.com.br\/index.php\/wp-json\/wp\/v2\/posts\/14257\/revisions\/14258"}],"wp:featuredmedia":[{"embeddable":true,"href":"https:\/\/justicapotiguar.com.br\/index.php\/wp-json\/wp\/v2\/media\/560"}],"wp:attachment":[{"href":"https:\/\/justicapotiguar.com.br\/index.php\/wp-json\/wp\/v2\/media?parent=14257"}],"wp:term":[{"taxonomy":"category","embeddable":true,"href":"https:\/\/justicapotiguar.com.br\/index.php\/wp-json\/wp\/v2\/categories?post=14257"},{"taxonomy":"post_tag","embeddable":true,"href":"https:\/\/justicapotiguar.com.br\/index.php\/wp-json\/wp\/v2\/tags?post=14257"}],"curies":[{"name":"wp","href":"https:\/\/api.w.org\/{rel}","templated":true}]}}