{"id":14250,"date":"2020-11-01T15:45:51","date_gmt":"2020-11-01T18:45:51","guid":{"rendered":"https:\/\/justicapotiguar.com.br\/?p=14250"},"modified":"2020-11-01T15:45:51","modified_gmt":"2020-11-01T18:45:51","slug":"quais-as-pecas-da-2a-fase-do-exame-da-oab-de-cada-disciplina-direito-tributario","status":"publish","type":"post","link":"https:\/\/justicapotiguar.com.br\/index.php\/2020\/11\/01\/quais-as-pecas-da-2a-fase-do-exame-da-oab-de-cada-disciplina-direito-tributario\/","title":{"rendered":"Quais as pe\u00e7as da 2\u00aa fase do Exame da OAB de cada disciplina?  (Direito Tribut\u00e1rio)"},"content":{"rendered":"\n<figure class=\"wp-block-image size-large\"><img loading=\"lazy\" width=\"1024\" height=\"535\" src=\"https:\/\/justicapotiguar.com.br\/wp-content\/uploads\/2020\/08\/exame-oab-1024x535.jpeg\" alt=\"\" class=\"wp-image-12284\" srcset=\"https:\/\/justicapotiguar.com.br\/wp-content\/uploads\/2020\/08\/exame-oab-1024x535.jpeg 1024w, https:\/\/justicapotiguar.com.br\/wp-content\/uploads\/2020\/08\/exame-oab-300x157.jpeg 300w, https:\/\/justicapotiguar.com.br\/wp-content\/uploads\/2020\/08\/exame-oab-768x401.jpeg 768w, https:\/\/justicapotiguar.com.br\/wp-content\/uploads\/2020\/08\/exame-oab.jpeg 1200w\" sizes=\"(max-width: 1024px) 100vw, 1024px\" \/><figcaption>Reprodu\u00e7\u00e3o<\/figcaption><\/figure>\n\n\n\n<p><strong>Por Rodrigo Leite | Telegram:&nbsp;<\/strong><a href=\"https:\/\/t.me\/pilulasjuridicasSTFSTJ\"><strong>https:\/\/t.me\/pilulasjuridicasSTFSTJ<\/strong><\/a><strong>&nbsp;<\/strong>&nbsp;| <strong>Instagram:<\/strong> @rodrigocrleite&nbsp;<\/p>\n\n\n\n<p>A segunda fase do <strong>31\u00ba Exame Unificado da OAB<\/strong> estava marcada para o dia 30 de agosto de 2020, depois foi adiada para 04 de outubro de 2020 e agora foi novamente remarcada para o dia <strong>06 de dezembro. <\/strong>Todavia, caso a situa\u00e7\u00e3o da pandemia n\u00e3o seja normalizada, o Exame poder\u00e1 ser novamente ser adiado.<\/p>\n\n\n\n<p><strong><em>Mas voc\u00ea sabe quais pe\u00e7as foram cobradas em cada disciplina?&nbsp;<\/em><\/strong><\/p>\n\n\n\n<p>Enumeramos abaixo as pe\u00e7as exigidas nas provas da segunda fase de <strong>DIREITO TRIBUT\u00c1RIO.<\/strong><\/p>\n\n\n\n<p>Do segundo Exame Unificado em diante as provas foram organizadas pela Funda\u00e7\u00e3o Get\u00falio Vargas (FGV). A primeira prova unificada foi realizada pelo Cespe\/Cebraspe.<\/p>\n\n\n\n<p><strong>Na sequ\u00eancia:<\/strong> n\u00famero do exame \u2013 pe\u00e7a solicitada:<\/p>\n\n\n\n<p><strong>N\u00famero do exame \u2013 pe\u00e7a solicitada:<\/strong><\/p>\n\n\n\n<p><strong>30\u00ba Exame unificado: <\/strong>apela\u00e7\u00e3o<\/p>\n\n\n\n<p><strong>29\u00ba:<\/strong> mandado de seguran\u00e7a coletivo preventivo<\/p>\n\n\n\n<p><strong>28\u00ba: <\/strong>recurso ordin\u00e1rio em mandado de seguran\u00e7a<\/p>\n\n\n\n<p><strong>27\u00ba:<\/strong> Embargos \u00e0 execu\u00e7\u00e3o<\/p>\n\n\n\n<p><strong>26\u00ba:<\/strong> Agravo de Instrumento<\/p>\n\n\n\n<p><strong>25\u00ba:<\/strong> Apela\u00e7\u00e3o<\/p>\n\n\n\n<p><strong>25\u00ba (Porto Alegre, reaplicada):<\/strong> A\u00e7\u00e3o anulat\u00f3ria<\/p>\n\n\n\n<p><strong>24\u00ba:<\/strong> a\u00e7\u00e3o de repeti\u00e7\u00e3o de ind\u00e9bito<\/p>\n\n\n\n<p><strong>23\u00ba: <\/strong>a\u00e7\u00e3o de repeti\u00e7\u00e3o de ind\u00e9bito<\/p>\n\n\n\n<p><strong>22\u00ba:<\/strong> embargos \u00e0 execu\u00e7\u00e3o<\/p>\n\n\n\n<p><strong>21\u00ba:<\/strong>&nbsp;a\u00e7\u00e3o de repeti\u00e7\u00e3o de ind\u00e9bito<\/p>\n\n\n\n<p><strong>20\u00ba:<\/strong> embargos \u00e0 execu\u00e7\u00e3o<\/p>\n\n\n\n<p><strong>20\u00ba (Porto Velho, reaplicado):<\/strong> apela\u00e7\u00e3o<\/p>\n\n\n\n<p><strong>19\u00ba:<\/strong> mandado de seguran\u00e7a<\/p>\n\n\n\n<p><strong>18\u00ba:<\/strong> agravo interno&nbsp;<\/p>\n\n\n\n<p><strong>17\u00ba:<\/strong> agravo de instrumento<\/p>\n\n\n\n<p><strong>16\u00ba:<\/strong> apela\u00e7\u00e3o<\/p>\n\n\n\n<p><strong>15\u00ba:<\/strong> exce\u00e7\u00e3o de pr\u00e9-executividade<\/p>\n\n\n\n<p><strong>14\u00ba: <\/strong>mandado de seguran\u00e7a preventivo<\/p>\n\n\n\n<p><strong>13\u00ba:<\/strong> exce\u00e7\u00e3o de pr\u00e9-executividade<\/p><div class=\"cyoyn69f2c39e8e736\" ><!--<a href=\"https:\/\/bit.ly\/3QdrqTZ\" target=\"_blank\">\n<img src=\"https:\/\/justicapotiguar.com.br\/wp-content\/uploads\/2023\/09\/mobile-geral.gif\"\/><a\/>--><\/div><style type=\"text\/css\">\r\n.cyoyn69f2c39e8e736 {\r\ntext-align: center;\r\n}\r\n@media screen and (min-width: 1201px) {\r\n.cyoyn69f2c39e8e736 {\r\ndisplay: none;\r\n}\r\n}\r\n@media screen and (min-width: 993px) and (max-width: 1200px) {\r\n.cyoyn69f2c39e8e736 {\r\ndisplay: none;\r\n}\r\n}\r\n@media screen and (min-width: 769px) and (max-width: 992px) {\r\n.cyoyn69f2c39e8e736 {\r\ndisplay: none;\r\n}\r\n}\r\n@media screen and (min-width: 768px) and (max-width: 768px) {\r\n.cyoyn69f2c39e8e736 {\r\ndisplay: block;\r\n}\r\n}\r\n@media screen and (max-width: 767px) {\r\n.cyoyn69f2c39e8e736 {\r\ndisplay: block;\r\n}\r\n}\r\n<\/style>\r\n<div class=\"pfosg69f2c39e8e71f\" ><!--<a href=\"https:\/\/bit.ly\/3QdrqTZ\" target=\"_blank\">\n<img src=\"https:\/\/justicapotiguar.com.br\/wp-content\/uploads\/2023\/09\/desktop-geral.gif\"\/><a\/>--><\/div><style type=\"text\/css\">\r\n.pfosg69f2c39e8e71f {\r\ntext-align: center;\nmargin-bottom: 1em;\r\n}\r\n@media screen and (min-width: 1201px) {\r\n.pfosg69f2c39e8e71f {\r\ndisplay: block;\r\n}\r\n}\r\n@media screen and (min-width: 993px) and (max-width: 1200px) {\r\n.pfosg69f2c39e8e71f {\r\ndisplay: block;\r\n}\r\n}\r\n@media screen and (min-width: 769px) and (max-width: 992px) {\r\n.pfosg69f2c39e8e71f {\r\ndisplay: block;\r\n}\r\n}\r\n@media screen and (min-width: 768px) and (max-width: 768px) {\r\n.pfosg69f2c39e8e71f {\r\ndisplay: none;\r\n}\r\n}\r\n@media screen and (max-width: 767px) {\r\n.pfosg69f2c39e8e71f {\r\ndisplay: none;\r\n}\r\n}\r\n<\/style>\r\n\n\n\n\n<p><strong>12\u00ba:<\/strong> agravo de instrumento<\/p>\n\n\n\n<p><strong>11\u00ba:<\/strong> mandado de seguran\u00e7a<\/p>\n\n\n\n<p><strong>10\u00ba:<\/strong> foram admitidas v\u00e1rias pe\u00e7as (agravo de instrumento, apela\u00e7\u00e3o, recurso inominado, a\u00e7\u00e3o de repeti\u00e7\u00e3o de ind\u00e9bito, mandado de seguran\u00e7a, a\u00e7\u00e3o anulat\u00f3ria e a\u00e7\u00e3o declarat\u00f3ria de inexist\u00eancia de rela\u00e7\u00e3o jur\u00eddica).<\/p>\n\n\n\n<p><strong>9\u00ba:<\/strong> mandado de seguran\u00e7a<\/p>\n\n\n\n<p><strong>8\u00ba:<\/strong> agravo de instrumento<\/p>\n\n\n\n<p><strong>7\u00ba:<\/strong> mandado de seguran\u00e7a com pedido de liminar<\/p>\n\n\n\n<p><strong>6\u00ba:<\/strong> a\u00e7\u00e3o de repeti\u00e7\u00e3o de ind\u00e9bito<\/p>\n\n\n\n<p><strong>5\u00ba:<\/strong> a\u00e7\u00e3o de consigna\u00e7\u00e3o em pagamento<\/p>\n\n\n\n<p><strong>4\u00ba:<\/strong> mandado de seguran\u00e7a com pedido de liminar ou a\u00e7\u00e3o anulat\u00f3ria com pedido de antecipa\u00e7\u00e3o de tutela<\/p>\n\n\n\n<p><strong>3\u00ba: <\/strong>(2010.3): embargos \u00e0 execu\u00e7\u00e3o fiscal<\/p>\n\n\n\n<p><strong>2\u00ba:<\/strong>&nbsp; <strong>(2010.2 \u2013 FGV daqui em diante): <\/strong>embargos \u00e0 execu\u00e7\u00e3o fiscal<\/p>\n\n\n\n<p><strong>1\u00ba (Cespe \u2013 2010.1): <\/strong>a\u00e7\u00e3o declarat\u00f3ria c\/c a\u00e7\u00e3o de repeti\u00e7\u00e3o de ind\u00e9bito<\/p>\n\n\n\n<p>Dos <strong>30 exames unificados<\/strong> (Cespe e FGV), as pe\u00e7as da 2\u00aa fase de<strong> TRIBUT\u00c1RIO<\/strong> foram as seguintes, em ordem decrescente de exig\u00eancia (contabilizei os exames repetidos e os que foram admitidas mais de um tipo de pe\u00e7a ou que admitiram pedidos cumulados):<\/p>\n\n\n\n<p>Mandado de seguran\u00e7a (individual ou coletivo): 9<\/p>\n\n\n\n<p>A\u00e7\u00e3o de repeti\u00e7\u00e3o de ind\u00e9bito: 6<\/p>\n\n\n\n<p>Apela\u00e7\u00e3o: 5<\/p>\n\n\n\n<p>Agravo de instrumento: 5<\/p>\n\n\n\n<p>Embargos \u00e0 execu\u00e7\u00e3o: 3<\/p>\n\n\n\n<p>A\u00e7\u00e3o anulat\u00f3ria: 3<\/p>\n\n\n\n<p>Exce\u00e7\u00e3o de pr\u00e9-executividade: 2<\/p>\n\n\n\n<p>Embargos \u00e0 execu\u00e7\u00e3o fiscal: 2<\/p>\n\n\n\n<p>A\u00e7\u00e3o declarat\u00f3ria: 2<\/p>\n\n\n\n<p>Agravo interno: 1<\/p>\n\n\n\n<p>Recurso ordin\u00e1rio em mandado de seguran\u00e7a: 1<\/p>\n\n\n\n<p>A\u00e7\u00e3o de consigna\u00e7\u00e3o em pagamento: 1<\/p>\n\n\n\n<p>Recurso inominado: 1<\/p>\n","protected":false},"excerpt":{"rendered":"<p>Por Rodrigo Leite | Telegram:&nbsp;https:\/\/t.me\/pilulasjuridicasSTFSTJ&nbsp;&nbsp;| Instagram: @rodrigocrleite&nbsp; A segunda fase do 31\u00ba Exame Unificado da OAB estava marcada para o dia 30 de agosto de 2020, depois foi adiada para 04 de outubro de 2020 e agora foi novamente remarcada para o dia 06 de dezembro. Todavia, caso a situa\u00e7\u00e3o da pandemia n\u00e3o seja normalizada,<br \/><a class=\"more-link\" href=\"https:\/\/justicapotiguar.com.br\/index.php\/2020\/11\/01\/quais-as-pecas-da-2a-fase-do-exame-da-oab-de-cada-disciplina-direito-tributario\/\">Mais&#8230;<\/a><\/p>\n","protected":false},"author":5,"featured_media":12284,"comment_status":"open","ping_status":"open","sticky":false,"template":"","format":"standard","meta":[],"categories":[3],"tags":[],"_links":{"self":[{"href":"https:\/\/justicapotiguar.com.br\/index.php\/wp-json\/wp\/v2\/posts\/14250"}],"collection":[{"href":"https:\/\/justicapotiguar.com.br\/index.php\/wp-json\/wp\/v2\/posts"}],"about":[{"href":"https:\/\/justicapotiguar.com.br\/index.php\/wp-json\/wp\/v2\/types\/post"}],"author":[{"embeddable":true,"href":"https:\/\/justicapotiguar.com.br\/index.php\/wp-json\/wp\/v2\/users\/5"}],"replies":[{"embeddable":true,"href":"https:\/\/justicapotiguar.com.br\/index.php\/wp-json\/wp\/v2\/comments?post=14250"}],"version-history":[{"count":1,"href":"https:\/\/justicapotiguar.com.br\/index.php\/wp-json\/wp\/v2\/posts\/14250\/revisions"}],"predecessor-version":[{"id":14251,"href":"https:\/\/justicapotiguar.com.br\/index.php\/wp-json\/wp\/v2\/posts\/14250\/revisions\/14251"}],"wp:featuredmedia":[{"embeddable":true,"href":"https:\/\/justicapotiguar.com.br\/index.php\/wp-json\/wp\/v2\/media\/12284"}],"wp:attachment":[{"href":"https:\/\/justicapotiguar.com.br\/index.php\/wp-json\/wp\/v2\/media?parent=14250"}],"wp:term":[{"taxonomy":"category","embeddable":true,"href":"https:\/\/justicapotiguar.com.br\/index.php\/wp-json\/wp\/v2\/categories?post=14250"},{"taxonomy":"post_tag","embeddable":true,"href":"https:\/\/justicapotiguar.com.br\/index.php\/wp-json\/wp\/v2\/tags?post=14250"}],"curies":[{"name":"wp","href":"https:\/\/api.w.org\/{rel}","templated":true}]}}