{"id":14244,"date":"2020-11-01T11:40:27","date_gmt":"2020-11-01T14:40:27","guid":{"rendered":"https:\/\/justicapotiguar.com.br\/?p=14244"},"modified":"2020-11-01T11:40:27","modified_gmt":"2020-11-01T14:40:27","slug":"esmarn-promove-webinario-sistema-pje-na-justica-criminal-inscricoes-ate-6-11","status":"publish","type":"post","link":"https:\/\/justicapotiguar.com.br\/index.php\/2020\/11\/01\/esmarn-promove-webinario-sistema-pje-na-justica-criminal-inscricoes-ate-6-11\/","title":{"rendered":"Esmarn promove webin\u00e1rio \u201cSistema PJe na Justi\u00e7a Criminal\u201d; inscri\u00e7\u00f5es at\u00e9 6\/11"},"content":{"rendered":"\n<figure class=\"wp-block-image size-large\"><img loading=\"lazy\" width=\"330\" height=\"180\" src=\"https:\/\/justicapotiguar.com.br\/wp-content\/uploads\/2020\/11\/6e8541cc28529c0f6fcf302ca5268c1d-WhatsApp_Image_2020-10-29_at_11.43.07.jpeg\" alt=\"\" class=\"wp-image-14245\" srcset=\"https:\/\/justicapotiguar.com.br\/wp-content\/uploads\/2020\/11\/6e8541cc28529c0f6fcf302ca5268c1d-WhatsApp_Image_2020-10-29_at_11.43.07.jpeg 330w, https:\/\/justicapotiguar.com.br\/wp-content\/uploads\/2020\/11\/6e8541cc28529c0f6fcf302ca5268c1d-WhatsApp_Image_2020-10-29_at_11.43.07-300x164.jpeg 300w\" sizes=\"(max-width: 330px) 100vw, 330px\" \/><\/figure>\n\n\n\n<p>A Escola\u00a0da Magistratura do RN iniciou nesta quinta-feira (29) as inscri\u00e7\u00f5es para o webin\u00e1rio \u201cSistema PJe na Justi\u00e7a Criminal\u201d, destinado a ju\u00edzes e chefes de secretaria com compet\u00eancia criminal. A forma\u00e7\u00e3o ocorrer\u00e1 no dia 13 de novembro, das 9h \u00e0s 11h, com transmiss\u00e3o remota por meio da plataforma Moodle e ser\u00e1 ministrada pelo juiz Marivaldo Dantas de Ara\u00fajo. As inscri\u00e7\u00f5es podem ser feitas at\u00e9 o dia 6 de novembro.<\/p>\n\n\n\n<p><strong>Inscri\u00e7\u00f5es<\/strong><\/p>\n\n\n\n<p>As inscri\u00e7\u00f5es dever\u00e3o ser realizadas, exclusivamente, por meio do link&nbsp;<a href=\"http:\/\/ead.esmarn.tjrn.jus.br\/course\/index.php\">http:\/\/ead.esmarn.tjrn.jus.br\/course\/index.php<\/a>, no qual os interessados ainda n\u00e3o cadastrados far\u00e3o seu cadastro na Plataforma Moodle&nbsp; (op\u00e7\u00e3o &#8220;criar uma conta&#8221;) e, ap\u00f3s, proceder \u00e0 inscri\u00e7\u00e3o na atividade formativa. Aqueles que j\u00e1 possuem cadastro na Plataforma Moodle devem inserir seus respectivos login e senha (op\u00e7\u00e3o &#8220;acessar&#8221;) e, em seguida, proceder \u00e0 inscri\u00e7\u00e3o. A participa\u00e7\u00e3o dos\/as interessados\/as fica condicionada ao deferimento de sua inscri\u00e7\u00e3o pela Chefia de Divis\u00e3o Pedag\u00f3gica.<\/p><div class=\"degxt69f2c3ad9ae1e\" ><!--<a href=\"https:\/\/bit.ly\/3QdrqTZ\" target=\"_blank\">\n<img src=\"https:\/\/justicapotiguar.com.br\/wp-content\/uploads\/2023\/09\/mobile-geral.gif\"\/><a\/>--><\/div><style type=\"text\/css\">\r\n.degxt69f2c3ad9ae1e {\r\ntext-align: center;\r\n}\r\n@media screen and (min-width: 1201px) {\r\n.degxt69f2c3ad9ae1e {\r\ndisplay: none;\r\n}\r\n}\r\n@media screen and (min-width: 993px) and (max-width: 1200px) {\r\n.degxt69f2c3ad9ae1e {\r\ndisplay: none;\r\n}\r\n}\r\n@media screen and (min-width: 769px) and (max-width: 992px) {\r\n.degxt69f2c3ad9ae1e {\r\ndisplay: none;\r\n}\r\n}\r\n@media screen and (min-width: 768px) and (max-width: 768px) {\r\n.degxt69f2c3ad9ae1e {\r\ndisplay: block;\r\n}\r\n}\r\n@media screen and (max-width: 767px) {\r\n.degxt69f2c3ad9ae1e {\r\ndisplay: block;\r\n}\r\n}\r\n<\/style>\r\n<div class=\"mnofg69f2c3ad9ae04\" ><!--<a href=\"https:\/\/bit.ly\/3QdrqTZ\" target=\"_blank\">\n<img src=\"https:\/\/justicapotiguar.com.br\/wp-content\/uploads\/2023\/09\/desktop-geral.gif\"\/><a\/>--><\/div><style type=\"text\/css\">\r\n.mnofg69f2c3ad9ae04 {\r\ntext-align: center;\nmargin-bottom: 1em;\r\n}\r\n@media screen and (min-width: 1201px) {\r\n.mnofg69f2c3ad9ae04 {\r\ndisplay: block;\r\n}\r\n}\r\n@media screen and (min-width: 993px) and (max-width: 1200px) {\r\n.mnofg69f2c3ad9ae04 {\r\ndisplay: block;\r\n}\r\n}\r\n@media screen and (min-width: 769px) and (max-width: 992px) {\r\n.mnofg69f2c3ad9ae04 {\r\ndisplay: block;\r\n}\r\n}\r\n@media screen and (min-width: 768px) and (max-width: 768px) {\r\n.mnofg69f2c3ad9ae04 {\r\ndisplay: none;\r\n}\r\n}\r\n@media screen and (max-width: 767px) {\r\n.mnofg69f2c3ad9ae04 {\r\ndisplay: none;\r\n}\r\n}\r\n<\/style>\r\n\n\n\n\n<p><strong>Curr\u00edculo do Formador<\/strong><\/p>\n\n\n\n<p>Gradua\u00e7\u00e3o em Ci\u00eancia da Computa\u00e7\u00e3o pela Universidade Federal do Rio Grande do Norte (1994). Gradua\u00e7\u00e3o em Direito pela Universidade Federal do Rio Grande do Norte (1999) e MBA em Poder Judici\u00e1rio pelo Funda\u00e7\u00e3o Get\u00falio Vargas (2011). Atualmente \u00e9 Juiz de Direito no Tribunal de Justi\u00e7a do Estado do Rio Grande do Norte. Foi Juiz auxiliar da Presid\u00eancia do CNJ (2009-2014) e do STJ (2014-2015). Promotor de Justi\u00e7a (2002-2004).<\/p>\n","protected":false},"excerpt":{"rendered":"<p>A Escola\u00a0da Magistratura do RN iniciou nesta quinta-feira (29) as inscri\u00e7\u00f5es para o webin\u00e1rio \u201cSistema PJe na Justi\u00e7a Criminal\u201d, destinado a ju\u00edzes e chefes de secretaria com compet\u00eancia criminal. A forma\u00e7\u00e3o ocorrer\u00e1 no dia 13 de novembro, das 9h \u00e0s 11h, com transmiss\u00e3o remota por meio da plataforma Moodle e ser\u00e1 ministrada pelo juiz Marivaldo<br \/><a class=\"more-link\" href=\"https:\/\/justicapotiguar.com.br\/index.php\/2020\/11\/01\/esmarn-promove-webinario-sistema-pje-na-justica-criminal-inscricoes-ate-6-11\/\">Mais&#8230;<\/a><\/p>\n","protected":false},"author":5,"featured_media":14245,"comment_status":"open","ping_status":"open","sticky":false,"template":"","format":"standard","meta":[],"categories":[3],"tags":[],"_links":{"self":[{"href":"https:\/\/justicapotiguar.com.br\/index.php\/wp-json\/wp\/v2\/posts\/14244"}],"collection":[{"href":"https:\/\/justicapotiguar.com.br\/index.php\/wp-json\/wp\/v2\/posts"}],"about":[{"href":"https:\/\/justicapotiguar.com.br\/index.php\/wp-json\/wp\/v2\/types\/post"}],"author":[{"embeddable":true,"href":"https:\/\/justicapotiguar.com.br\/index.php\/wp-json\/wp\/v2\/users\/5"}],"replies":[{"embeddable":true,"href":"https:\/\/justicapotiguar.com.br\/index.php\/wp-json\/wp\/v2\/comments?post=14244"}],"version-history":[{"count":1,"href":"https:\/\/justicapotiguar.com.br\/index.php\/wp-json\/wp\/v2\/posts\/14244\/revisions"}],"predecessor-version":[{"id":14246,"href":"https:\/\/justicapotiguar.com.br\/index.php\/wp-json\/wp\/v2\/posts\/14244\/revisions\/14246"}],"wp:featuredmedia":[{"embeddable":true,"href":"https:\/\/justicapotiguar.com.br\/index.php\/wp-json\/wp\/v2\/media\/14245"}],"wp:attachment":[{"href":"https:\/\/justicapotiguar.com.br\/index.php\/wp-json\/wp\/v2\/media?parent=14244"}],"wp:term":[{"taxonomy":"category","embeddable":true,"href":"https:\/\/justicapotiguar.com.br\/index.php\/wp-json\/wp\/v2\/categories?post=14244"},{"taxonomy":"post_tag","embeddable":true,"href":"https:\/\/justicapotiguar.com.br\/index.php\/wp-json\/wp\/v2\/tags?post=14244"}],"curies":[{"name":"wp","href":"https:\/\/api.w.org\/{rel}","templated":true}]}}