{"id":14239,"date":"2020-10-31T12:50:36","date_gmt":"2020-10-31T15:50:36","guid":{"rendered":"https:\/\/justicapotiguar.com.br\/?p=14239"},"modified":"2020-10-31T12:50:36","modified_gmt":"2020-10-31T15:50:36","slug":"justica-condena-desembargadora-a-indenizar-familia-de-marielle","status":"publish","type":"post","link":"https:\/\/justicapotiguar.com.br\/index.php\/2020\/10\/31\/justica-condena-desembargadora-a-indenizar-familia-de-marielle\/","title":{"rendered":"Justi\u00e7a condena desembargadora a indenizar fam\u00edlia de Marielle"},"content":{"rendered":"\n<figure class=\"wp-block-image size-large\"><img loading=\"lazy\" width=\"900\" height=\"506\" src=\"https:\/\/justicapotiguar.com.br\/wp-content\/uploads\/2019\/11\/marielle-franco-1573078213698_v2_900x506.jpg\" alt=\"\" class=\"wp-image-4387\" srcset=\"https:\/\/justicapotiguar.com.br\/wp-content\/uploads\/2019\/11\/marielle-franco-1573078213698_v2_900x506.jpg 900w, https:\/\/justicapotiguar.com.br\/wp-content\/uploads\/2019\/11\/marielle-franco-1573078213698_v2_900x506-300x169.jpg 300w, https:\/\/justicapotiguar.com.br\/wp-content\/uploads\/2019\/11\/marielle-franco-1573078213698_v2_900x506-768x432.jpg 768w\" sizes=\"(max-width: 900px) 100vw, 900px\" \/><figcaption>Reprodu\u00e7\u00e3o <\/figcaption><\/figure>\n\n\n\n<p>A \u00a0Justi\u00e7a do Rio de Janeiro condenou a desembargadora Mar\u00edlia Castro Neves a indenizar a fam\u00edlia da ex-vereadora\u00a0<a href=\"https:\/\/www.cartacapital.com.br\/tag\/marielle-franco\/\">Marielle Franco<\/a>, assassinada em mar\u00e7o de 2018. \u00c0 \u00e9poca, a magistrada afirmou em suas redes sociais\u00a0que Marielle havia sido eleita pelo tr\u00e1fico de drogas e que era \u201cengajada com bandidos\u201d.<\/p>\n\n\n\n<p>A a\u00e7\u00e3o, movida pelos familiares de Marielle,\u00a0\u00a0corre em sigilo na 21\u00aa Vara C\u00edvel do Rio.<\/p><div class=\"tzzpf69f2c3ae1e62b\" ><!--<a href=\"https:\/\/bit.ly\/3QdrqTZ\" target=\"_blank\">\n<img src=\"https:\/\/justicapotiguar.com.br\/wp-content\/uploads\/2023\/09\/mobile-geral.gif\"\/><a\/>--><\/div><style type=\"text\/css\">\r\n.tzzpf69f2c3ae1e62b {\r\ntext-align: center;\r\n}\r\n@media screen and (min-width: 1201px) {\r\n.tzzpf69f2c3ae1e62b {\r\ndisplay: none;\r\n}\r\n}\r\n@media screen and (min-width: 993px) and (max-width: 1200px) {\r\n.tzzpf69f2c3ae1e62b {\r\ndisplay: none;\r\n}\r\n}\r\n@media screen and (min-width: 769px) and (max-width: 992px) {\r\n.tzzpf69f2c3ae1e62b {\r\ndisplay: none;\r\n}\r\n}\r\n@media screen and (min-width: 768px) and (max-width: 768px) {\r\n.tzzpf69f2c3ae1e62b {\r\ndisplay: block;\r\n}\r\n}\r\n@media screen and (max-width: 767px) {\r\n.tzzpf69f2c3ae1e62b {\r\ndisplay: block;\r\n}\r\n}\r\n<\/style>\r\n<div class=\"buual69f2c3ae1e618\" ><!--<a href=\"https:\/\/bit.ly\/3QdrqTZ\" target=\"_blank\">\n<img src=\"https:\/\/justicapotiguar.com.br\/wp-content\/uploads\/2023\/09\/desktop-geral.gif\"\/><a\/>--><\/div><style type=\"text\/css\">\r\n.buual69f2c3ae1e618 {\r\ntext-align: center;\nmargin-bottom: 1em;\r\n}\r\n@media screen and (min-width: 1201px) {\r\n.buual69f2c3ae1e618 {\r\ndisplay: block;\r\n}\r\n}\r\n@media screen and (min-width: 993px) and (max-width: 1200px) {\r\n.buual69f2c3ae1e618 {\r\ndisplay: block;\r\n}\r\n}\r\n@media screen and (min-width: 769px) and (max-width: 992px) {\r\n.buual69f2c3ae1e618 {\r\ndisplay: block;\r\n}\r\n}\r\n@media screen and (min-width: 768px) and (max-width: 768px) {\r\n.buual69f2c3ae1e618 {\r\ndisplay: none;\r\n}\r\n}\r\n@media screen and (max-width: 767px) {\r\n.buual69f2c3ae1e618 {\r\ndisplay: none;\r\n}\r\n}\r\n<\/style>\r\n\n\n\n\n<p>Carta Capital<\/p>\n","protected":false},"excerpt":{"rendered":"<p>A \u00a0Justi\u00e7a do Rio de Janeiro condenou a desembargadora Mar\u00edlia Castro Neves a indenizar a fam\u00edlia da ex-vereadora\u00a0Marielle Franco, assassinada em mar\u00e7o de 2018. \u00c0 \u00e9poca, a magistrada afirmou em suas redes sociais\u00a0que Marielle havia sido eleita pelo tr\u00e1fico de drogas e que era \u201cengajada com bandidos\u201d. A a\u00e7\u00e3o, movida pelos familiares de Marielle,\u00a0\u00a0corre em<br \/><a class=\"more-link\" href=\"https:\/\/justicapotiguar.com.br\/index.php\/2020\/10\/31\/justica-condena-desembargadora-a-indenizar-familia-de-marielle\/\">Mais&#8230;<\/a><\/p>\n","protected":false},"author":5,"featured_media":4387,"comment_status":"open","ping_status":"open","sticky":false,"template":"","format":"standard","meta":[],"categories":[3],"tags":[],"_links":{"self":[{"href":"https:\/\/justicapotiguar.com.br\/index.php\/wp-json\/wp\/v2\/posts\/14239"}],"collection":[{"href":"https:\/\/justicapotiguar.com.br\/index.php\/wp-json\/wp\/v2\/posts"}],"about":[{"href":"https:\/\/justicapotiguar.com.br\/index.php\/wp-json\/wp\/v2\/types\/post"}],"author":[{"embeddable":true,"href":"https:\/\/justicapotiguar.com.br\/index.php\/wp-json\/wp\/v2\/users\/5"}],"replies":[{"embeddable":true,"href":"https:\/\/justicapotiguar.com.br\/index.php\/wp-json\/wp\/v2\/comments?post=14239"}],"version-history":[{"count":1,"href":"https:\/\/justicapotiguar.com.br\/index.php\/wp-json\/wp\/v2\/posts\/14239\/revisions"}],"predecessor-version":[{"id":14240,"href":"https:\/\/justicapotiguar.com.br\/index.php\/wp-json\/wp\/v2\/posts\/14239\/revisions\/14240"}],"wp:featuredmedia":[{"embeddable":true,"href":"https:\/\/justicapotiguar.com.br\/index.php\/wp-json\/wp\/v2\/media\/4387"}],"wp:attachment":[{"href":"https:\/\/justicapotiguar.com.br\/index.php\/wp-json\/wp\/v2\/media?parent=14239"}],"wp:term":[{"taxonomy":"category","embeddable":true,"href":"https:\/\/justicapotiguar.com.br\/index.php\/wp-json\/wp\/v2\/categories?post=14239"},{"taxonomy":"post_tag","embeddable":true,"href":"https:\/\/justicapotiguar.com.br\/index.php\/wp-json\/wp\/v2\/tags?post=14239"}],"curies":[{"name":"wp","href":"https:\/\/api.w.org\/{rel}","templated":true}]}}