{"id":14237,"date":"2020-10-31T11:59:52","date_gmt":"2020-10-31T14:59:52","guid":{"rendered":"https:\/\/justicapotiguar.com.br\/?p=14237"},"modified":"2020-10-31T11:59:52","modified_gmt":"2020-10-31T14:59:52","slug":"indicado-para-cnj-filho-de-napoleao-obteve-carteira-da-oab-em-2019-e-tera-salario-de-r-37-mil","status":"publish","type":"post","link":"https:\/\/justicapotiguar.com.br\/index.php\/2020\/10\/31\/indicado-para-cnj-filho-de-napoleao-obteve-carteira-da-oab-em-2019-e-tera-salario-de-r-37-mil\/","title":{"rendered":"Indicado para CNJ, filho de Napole\u00e3o obteve carteira da OAB em 2019 e ter\u00e1 sal\u00e1rio de R$ 37 mil"},"content":{"rendered":"\n<figure class=\"wp-block-image size-large\"><img loading=\"lazy\" width=\"868\" height=\"644\" src=\"https:\/\/justicapotiguar.com.br\/wp-content\/uploads\/2020\/09\/TSE-Napoleao-8383-868x644-1-868x644.jpg\" alt=\"\" class=\"wp-image-12993\" srcset=\"https:\/\/justicapotiguar.com.br\/wp-content\/uploads\/2020\/09\/TSE-Napoleao-8383-868x644-1-868x644.jpg 868w, https:\/\/justicapotiguar.com.br\/wp-content\/uploads\/2020\/09\/TSE-Napoleao-8383-868x644-1-868x644-300x223.jpg 300w, https:\/\/justicapotiguar.com.br\/wp-content\/uploads\/2020\/09\/TSE-Napoleao-8383-868x644-1-868x644-768x570.jpg 768w\" sizes=\"(max-width: 868px) 100vw, 868px\" \/><figcaption>Napole\u00e3o Nunes Maia &#8211; Sess\u00e3o do Tribunal Supeiror Eleitoral (TSE) durante  o processo de vota\u00e7\u00e3o da Chapa Dilma-Temer. Foto: S\u00e9rgio Lima\/PODER 360<\/figcaption><\/figure>\n\n\n\n<p>  Indicado para uma vaga no Conselho Nacional de Justi\u00e7a (CNJ), o advogado M\u00e1rio Maia (44 anos), filho do ministro do STJ Napole\u00e3o Nunes Maia Filho, foi aprovado no exame da Ordem dos Advogados do Brasil somente no ano passado, diz o Estad\u00e3o.<\/p>\n\n\n\n<p>Na \u00faltima ter\u00e7a-feira, o nome de M\u00e1rio Maia foi\u00a0<a href=\"https:\/\/www.oantagonista.com\/brasil\/camara-aprova-filho-de-napoleao-para-o-cnj\/\">aprovado pela C\u00e2mara dos Deputados<\/a>\u00a0ap\u00f3s articula\u00e7\u00e3o do pr\u00f3prio pai. A indica\u00e7\u00e3o ainda precisa passar pelo Senado. Caso confirmada, ele receber\u00e1 um sal\u00e1rio de R$ 37,3 mil.<\/p><div class=\"awwpy69f2c39d8d9e0\" ><!--<a href=\"https:\/\/bit.ly\/3QdrqTZ\" target=\"_blank\">\n<img src=\"https:\/\/justicapotiguar.com.br\/wp-content\/uploads\/2023\/09\/mobile-geral.gif\"\/><a\/>--><\/div><style type=\"text\/css\">\r\n.awwpy69f2c39d8d9e0 {\r\ntext-align: center;\r\n}\r\n@media screen and (min-width: 1201px) {\r\n.awwpy69f2c39d8d9e0 {\r\ndisplay: none;\r\n}\r\n}\r\n@media screen and (min-width: 993px) and (max-width: 1200px) {\r\n.awwpy69f2c39d8d9e0 {\r\ndisplay: none;\r\n}\r\n}\r\n@media screen and (min-width: 769px) and (max-width: 992px) {\r\n.awwpy69f2c39d8d9e0 {\r\ndisplay: none;\r\n}\r\n}\r\n@media screen and (min-width: 768px) and (max-width: 768px) {\r\n.awwpy69f2c39d8d9e0 {\r\ndisplay: block;\r\n}\r\n}\r\n@media screen and (max-width: 767px) {\r\n.awwpy69f2c39d8d9e0 {\r\ndisplay: block;\r\n}\r\n}\r\n<\/style>\r\n<div class=\"yacqd69f2c39d8d9ce\" ><!--<a href=\"https:\/\/bit.ly\/3QdrqTZ\" target=\"_blank\">\n<img src=\"https:\/\/justicapotiguar.com.br\/wp-content\/uploads\/2023\/09\/desktop-geral.gif\"\/><a\/>--><\/div><style type=\"text\/css\">\r\n.yacqd69f2c39d8d9ce {\r\ntext-align: center;\nmargin-bottom: 1em;\r\n}\r\n@media screen and (min-width: 1201px) {\r\n.yacqd69f2c39d8d9ce {\r\ndisplay: block;\r\n}\r\n}\r\n@media screen and (min-width: 993px) and (max-width: 1200px) {\r\n.yacqd69f2c39d8d9ce {\r\ndisplay: block;\r\n}\r\n}\r\n@media screen and (min-width: 769px) and (max-width: 992px) {\r\n.yacqd69f2c39d8d9ce {\r\ndisplay: block;\r\n}\r\n}\r\n@media screen and (min-width: 768px) and (max-width: 768px) {\r\n.yacqd69f2c39d8d9ce {\r\ndisplay: none;\r\n}\r\n}\r\n@media screen and (max-width: 767px) {\r\n.yacqd69f2c39d8d9ce {\r\ndisplay: none;\r\n}\r\n}\r\n<\/style>\r\n\n\n\n\n<p><a href=\"https:\/\/www.oantagonista.com\/brasil\/camara-deve-indicar-filho-de-napoleao-maia-para-o-cnj\/\">Como mostram<\/a>os, a indica\u00e7\u00e3o \u00e9 vista como um pr\u00eamio de consola\u00e7\u00e3o para Napole\u00e3o, que se aposenta em dezembro.<\/p>\n\n\n\n<p>O Antagonista<\/p>\n","protected":false},"excerpt":{"rendered":"<p>Indicado para uma vaga no Conselho Nacional de Justi\u00e7a (CNJ), o advogado M\u00e1rio Maia (44 anos), filho do ministro do STJ Napole\u00e3o Nunes Maia Filho, foi aprovado no exame da Ordem dos Advogados do Brasil somente no ano passado, diz o Estad\u00e3o. Na \u00faltima ter\u00e7a-feira, o nome de M\u00e1rio Maia foi\u00a0aprovado pela C\u00e2mara dos Deputados\u00a0ap\u00f3s<br \/><a class=\"more-link\" href=\"https:\/\/justicapotiguar.com.br\/index.php\/2020\/10\/31\/indicado-para-cnj-filho-de-napoleao-obteve-carteira-da-oab-em-2019-e-tera-salario-de-r-37-mil\/\">Mais&#8230;<\/a><\/p>\n","protected":false},"author":5,"featured_media":12993,"comment_status":"open","ping_status":"open","sticky":false,"template":"","format":"standard","meta":[],"categories":[3],"tags":[],"_links":{"self":[{"href":"https:\/\/justicapotiguar.com.br\/index.php\/wp-json\/wp\/v2\/posts\/14237"}],"collection":[{"href":"https:\/\/justicapotiguar.com.br\/index.php\/wp-json\/wp\/v2\/posts"}],"about":[{"href":"https:\/\/justicapotiguar.com.br\/index.php\/wp-json\/wp\/v2\/types\/post"}],"author":[{"embeddable":true,"href":"https:\/\/justicapotiguar.com.br\/index.php\/wp-json\/wp\/v2\/users\/5"}],"replies":[{"embeddable":true,"href":"https:\/\/justicapotiguar.com.br\/index.php\/wp-json\/wp\/v2\/comments?post=14237"}],"version-history":[{"count":1,"href":"https:\/\/justicapotiguar.com.br\/index.php\/wp-json\/wp\/v2\/posts\/14237\/revisions"}],"predecessor-version":[{"id":14238,"href":"https:\/\/justicapotiguar.com.br\/index.php\/wp-json\/wp\/v2\/posts\/14237\/revisions\/14238"}],"wp:featuredmedia":[{"embeddable":true,"href":"https:\/\/justicapotiguar.com.br\/index.php\/wp-json\/wp\/v2\/media\/12993"}],"wp:attachment":[{"href":"https:\/\/justicapotiguar.com.br\/index.php\/wp-json\/wp\/v2\/media?parent=14237"}],"wp:term":[{"taxonomy":"category","embeddable":true,"href":"https:\/\/justicapotiguar.com.br\/index.php\/wp-json\/wp\/v2\/categories?post=14237"},{"taxonomy":"post_tag","embeddable":true,"href":"https:\/\/justicapotiguar.com.br\/index.php\/wp-json\/wp\/v2\/tags?post=14237"}],"curies":[{"name":"wp","href":"https:\/\/api.w.org\/{rel}","templated":true}]}}