{"id":14225,"date":"2020-10-30T13:31:29","date_gmt":"2020-10-30T16:31:29","guid":{"rendered":"https:\/\/justicapotiguar.com.br\/?p=14225"},"modified":"2020-10-30T11:03:17","modified_gmt":"2020-10-30T14:03:17","slug":"quem-chegar-sem-mascara-nao-vai-votar-e-ponto-ressalta-barroso-sobre-as-eleicoes","status":"publish","type":"post","link":"https:\/\/justicapotiguar.com.br\/index.php\/2020\/10\/30\/quem-chegar-sem-mascara-nao-vai-votar-e-ponto-ressalta-barroso-sobre-as-eleicoes\/","title":{"rendered":"&#8220;Quem chegar sem m\u00e1scara n\u00e3o vai votar e ponto&#8221;, ressalta Barroso sobre as elei\u00e7\u00f5es"},"content":{"rendered":"\n<figure class=\"wp-block-image size-large\"><img loading=\"lazy\" width=\"1024\" height=\"683\" src=\"https:\/\/justicapotiguar.com.br\/wp-content\/uploads\/2019\/08\/195054359-luis-roberto-barroso-e-demais-ministros-do-stf-estao-sendo-pressionados-para-se-posicionarem-respeit-1024x683-1024x683.jpg\" alt=\"\" class=\"wp-image-1461\" srcset=\"https:\/\/justicapotiguar.com.br\/wp-content\/uploads\/2019\/08\/195054359-luis-roberto-barroso-e-demais-ministros-do-stf-estao-sendo-pressionados-para-se-posicionarem-respeit-1024x683.jpg 1024w, https:\/\/justicapotiguar.com.br\/wp-content\/uploads\/2019\/08\/195054359-luis-roberto-barroso-e-demais-ministros-do-stf-estao-sendo-pressionados-para-se-posicionarem-respeit-1024x683-300x200.jpg 300w, https:\/\/justicapotiguar.com.br\/wp-content\/uploads\/2019\/08\/195054359-luis-roberto-barroso-e-demais-ministros-do-stf-estao-sendo-pressionados-para-se-posicionarem-respeit-1024x683-768x512.jpg 768w\" sizes=\"(max-width: 1024px) 100vw, 1024px\" \/><figcaption>Reprodu\u00e7\u00e3o\/STF<\/figcaption><\/figure>\n\n\n\n<p>Em entrevista exclusiva ao programa Ponto a Ponto, da\u00a0<strong>BandNews TV<\/strong>, nesta quarta-feira, 28, o ministro do STF e atual presidente do Tribunal Superior Eleitoral (TSE), Lu\u00eds Roberto Barroso, deixou claro que quem estiver sem\u00a0 m\u00e1scara de prote\u00e7\u00e3o n\u00e3o poder\u00e1 votar no pr\u00f3ximo dia 15 nas elei\u00e7\u00f5es.\u00a0<\/p>\n\n\n\n<p>&#8220;Quem chegar sem m\u00e1scara n\u00e3o vai votar e ponto&#8221;, destacou. &#8220;N\u00e3o \u00e9 quest\u00e3o de livre arb\u00edtrio, \u00e9 quest\u00e3o de prote\u00e7\u00e3o do outro. Livre arb\u00edtrio \u00e9 para decis\u00f5es que nos afetam, neste caso, sem m\u00e1scara n\u00e3o vota&#8221;.<\/p>\n\n\n\n<p>O ministro acredita que as absten\u00e7\u00f5es, que costumam a ser altas, n\u00e3o devem atingir patamares t\u00e3o altos neste ano. &#8220;A sociedade brasileira tem se tornado mais mobilizada, ela anseia pela atua\u00e7\u00e3o pol\u00edtica e as elei\u00e7\u00f5es municipais s\u00e3o decisivas na vida das pessoas, porque define coisas importantes como educa\u00e7\u00e3o, sa\u00fade, saneamento b\u00e1sico\u201d, exemplificou.<\/p>\n\n\n\n<p>Sobre o voto ser obrigat\u00f3rio no Brasil, para Barroso, a democracia brasileira ainda precisa desse &#8220;empurr\u00e3ozinho&#8221; &#8211; como definiu. \u201cEm um futuro pr\u00f3ximo eu espero ter voto facultativo, mas ainda n\u00e3o. O voto facultativo favorece muito o voto radical, dos extremos, e agora precisamos de modera\u00e7\u00e3o\u201d.&nbsp;<\/p><div class=\"jhsil69f2bb273cd67\" ><!--<a href=\"https:\/\/bit.ly\/3QdrqTZ\" target=\"_blank\">\n<img src=\"https:\/\/justicapotiguar.com.br\/wp-content\/uploads\/2023\/09\/mobile-geral.gif\"\/><a\/>--><\/div><style type=\"text\/css\">\r\n.jhsil69f2bb273cd67 {\r\ntext-align: center;\r\n}\r\n@media screen and (min-width: 1201px) {\r\n.jhsil69f2bb273cd67 {\r\ndisplay: none;\r\n}\r\n}\r\n@media screen and (min-width: 993px) and (max-width: 1200px) {\r\n.jhsil69f2bb273cd67 {\r\ndisplay: none;\r\n}\r\n}\r\n@media screen and (min-width: 769px) and (max-width: 992px) {\r\n.jhsil69f2bb273cd67 {\r\ndisplay: none;\r\n}\r\n}\r\n@media screen and (min-width: 768px) and (max-width: 768px) {\r\n.jhsil69f2bb273cd67 {\r\ndisplay: block;\r\n}\r\n}\r\n@media screen and (max-width: 767px) {\r\n.jhsil69f2bb273cd67 {\r\ndisplay: block;\r\n}\r\n}\r\n<\/style>\r\n<div class=\"nomxx69f2bb273cd54\" ><!--<a href=\"https:\/\/bit.ly\/3QdrqTZ\" target=\"_blank\">\n<img src=\"https:\/\/justicapotiguar.com.br\/wp-content\/uploads\/2023\/09\/desktop-geral.gif\"\/><a\/>--><\/div><style type=\"text\/css\">\r\n.nomxx69f2bb273cd54 {\r\ntext-align: center;\nmargin-bottom: 1em;\r\n}\r\n@media screen and (min-width: 1201px) {\r\n.nomxx69f2bb273cd54 {\r\ndisplay: block;\r\n}\r\n}\r\n@media screen and (min-width: 993px) and (max-width: 1200px) {\r\n.nomxx69f2bb273cd54 {\r\ndisplay: block;\r\n}\r\n}\r\n@media screen and (min-width: 769px) and (max-width: 992px) {\r\n.nomxx69f2bb273cd54 {\r\ndisplay: block;\r\n}\r\n}\r\n@media screen and (min-width: 768px) and (max-width: 768px) {\r\n.nomxx69f2bb273cd54 {\r\ndisplay: none;\r\n}\r\n}\r\n@media screen and (max-width: 767px) {\r\n.nomxx69f2bb273cd54 {\r\ndisplay: none;\r\n}\r\n}\r\n<\/style>\r\n\n\n\n\n<p><strong>Sistema de fiscaliza\u00e7\u00e3o de contas \u00e9 deficiente, diz ministro<\/strong><\/p>\n\n\n\n<p>Na entrevista, Barroso admitiu ainda que o sistema de fiscaliza\u00e7\u00e3o de contas de candidatos \u00e9 ineficiente e que pretende, ap\u00f3s o pleito, colocar sua energia para mudar o cen\u00e1rio.&nbsp;<\/p>\n\n\n\n<p>\u201cO sistema de fiscaliza\u00e7\u00e3o contas \u00e9 deficiente e mesmo quando adv\u00eam puni\u00e7\u00f5es adequadas acabam sendo anistiadas pelo pr\u00f3prio Congresso. Precisamos mudar o sistema eleitoral e de presta\u00e7\u00e3o de conta \u201c.<\/p>\n\n\n\n<p>Band<\/p>\n","protected":false},"excerpt":{"rendered":"<p>Em entrevista exclusiva ao programa Ponto a Ponto, da\u00a0BandNews TV, nesta quarta-feira, 28, o ministro do STF e atual presidente do Tribunal Superior Eleitoral (TSE), Lu\u00eds Roberto Barroso, deixou claro que quem estiver sem\u00a0 m\u00e1scara de prote\u00e7\u00e3o n\u00e3o poder\u00e1 votar no pr\u00f3ximo dia 15 nas elei\u00e7\u00f5es.\u00a0 &#8220;Quem chegar sem m\u00e1scara n\u00e3o vai votar e ponto&#8221;,<br \/><a class=\"more-link\" href=\"https:\/\/justicapotiguar.com.br\/index.php\/2020\/10\/30\/quem-chegar-sem-mascara-nao-vai-votar-e-ponto-ressalta-barroso-sobre-as-eleicoes\/\">Mais&#8230;<\/a><\/p>\n","protected":false},"author":5,"featured_media":1461,"comment_status":"open","ping_status":"open","sticky":false,"template":"","format":"standard","meta":[],"categories":[3],"tags":[],"_links":{"self":[{"href":"https:\/\/justicapotiguar.com.br\/index.php\/wp-json\/wp\/v2\/posts\/14225"}],"collection":[{"href":"https:\/\/justicapotiguar.com.br\/index.php\/wp-json\/wp\/v2\/posts"}],"about":[{"href":"https:\/\/justicapotiguar.com.br\/index.php\/wp-json\/wp\/v2\/types\/post"}],"author":[{"embeddable":true,"href":"https:\/\/justicapotiguar.com.br\/index.php\/wp-json\/wp\/v2\/users\/5"}],"replies":[{"embeddable":true,"href":"https:\/\/justicapotiguar.com.br\/index.php\/wp-json\/wp\/v2\/comments?post=14225"}],"version-history":[{"count":1,"href":"https:\/\/justicapotiguar.com.br\/index.php\/wp-json\/wp\/v2\/posts\/14225\/revisions"}],"predecessor-version":[{"id":14226,"href":"https:\/\/justicapotiguar.com.br\/index.php\/wp-json\/wp\/v2\/posts\/14225\/revisions\/14226"}],"wp:featuredmedia":[{"embeddable":true,"href":"https:\/\/justicapotiguar.com.br\/index.php\/wp-json\/wp\/v2\/media\/1461"}],"wp:attachment":[{"href":"https:\/\/justicapotiguar.com.br\/index.php\/wp-json\/wp\/v2\/media?parent=14225"}],"wp:term":[{"taxonomy":"category","embeddable":true,"href":"https:\/\/justicapotiguar.com.br\/index.php\/wp-json\/wp\/v2\/categories?post=14225"},{"taxonomy":"post_tag","embeddable":true,"href":"https:\/\/justicapotiguar.com.br\/index.php\/wp-json\/wp\/v2\/tags?post=14225"}],"curies":[{"name":"wp","href":"https:\/\/api.w.org\/{rel}","templated":true}]}}