{"id":14223,"date":"2020-10-30T11:44:41","date_gmt":"2020-10-30T14:44:41","guid":{"rendered":"https:\/\/justicapotiguar.com.br\/?p=14223"},"modified":"2020-10-30T11:00:20","modified_gmt":"2020-10-30T14:00:20","slug":"ministro-do-stj-nega-pedido-de-cidadaos-para-nao-serem-obrigados-a-se-vacinar","status":"publish","type":"post","link":"https:\/\/justicapotiguar.com.br\/index.php\/2020\/10\/30\/ministro-do-stj-nega-pedido-de-cidadaos-para-nao-serem-obrigados-a-se-vacinar\/","title":{"rendered":"Ministro do STJ nega pedido de cidad\u00e3os para n\u00e3o serem obrigados a se vacinar"},"content":{"rendered":"\n<p>O ministro do STJ Og Fernandes rejeitou um HC preventivo impetrado em favor de dois moradores de S\u00e3o Jos\u00e9 do Rio Preto\/SP contra a eventual obrigatoriedade da vacina do coronav\u00edrus.<\/p>\n\n\n\n<p>De acordo com o pedido, o governador de SP, Jo\u00e3o Doria, deu a entender em declara\u00e7\u00f5es \u00e0 imprensa que a vacina para o combate \u00e0 doen\u00e7a teria car\u00e1ter obrigat\u00f3rio. Segundo a peti\u00e7\u00e3o, deveria ser respeitada a vontade do indiv\u00edduo de se submeter ou n\u00e3o a determinado procedimento terap\u00eautico.<\/p>\n\n\n\n<p>Para o ministro, contudo, n\u00e3o ficou demonstrado nenhum ato ilegal ou abusivo do governador que prejudicasse ou amea\u00e7asse concretamente a liberdade de locomo\u00e7\u00e3o dos pacientes do HC.<\/p>\n\n\n\n<figure class=\"wp-block-image\"><img src=\"https:\/\/img2.migalhas.uol.com.br\/_MEDPROC_\/https__img1.migalhas.uol.com.br__SL__gf_base__SL__empresas__SL__MIGA__SL__imagens__SL__2020__SL__10__SL__29__SL__09d9c11b-4c34-489b-9199-56813d2d7735.JPG._PROC_CP75.JPG\" alt=\"(Imagem: Sergio Amaral\/STJ)\" title=\"(Imagem: Sergio Amaral\/STJ)\"\/><\/figure>\n\n\n\n<p>(Imagem: Sergio Amaral\/STJ)<\/p><div class=\"mewpx69f2bb32938ce\" ><!--<a href=\"https:\/\/bit.ly\/3QdrqTZ\" target=\"_blank\">\n<img src=\"https:\/\/justicapotiguar.com.br\/wp-content\/uploads\/2023\/09\/mobile-geral.gif\"\/><a\/>--><\/div><style type=\"text\/css\">\r\n.mewpx69f2bb32938ce {\r\ntext-align: center;\r\n}\r\n@media screen and (min-width: 1201px) {\r\n.mewpx69f2bb32938ce {\r\ndisplay: none;\r\n}\r\n}\r\n@media screen and (min-width: 993px) and (max-width: 1200px) {\r\n.mewpx69f2bb32938ce {\r\ndisplay: none;\r\n}\r\n}\r\n@media screen and (min-width: 769px) and (max-width: 992px) {\r\n.mewpx69f2bb32938ce {\r\ndisplay: none;\r\n}\r\n}\r\n@media screen and (min-width: 768px) and (max-width: 768px) {\r\n.mewpx69f2bb32938ce {\r\ndisplay: block;\r\n}\r\n}\r\n@media screen and (max-width: 767px) {\r\n.mewpx69f2bb32938ce {\r\ndisplay: block;\r\n}\r\n}\r\n<\/style>\r\n<div class=\"hybjj69f2bb32938ba\" ><!--<a href=\"https:\/\/bit.ly\/3QdrqTZ\" target=\"_blank\">\n<img src=\"https:\/\/justicapotiguar.com.br\/wp-content\/uploads\/2023\/09\/desktop-geral.gif\"\/><a\/>--><\/div><style type=\"text\/css\">\r\n.hybjj69f2bb32938ba {\r\ntext-align: center;\nmargin-bottom: 1em;\r\n}\r\n@media screen and (min-width: 1201px) {\r\n.hybjj69f2bb32938ba {\r\ndisplay: block;\r\n}\r\n}\r\n@media screen and (min-width: 993px) and (max-width: 1200px) {\r\n.hybjj69f2bb32938ba {\r\ndisplay: block;\r\n}\r\n}\r\n@media screen and (min-width: 769px) and (max-width: 992px) {\r\n.hybjj69f2bb32938ba {\r\ndisplay: block;\r\n}\r\n}\r\n@media screen and (min-width: 768px) and (max-width: 768px) {\r\n.hybjj69f2bb32938ba {\r\ndisplay: none;\r\n}\r\n}\r\n@media screen and (max-width: 767px) {\r\n.hybjj69f2bb32938ba {\r\ndisplay: none;\r\n}\r\n}\r\n<\/style>\r\n\n\n\n\n<p>Segundo&nbsp;<strong>Og Fernandes<\/strong>, n\u00e3o h\u00e1 informa\u00e7\u00e3o nos autos a respeito do momento em que a vacina ser\u00e1, em larga escala, colocada \u00e0 disposi\u00e7\u00e3o da popula\u00e7\u00e3o, tampouco foram especificadas quais seriam as san\u00e7\u00f5es ou restri\u00e7\u00f5es aplicadas pelo poder p\u00fablico a quem deixasse de atender ao chamamento para a vacina\u00e7\u00e3o.<\/p>\n\n\n\n<p>&#8220;<em>Trata-se de habeas corpus preventivo em que n\u00e3o se demonstrou, de forma concreta e individualizada, em rela\u00e7\u00e3o aos pacientes, a imin\u00eancia de pr\u00e1tica, pela autoridade coatora, de atos ilegais, violadores da liberdade de locomo\u00e7\u00e3o &#8211; o que n\u00e3o se admite.<\/em>&#8220;<\/p>\n\n\n\n<ul><li>Processo: HC&nbsp;<a href=\"http:\/\/www.stj.jus.br\/webstj\/processo\/justica\/jurisprudencia.asp?tipo=num_pro&amp;valor=HC622945\" target=\"_blank\" rel=\"noreferrer noopener\">622.945<\/a><\/li><\/ul>\n\n\n\n<p>Veja a&nbsp;<a href=\"https:\/\/www.migalhas.uol.com.br\/arquivos\/2020\/10\/401BC0D47D1E3D_vacina.pdf\" target=\"_blank\" rel=\"noreferrer noopener\">decis\u00e3o<\/a>.<\/p>\n","protected":false},"excerpt":{"rendered":"<p>O ministro do STJ Og Fernandes rejeitou um HC preventivo impetrado em favor de dois moradores de S\u00e3o Jos\u00e9 do Rio Preto\/SP contra a eventual obrigatoriedade da vacina do coronav\u00edrus. De acordo com o pedido, o governador de SP, Jo\u00e3o Doria, deu a entender em declara\u00e7\u00f5es \u00e0 imprensa que a vacina para o combate \u00e0<br \/><a class=\"more-link\" href=\"https:\/\/justicapotiguar.com.br\/index.php\/2020\/10\/30\/ministro-do-stj-nega-pedido-de-cidadaos-para-nao-serem-obrigados-a-se-vacinar\/\">Mais&#8230;<\/a><\/p>\n","protected":false},"author":5,"featured_media":4608,"comment_status":"open","ping_status":"open","sticky":false,"template":"","format":"standard","meta":[],"categories":[3],"tags":[],"_links":{"self":[{"href":"https:\/\/justicapotiguar.com.br\/index.php\/wp-json\/wp\/v2\/posts\/14223"}],"collection":[{"href":"https:\/\/justicapotiguar.com.br\/index.php\/wp-json\/wp\/v2\/posts"}],"about":[{"href":"https:\/\/justicapotiguar.com.br\/index.php\/wp-json\/wp\/v2\/types\/post"}],"author":[{"embeddable":true,"href":"https:\/\/justicapotiguar.com.br\/index.php\/wp-json\/wp\/v2\/users\/5"}],"replies":[{"embeddable":true,"href":"https:\/\/justicapotiguar.com.br\/index.php\/wp-json\/wp\/v2\/comments?post=14223"}],"version-history":[{"count":1,"href":"https:\/\/justicapotiguar.com.br\/index.php\/wp-json\/wp\/v2\/posts\/14223\/revisions"}],"predecessor-version":[{"id":14224,"href":"https:\/\/justicapotiguar.com.br\/index.php\/wp-json\/wp\/v2\/posts\/14223\/revisions\/14224"}],"wp:featuredmedia":[{"embeddable":true,"href":"https:\/\/justicapotiguar.com.br\/index.php\/wp-json\/wp\/v2\/media\/4608"}],"wp:attachment":[{"href":"https:\/\/justicapotiguar.com.br\/index.php\/wp-json\/wp\/v2\/media?parent=14223"}],"wp:term":[{"taxonomy":"category","embeddable":true,"href":"https:\/\/justicapotiguar.com.br\/index.php\/wp-json\/wp\/v2\/categories?post=14223"},{"taxonomy":"post_tag","embeddable":true,"href":"https:\/\/justicapotiguar.com.br\/index.php\/wp-json\/wp\/v2\/tags?post=14223"}],"curies":[{"name":"wp","href":"https:\/\/api.w.org\/{rel}","templated":true}]}}