{"id":14220,"date":"2020-10-30T10:29:33","date_gmt":"2020-10-30T13:29:33","guid":{"rendered":"https:\/\/justicapotiguar.com.br\/?p=14220"},"modified":"2020-10-30T10:29:33","modified_gmt":"2020-10-30T13:29:33","slug":"advogada-grava-de-forma-involuntaria-juiza-orientando-promotora-em-sp","status":"publish","type":"post","link":"https:\/\/justicapotiguar.com.br\/index.php\/2020\/10\/30\/advogada-grava-de-forma-involuntaria-juiza-orientando-promotora-em-sp\/","title":{"rendered":"Advogada grava de forma involunt\u00e1ria ju\u00edza orientando promotora em SP"},"content":{"rendered":"\n<p><\/p>\n\n\n\n<div class=\"wp-block-image\"><figure class=\"aligncenter size-large is-resized\"><img loading=\"lazy\" src=\"https:\/\/justicapotiguar.com.br\/wp-content\/uploads\/2020\/10\/download.jpeg\" alt=\"\" class=\"wp-image-14221\" width=\"308\" height=\"200\"\/><figcaption>Ilustrativa<\/figcaption><\/figure><\/div>\n\n\n\n<p>A advogada Telma Rosa Agostinho apresentou no \u00faltimo dia 26 um pedido de suspei\u00e7\u00e3o contra a ju\u00edza\u00a0Sonia Nazar\u00e9 Fernandes Fraga, da 24\u00aa Vara Criminal do Tribunal de Justi\u00e7a de S\u00e3o Paulo.<\/p>\n\n\n\n<p>O pedido foi motivado por um di\u00e1logo gravado de forma involunt\u00e1ria entre a magistrada e a promotora de Justi\u00e7a Cristiane Melilo Dilascio Mohmari dos Santos. No&nbsp;\u00e1udio, ju\u00edza e acusa\u00e7\u00e3o combinam detalhes do processo. Tamb\u00e9m criticam&nbsp;a advogada, afirmam que os policiais que prestaram depoimentos s\u00e3o &#8220;bandidos&#8221;&nbsp;e desabonam uma&nbsp;testemunha que compareceu com uma sacola de uma grife de roupas \u2014 que, segundo elas, deveria estar cheia de &#8220;muamba&#8221;.<\/p>\n\n\n\n<p>O caso ganhou repercuss\u00e3o ap\u00f3s a publica\u00e7\u00e3o dos \u00e1udios pelo perfil&nbsp;<a href=\"https:\/\/www.instagram.com\/tv\/CG7tue3jLz-\/?igshid=g4xujdkz687f\" target=\"_blank\" rel=\"noreferrer noopener\">Papo de Criminalista<\/a>&nbsp;no Instagram, mantido pelo advogado M\u00e1rio de Oliveira Filho, presidente Nacional de Prerrogativas da Abracrim. A entidade far\u00e1 uma representa\u00e7\u00e3o formal contra a magistrada no Conselho Nacional de Justi\u00e7a. O post com a grava\u00e7\u00e3o conta at\u00e9 as 21h desta quinta-feira com mais de 9 mil audi\u00e7\u00f5es.&nbsp;<\/p>\n\n\n\n<p>A grava\u00e7\u00e3o ocorreu no \u00faltimo dia 19 de outubro no ju\u00edzo da 24\u00aa Vara Criminal do Foro da Capital, quando se deu audi\u00eancia de instru\u00e7\u00e3o e julgamento do processo envolvendo clientes da advogada.<\/p>\n\n\n\n<p>Segundo o pedido de suspei\u00e7\u00e3o a que a&nbsp;<strong>ConJur<\/strong>&nbsp;teve acesso, a advogada narra que tem costume de gravar as suas audi\u00eancias. Na ocasi\u00e3o, depois que as testemunhas foram ouvidas, foi concedido prazo aos defensores para a orienta\u00e7\u00e3o do interrogat\u00f3rio dos acusados.<\/p>\n\n\n\n<p>Conforme o texto, por falta de local apropriado, os acusados foram conduzidos para o corredor do f\u00f3rum para serem atendidos pelos advogados. A defensora explica que esqueceu o gravador ligado na sala e foi surpreendida posteriormente ao ouvir o teor das grava\u00e7\u00f5es.<\/p>\n\n\n\n<p>Na grava\u00e7\u00e3o, a ju\u00edza e a promotora tamb\u00e9m discutem o m\u00e9rito do processo. A magistrada diz para a representante do Minist\u00e9rio P\u00fablico acusar um dos ouvidos de falso testemunho. &#8220;Falso testemunho nesse aqui. Pode vir, viu doutora?&#8221;, afirma a ju\u00edza em trecho do \u00e1udio.<\/p>\n\n\n\n<p>&#8220;Doutora, mas \u00e9, a senhora pode, pede uma per\u00edcia. Vai, explora isso. Falar que veio aqui, que t\u00e1 nitidamente envolvida. Ela \u00e9 muito ruim, doutora&#8221;, disse a magistrada \u00e0&nbsp;representante do MP.<\/p><div class=\"saiuw69f2bab67e8b4\" ><!--<a href=\"https:\/\/bit.ly\/3QdrqTZ\" target=\"_blank\">\n<img src=\"https:\/\/justicapotiguar.com.br\/wp-content\/uploads\/2023\/09\/mobile-geral.gif\"\/><a\/>--><\/div><style type=\"text\/css\">\r\n.saiuw69f2bab67e8b4 {\r\ntext-align: center;\r\n}\r\n@media screen and (min-width: 1201px) {\r\n.saiuw69f2bab67e8b4 {\r\ndisplay: none;\r\n}\r\n}\r\n@media screen and (min-width: 993px) and (max-width: 1200px) {\r\n.saiuw69f2bab67e8b4 {\r\ndisplay: none;\r\n}\r\n}\r\n@media screen and (min-width: 769px) and (max-width: 992px) {\r\n.saiuw69f2bab67e8b4 {\r\ndisplay: none;\r\n}\r\n}\r\n@media screen and (min-width: 768px) and (max-width: 768px) {\r\n.saiuw69f2bab67e8b4 {\r\ndisplay: block;\r\n}\r\n}\r\n@media screen and (max-width: 767px) {\r\n.saiuw69f2bab67e8b4 {\r\ndisplay: block;\r\n}\r\n}\r\n<\/style>\r\n<div class=\"zllgy69f2bab67e895\" ><!--<a href=\"https:\/\/bit.ly\/3QdrqTZ\" target=\"_blank\">\n<img src=\"https:\/\/justicapotiguar.com.br\/wp-content\/uploads\/2023\/09\/desktop-geral.gif\"\/><a\/>--><\/div><style type=\"text\/css\">\r\n.zllgy69f2bab67e895 {\r\ntext-align: center;\nmargin-bottom: 1em;\r\n}\r\n@media screen and (min-width: 1201px) {\r\n.zllgy69f2bab67e895 {\r\ndisplay: block;\r\n}\r\n}\r\n@media screen and (min-width: 993px) and (max-width: 1200px) {\r\n.zllgy69f2bab67e895 {\r\ndisplay: block;\r\n}\r\n}\r\n@media screen and (min-width: 769px) and (max-width: 992px) {\r\n.zllgy69f2bab67e895 {\r\ndisplay: block;\r\n}\r\n}\r\n@media screen and (min-width: 768px) and (max-width: 768px) {\r\n.zllgy69f2bab67e895 {\r\ndisplay: none;\r\n}\r\n}\r\n@media screen and (max-width: 767px) {\r\n.zllgy69f2bab67e895 {\r\ndisplay: none;\r\n}\r\n}\r\n<\/style>\r\n\n\n\n\n<p>Na pe\u00e7a, a advogada alega que tanto a ju\u00edza como a promotora de Justi\u00e7a buscam juntas meios para condenar os acusados. &#8220;A ju\u00edza S\u00f4nia orienta a promotora de justi\u00e7a a atuar contra testemunha requerendo o falso testemunho, acusa as testemunhas policiais de serem bandidos, imputa crime de cal\u00fania contra a advogada, iria &#8216;puxar&#8217; e &#8216;tentar&#8217;&nbsp;&#8216;conden\u00e1-los'&#8221;, diz trecho do documento.&nbsp;<\/p>\n\n\n\n<p>&#8220;Agora. O que vai ser dif\u00edcil. doutora. \u00e9 pegar o elo, o elemento subjetivo. (&#8230;)&#8221;, afirma a ju\u00edza para a promotora.<\/p>\n\n\n\n<p>No di\u00e1logo, a ju\u00edza afirma o seguinte sobre o testemunho dos policiais envolvidos no caso:<\/p>\n\n\n\n<p><em>&#8220;Ahhh&#8230; Dif\u00edcil. (&#8230;) A\u00ed jogaram em quem? No outro, que t\u00e1 preso. (&#8230;) Ah! Informa\u00e7\u00e3o privilegiada, mas pera a\u00ed, n\u00e3o vai ficar claro. (&#8230;) N\u00e3o vai ficar claro que \u00e9 informa\u00e7\u00e3o privilegiada. N\u00e3o \u00e9 bem assim, n\u00e9? (&#8230;) A\u00ed um policial. At\u00e9 voc\u00ea, a senhora, at\u00e9 vou colocar. Colocar assim, que na pol\u00edcia tudo foi dito, n\u00e9?&#8221;<\/em><\/p>\n\n\n\n<p>Em outro trecho da grava\u00e7\u00e3o, a atua\u00e7\u00e3o da advogada Telma Rosa Agostinho \u00e9 tema da conversa. &#8220;E ela \u00e9 muito sem educa\u00e7\u00e3o. Quem \u00e9 ela para dizer o que a ju\u00edza pode falar ou n\u00e3o pode falar? (trecho inaud\u00edvel)&#8217;, diz a promotora. O escriv\u00e3o que tamb\u00e9m participava da conversa concorda e a ju\u00edza afirma que a defensora quer apenas &#8220;criar animosidade&#8221;.<\/p>\n\n\n\n<p>A ju\u00edza ainda critica o sotaque carioca da advogada e diz que a defensora s\u00f3 quer ganhar dinheiro defendendo o crime organizado. &#8220;Sei l\u00e1. T\u00e1 defendendo essa gentaiada (sic) a\u00ed do (trecho inaud\u00edvel). T\u00e1 correndo atr\u00e1s, doutora de ganhar dinheiro atr\u00e1s desse crime organizado. Sabe, doutora?&#8221;, questiona.<\/p>\n\n\n\n<p>Ap\u00f3s o pedido de suspei\u00e7\u00e3o, o caso passou a tramitar em segredo de Justi\u00e7a.\u00a0<strong>Escute abaixo o di\u00e1logo:<\/strong><\/p>\n\n\n\n<figure class=\"wp-block-embed-soundcloud wp-block-embed is-type-rich is-provider-soundcloud wp-embed-aspect-4-3 wp-has-aspect-ratio\"><div class=\"wp-block-embed__wrapper\">\n<iframe loading=\"lazy\" title=\"Di\u00e1logo ju\u00edza e promotora by Rafa Santos\" width=\"640\" height=\"400\" scrolling=\"no\" frameborder=\"no\" src=\"https:\/\/w.soundcloud.com\/player\/?visual=true&#038;url=https%3A%2F%2Fapi.soundcloud.com%2Ftracks%2F920027035&#038;show_artwork=true&#038;maxwidth=640&#038;maxheight=960&#038;dnt=1\"><\/iframe>\n<\/div><\/figure>\n\n\n\n<p><\/p>\n\n\n\n<p>Conjur<\/p>\n","protected":false},"excerpt":{"rendered":"<p>A advogada Telma Rosa Agostinho apresentou no \u00faltimo dia 26 um pedido de suspei\u00e7\u00e3o contra a ju\u00edza\u00a0Sonia Nazar\u00e9 Fernandes Fraga, da 24\u00aa Vara Criminal do Tribunal de Justi\u00e7a de S\u00e3o Paulo. O pedido foi motivado por um di\u00e1logo gravado de forma involunt\u00e1ria entre a magistrada e a promotora de Justi\u00e7a Cristiane Melilo Dilascio Mohmari dos<br \/><a class=\"more-link\" href=\"https:\/\/justicapotiguar.com.br\/index.php\/2020\/10\/30\/advogada-grava-de-forma-involuntaria-juiza-orientando-promotora-em-sp\/\">Mais&#8230;<\/a><\/p>\n","protected":false},"author":5,"featured_media":14221,"comment_status":"open","ping_status":"open","sticky":false,"template":"","format":"standard","meta":[],"categories":[3],"tags":[],"_links":{"self":[{"href":"https:\/\/justicapotiguar.com.br\/index.php\/wp-json\/wp\/v2\/posts\/14220"}],"collection":[{"href":"https:\/\/justicapotiguar.com.br\/index.php\/wp-json\/wp\/v2\/posts"}],"about":[{"href":"https:\/\/justicapotiguar.com.br\/index.php\/wp-json\/wp\/v2\/types\/post"}],"author":[{"embeddable":true,"href":"https:\/\/justicapotiguar.com.br\/index.php\/wp-json\/wp\/v2\/users\/5"}],"replies":[{"embeddable":true,"href":"https:\/\/justicapotiguar.com.br\/index.php\/wp-json\/wp\/v2\/comments?post=14220"}],"version-history":[{"count":1,"href":"https:\/\/justicapotiguar.com.br\/index.php\/wp-json\/wp\/v2\/posts\/14220\/revisions"}],"predecessor-version":[{"id":14222,"href":"https:\/\/justicapotiguar.com.br\/index.php\/wp-json\/wp\/v2\/posts\/14220\/revisions\/14222"}],"wp:featuredmedia":[{"embeddable":true,"href":"https:\/\/justicapotiguar.com.br\/index.php\/wp-json\/wp\/v2\/media\/14221"}],"wp:attachment":[{"href":"https:\/\/justicapotiguar.com.br\/index.php\/wp-json\/wp\/v2\/media?parent=14220"}],"wp:term":[{"taxonomy":"category","embeddable":true,"href":"https:\/\/justicapotiguar.com.br\/index.php\/wp-json\/wp\/v2\/categories?post=14220"},{"taxonomy":"post_tag","embeddable":true,"href":"https:\/\/justicapotiguar.com.br\/index.php\/wp-json\/wp\/v2\/tags?post=14220"}],"curies":[{"name":"wp","href":"https:\/\/api.w.org\/{rel}","templated":true}]}}