{"id":14206,"date":"2020-10-29T14:40:15","date_gmt":"2020-10-29T17:40:15","guid":{"rendered":"https:\/\/justicapotiguar.com.br\/?p=14206"},"modified":"2020-10-29T14:40:15","modified_gmt":"2020-10-29T17:40:15","slug":"tce-rn-decide-que-aumento-de-prefeitos-e-vereadores-so-pode-ser-pago-em-2022","status":"publish","type":"post","link":"https:\/\/justicapotiguar.com.br\/index.php\/2020\/10\/29\/tce-rn-decide-que-aumento-de-prefeitos-e-vereadores-so-pode-ser-pago-em-2022\/","title":{"rendered":"TCE-RN decide que aumento de prefeitos e vereadores s\u00f3 pode ser pago em 2022"},"content":{"rendered":"\n<figure class=\"wp-block-image size-large\"><img loading=\"lazy\" width=\"600\" height=\"400\" src=\"https:\/\/justicapotiguar.com.br\/wp-content\/uploads\/2019\/08\/TCERN.jpg\" alt=\"\" class=\"wp-image-172\" srcset=\"https:\/\/justicapotiguar.com.br\/wp-content\/uploads\/2019\/08\/TCERN.jpg 600w, https:\/\/justicapotiguar.com.br\/wp-content\/uploads\/2019\/08\/TCERN-300x200.jpg 300w\" sizes=\"(max-width: 600px) 100vw, 600px\" \/><figcaption>Reprodu\u00e7\u00e3o <\/figcaption><\/figure>\n\n\n\n<p>O Tribunal de Contas do Estado (TCE\/RN) decidiu que o aumento de subs\u00eddios de prefeitos e vereadores s\u00f3 pode ser implementado a partir de 2022, em raz\u00e3o da Lei Complementar 173\/2020, que proibiu reajustes at\u00e9 dezembro de 2021 para combater os efeitos financeiros da pandemia do coronav\u00edrus.<\/p>\n\n\n\n<p>O entendimento foi fixado durante sess\u00f5es da Primeira C\u00e2mara. Segundo voto do conselheiro Carlos Thompson Costa Fernandes (Processo 3276\/2020), relativo ao subs\u00eddio de prefeito e vereadores de Marcelino Vieira, \u201cassiste raz\u00e3o ao Corpo T\u00e9cnico quanto aos v\u00edcios de legalidade que comprometem a aplica\u00e7\u00e3o imediata das normas municipais editadas em 30.06.2020, ou seja, j\u00e1 no contexto da pandemia da Covid-19 com decreta\u00e7\u00e3o da calamidade p\u00fablica\u201d.&nbsp;<\/p>\n\n\n\n<p>O aumento, no caso do munic\u00edpio de Marcelino Vieira, foi suspenso cautelarmente. A atua\u00e7\u00e3o da Diretoria de Despesas com Pessoal, levou \u00e0 abertura de processos relativos a 64 munic\u00edpios, no \u00e2mbito da Corte de Contas, para fiscalizar o aumento dos subs\u00eddios de prefeitos e vereadores durante a pandemia do coronav\u00edrus. Os processos relativos aos demais munic\u00edpios ser\u00e3o levados \u00e0 julgamento em seguida.<\/p><div class=\"dehui69f2b045da05d\" ><!--<a href=\"https:\/\/bit.ly\/3QdrqTZ\" target=\"_blank\">\n<img src=\"https:\/\/justicapotiguar.com.br\/wp-content\/uploads\/2023\/09\/mobile-geral.gif\"\/><a\/>--><\/div><style type=\"text\/css\">\r\n.dehui69f2b045da05d {\r\ntext-align: center;\r\n}\r\n@media screen and (min-width: 1201px) {\r\n.dehui69f2b045da05d {\r\ndisplay: none;\r\n}\r\n}\r\n@media screen and (min-width: 993px) and (max-width: 1200px) {\r\n.dehui69f2b045da05d {\r\ndisplay: none;\r\n}\r\n}\r\n@media screen and (min-width: 769px) and (max-width: 992px) {\r\n.dehui69f2b045da05d {\r\ndisplay: none;\r\n}\r\n}\r\n@media screen and (min-width: 768px) and (max-width: 768px) {\r\n.dehui69f2b045da05d {\r\ndisplay: block;\r\n}\r\n}\r\n@media screen and (max-width: 767px) {\r\n.dehui69f2b045da05d {\r\ndisplay: block;\r\n}\r\n}\r\n<\/style>\r\n<div class=\"whjot69f2b045da049\" ><!--<a href=\"https:\/\/bit.ly\/3QdrqTZ\" target=\"_blank\">\n<img src=\"https:\/\/justicapotiguar.com.br\/wp-content\/uploads\/2023\/09\/desktop-geral.gif\"\/><a\/>--><\/div><style type=\"text\/css\">\r\n.whjot69f2b045da049 {\r\ntext-align: center;\nmargin-bottom: 1em;\r\n}\r\n@media screen and (min-width: 1201px) {\r\n.whjot69f2b045da049 {\r\ndisplay: block;\r\n}\r\n}\r\n@media screen and (min-width: 993px) and (max-width: 1200px) {\r\n.whjot69f2b045da049 {\r\ndisplay: block;\r\n}\r\n}\r\n@media screen and (min-width: 769px) and (max-width: 992px) {\r\n.whjot69f2b045da049 {\r\ndisplay: block;\r\n}\r\n}\r\n@media screen and (min-width: 768px) and (max-width: 768px) {\r\n.whjot69f2b045da049 {\r\ndisplay: none;\r\n}\r\n}\r\n@media screen and (max-width: 767px) {\r\n.whjot69f2b045da049 {\r\ndisplay: none;\r\n}\r\n}\r\n<\/style>\r\n\n\n\n\n<p>A equipe t\u00e9cnica da Diretoria de Despesas com Pessoal realizou uma busca ativa nos di\u00e1rios oficiais dos munic\u00edpios potiguares e tamb\u00e9m entrou em contato com os gestores de prefeituras e c\u00e2maras municipais. A fiscaliza\u00e7\u00e3o acerca do cumprimento da legisla\u00e7\u00e3o que visa ordenar o combate \u00e0 pandemia do coronav\u00edrus ter\u00e1 novas fases, segundo a equipe t\u00e9cnica da DDP.<\/p>\n\n\n\n<p>Segundo os termos da Lei Complementar 173\/2020, \u201cficam proibidos, at\u00e9 31 de dezembro de 2021, de conceder, a qualquer t\u00edtulo, vantagem, aumento, reajuste ou adequa\u00e7\u00e3o de remunera\u00e7\u00e3o a membros de Poder ou de \u00f3rg\u00e3o, servidores e empregados p\u00fablicos e militares, exceto quando derivado de senten\u00e7a judicial transitada em julgado ou de determina\u00e7\u00e3o legal anterior \u00e0 calamidade p\u00fablica\u201d.<\/p>\n\n\n\n<p><strong>Veja abaixo a \u00edntegra do voto relativo ao munic\u00edpio de Marcelino Vieira<\/strong><\/p>\n","protected":false},"excerpt":{"rendered":"<p>O Tribunal de Contas do Estado (TCE\/RN) decidiu que o aumento de subs\u00eddios de prefeitos e vereadores s\u00f3 pode ser implementado a partir de 2022, em raz\u00e3o da Lei Complementar 173\/2020, que proibiu reajustes at\u00e9 dezembro de 2021 para combater os efeitos financeiros da pandemia do coronav\u00edrus. O entendimento foi fixado durante sess\u00f5es da Primeira<br \/><a class=\"more-link\" href=\"https:\/\/justicapotiguar.com.br\/index.php\/2020\/10\/29\/tce-rn-decide-que-aumento-de-prefeitos-e-vereadores-so-pode-ser-pago-em-2022\/\">Mais&#8230;<\/a><\/p>\n","protected":false},"author":5,"featured_media":172,"comment_status":"open","ping_status":"open","sticky":false,"template":"","format":"standard","meta":[],"categories":[3],"tags":[],"_links":{"self":[{"href":"https:\/\/justicapotiguar.com.br\/index.php\/wp-json\/wp\/v2\/posts\/14206"}],"collection":[{"href":"https:\/\/justicapotiguar.com.br\/index.php\/wp-json\/wp\/v2\/posts"}],"about":[{"href":"https:\/\/justicapotiguar.com.br\/index.php\/wp-json\/wp\/v2\/types\/post"}],"author":[{"embeddable":true,"href":"https:\/\/justicapotiguar.com.br\/index.php\/wp-json\/wp\/v2\/users\/5"}],"replies":[{"embeddable":true,"href":"https:\/\/justicapotiguar.com.br\/index.php\/wp-json\/wp\/v2\/comments?post=14206"}],"version-history":[{"count":1,"href":"https:\/\/justicapotiguar.com.br\/index.php\/wp-json\/wp\/v2\/posts\/14206\/revisions"}],"predecessor-version":[{"id":14207,"href":"https:\/\/justicapotiguar.com.br\/index.php\/wp-json\/wp\/v2\/posts\/14206\/revisions\/14207"}],"wp:featuredmedia":[{"embeddable":true,"href":"https:\/\/justicapotiguar.com.br\/index.php\/wp-json\/wp\/v2\/media\/172"}],"wp:attachment":[{"href":"https:\/\/justicapotiguar.com.br\/index.php\/wp-json\/wp\/v2\/media?parent=14206"}],"wp:term":[{"taxonomy":"category","embeddable":true,"href":"https:\/\/justicapotiguar.com.br\/index.php\/wp-json\/wp\/v2\/categories?post=14206"},{"taxonomy":"post_tag","embeddable":true,"href":"https:\/\/justicapotiguar.com.br\/index.php\/wp-json\/wp\/v2\/tags?post=14206"}],"curies":[{"name":"wp","href":"https:\/\/api.w.org\/{rel}","templated":true}]}}