{"id":14204,"date":"2020-10-29T16:30:38","date_gmt":"2020-10-29T19:30:38","guid":{"rendered":"https:\/\/justicapotiguar.com.br\/?p=14204"},"modified":"2020-10-29T14:38:37","modified_gmt":"2020-10-29T17:38:37","slug":"pais-de-jovem-que-fugiu-de-hospital-e-morreu-serao-indenizados-em-r-50-mil-pelo-municipio-de-natal","status":"publish","type":"post","link":"https:\/\/justicapotiguar.com.br\/index.php\/2020\/10\/29\/pais-de-jovem-que-fugiu-de-hospital-e-morreu-serao-indenizados-em-r-50-mil-pelo-municipio-de-natal\/","title":{"rendered":"Pais de jovem que fugiu de hospital e morreu ser\u00e3o indenizados em R$ 50 mil pelo Munic\u00edpio de Natal"},"content":{"rendered":"\n<figure class=\"wp-block-image size-large\"><img loading=\"lazy\" width=\"1024\" height=\"576\" src=\"https:\/\/justicapotiguar.com.br\/wp-content\/uploads\/2019\/09\/brasil-politica-dinheiro-cofre-20131121-01-original3-1024x576.jpeg\" alt=\"\" class=\"wp-image-2031\" srcset=\"https:\/\/justicapotiguar.com.br\/wp-content\/uploads\/2019\/09\/brasil-politica-dinheiro-cofre-20131121-01-original3.jpeg 1024w, https:\/\/justicapotiguar.com.br\/wp-content\/uploads\/2019\/09\/brasil-politica-dinheiro-cofre-20131121-01-original3-300x169.jpeg 300w, https:\/\/justicapotiguar.com.br\/wp-content\/uploads\/2019\/09\/brasil-politica-dinheiro-cofre-20131121-01-original3-768x432.jpeg 768w\" sizes=\"(max-width: 1024px) 100vw, 1024px\" \/><figcaption>Reprodu\u00e7\u00e3o <\/figcaption><\/figure>\n\n\n\n<p>A 3\u00aa C\u00e2mara C\u00edvel, \u00e0 unanimidade de votos, manteve a condena\u00e7\u00e3o do Munic\u00edpio de Natal a pagar aos pais de um jovem, menor de idade, indeniza\u00e7\u00e3o por danos morais no valor de R$ 50 mil, para cada um, em virtude do falecimento do rapaz ocorrido em decorr\u00eancia de sua fuga, enquanto paciente, de dentro das depend\u00eancias de uma unidade hospitalar do Munic\u00edpio. Ap\u00f3s a fuga, o jovem cometeu suic\u00eddio.<\/p>\n\n\n\n<p>A senten\u00e7a de primeiro grau que foi mantida pelo Tribunal de Justi\u00e7a tamb\u00e9m condenou o ente p\u00fablico em danos materiais, no que diz respeito \u00e0 pens\u00e3o, devendo ser paga no valor de 2\/3 do sal\u00e1rio m\u00ednimo at\u00e9 a data em que o jovem completaria 25 anos, reduzindo para 1\/3 at\u00e9 a data em completaria 65 anos, al\u00e9m dos danos materiais, no valor de R$ 2.500,00, referentes aos gastos com o funeral.<\/p>\n\n\n\n<p>Consta nos autos que o adolescente sofria de depress\u00e3o severa e transtorno de personalidade borderline, h\u00e1 pelo menos dois anos na data do ocorrido e que ele tomava v\u00e1rios medicamentos para tratamento da doen\u00e7a e j\u00e1 teria tentado suic\u00eddio, vindo a se internar para tratamento psiqui\u00e1trico v\u00e1rias vezes.<\/p>\n\n\n\n<p>O rapaz, na \u00e9poca com 16 anos, foi internado em 19 de agosto de 2017, ap\u00f3s mais uma tentativa de suic\u00eddio, no entanto, fugiu do hospital no dia seguinte, ou seja, em 20 de agosto daquele ano, aproveitando-se da aus\u00eancia de seu acompanhante, que teria ido ao banheiro.<\/p>\n\n\n\n<p>Os pais do adolescente informaram que come\u00e7aram a procurar o filho imediatamente, n\u00e3o obtendo sucesso. No dia seguinte, 21 de agosto de 2017, o rapaz foi encontrado sem vida no quebra mar da praia da redinha, ap\u00f3s ter se jogado da ponte Newton Navarro.<\/p>\n\n\n\n<p>Eles entendem que o fato ocorrido com seu filho foi de extrema responsabilidade da unidade, por neglig\u00eancia de seus funcion\u00e1rios que falharam na vigil\u00e2ncia do menor com enfermidades mentais e n\u00e3o tomaram provid\u00eancias quando da sua fuga.<\/p><div class=\"wxtto69f2bb05c6fd9\" ><!--<a href=\"https:\/\/bit.ly\/3QdrqTZ\" target=\"_blank\">\n<img src=\"https:\/\/justicapotiguar.com.br\/wp-content\/uploads\/2023\/09\/mobile-geral.gif\"\/><a\/>--><\/div><style type=\"text\/css\">\r\n.wxtto69f2bb05c6fd9 {\r\ntext-align: center;\r\n}\r\n@media screen and (min-width: 1201px) {\r\n.wxtto69f2bb05c6fd9 {\r\ndisplay: none;\r\n}\r\n}\r\n@media screen and (min-width: 993px) and (max-width: 1200px) {\r\n.wxtto69f2bb05c6fd9 {\r\ndisplay: none;\r\n}\r\n}\r\n@media screen and (min-width: 769px) and (max-width: 992px) {\r\n.wxtto69f2bb05c6fd9 {\r\ndisplay: none;\r\n}\r\n}\r\n@media screen and (min-width: 768px) and (max-width: 768px) {\r\n.wxtto69f2bb05c6fd9 {\r\ndisplay: block;\r\n}\r\n}\r\n@media screen and (max-width: 767px) {\r\n.wxtto69f2bb05c6fd9 {\r\ndisplay: block;\r\n}\r\n}\r\n<\/style>\r\n<div class=\"tucab69f2bb05c6fbf\" ><!--<a href=\"https:\/\/bit.ly\/3QdrqTZ\" target=\"_blank\">\n<img src=\"https:\/\/justicapotiguar.com.br\/wp-content\/uploads\/2023\/09\/desktop-geral.gif\"\/><a\/>--><\/div><style type=\"text\/css\">\r\n.tucab69f2bb05c6fbf {\r\ntext-align: center;\nmargin-bottom: 1em;\r\n}\r\n@media screen and (min-width: 1201px) {\r\n.tucab69f2bb05c6fbf {\r\ndisplay: block;\r\n}\r\n}\r\n@media screen and (min-width: 993px) and (max-width: 1200px) {\r\n.tucab69f2bb05c6fbf {\r\ndisplay: block;\r\n}\r\n}\r\n@media screen and (min-width: 769px) and (max-width: 992px) {\r\n.tucab69f2bb05c6fbf {\r\ndisplay: block;\r\n}\r\n}\r\n@media screen and (min-width: 768px) and (max-width: 768px) {\r\n.tucab69f2bb05c6fbf {\r\ndisplay: none;\r\n}\r\n}\r\n@media screen and (max-width: 767px) {\r\n.tucab69f2bb05c6fbf {\r\ndisplay: none;\r\n}\r\n}\r\n<\/style>\r\n\n\n\n\n<p><strong>Defesa<\/strong><\/p>\n\n\n\n<p>Inconformado com a senten\u00e7a condenat\u00f3ria, o Munic\u00edpio de Natal recorreu ao Tribunal de Justi\u00e7a com o objetivo de modificar a sua condena\u00e7\u00e3o. Assim, na pe\u00e7a recursal, a municipalidade defendeu que, quando se tratar de atos omissivos estatais, a responsabilidade estatal ser\u00e1 subjetiva.<\/p>\n\n\n\n<p>Afirmou que o \u201cEstado\u201d n\u00e3o seria, propriamente, o autor do dano e sua omiss\u00e3o ou defici\u00eancia constituiria condi\u00e7\u00e3o do dano, esta considerada como um evento que n\u00e3o ocorreu, mas se tivesse ocorrido seria capaz de impedir o resultado. Argumentou o Poder P\u00fablico Municipal que n\u00e3o seria razo\u00e1vel o \u201cEstado\u201d responder objetivamente por um dano que, a rigor, n\u00e3o causou, mas apenas n\u00e3o atuou no sentido de impedi-lo.<\/p>\n\n\n\n<p><strong>Omiss\u00e3o<\/strong><\/p>\n\n\n\n<p>Para o juiz convocado Eduardo Pinheiro, ficou devidamente demonstrado nos autos que o resultado danoso decorreu de conduta omissiva do ente p\u00fablico, ao faltar com seu dever de vigil\u00e2ncia do paciente, e por isto, ficou configurada a responsabilidade do ente p\u00fablico em arcar com os danos causados. \u201cEntendida a mat\u00e9ria sob estes par\u00e2metros, emerge patente o preju\u00edzo moral experimentado, inexistindo raz\u00f5es que demandem a reforma da senten\u00e7a neste sentido\u201d, disse.<\/p>\n\n\n\n<p>E manteve a senten\u00e7a afirmando que \u201cIn casu, revendo meu posicionamento e atento \u00e0s peculiaridades do caso concreto, levando-se em conta a intensidade do sofrimento, a gravidade, a natureza e a repercuss\u00e3o do evento morte, entendo que o valor indenizat\u00f3rio fixado na primeira inst\u00e2ncia reputa-se razo\u00e1vel\u201d.<\/p>\n","protected":false},"excerpt":{"rendered":"<p>A 3\u00aa C\u00e2mara C\u00edvel, \u00e0 unanimidade de votos, manteve a condena\u00e7\u00e3o do Munic\u00edpio de Natal a pagar aos pais de um jovem, menor de idade, indeniza\u00e7\u00e3o por danos morais no valor de R$ 50 mil, para cada um, em virtude do falecimento do rapaz ocorrido em decorr\u00eancia de sua fuga, enquanto paciente, de dentro das<br \/><a class=\"more-link\" href=\"https:\/\/justicapotiguar.com.br\/index.php\/2020\/10\/29\/pais-de-jovem-que-fugiu-de-hospital-e-morreu-serao-indenizados-em-r-50-mil-pelo-municipio-de-natal\/\">Mais&#8230;<\/a><\/p>\n","protected":false},"author":5,"featured_media":2031,"comment_status":"open","ping_status":"open","sticky":false,"template":"","format":"standard","meta":[],"categories":[3],"tags":[],"_links":{"self":[{"href":"https:\/\/justicapotiguar.com.br\/index.php\/wp-json\/wp\/v2\/posts\/14204"}],"collection":[{"href":"https:\/\/justicapotiguar.com.br\/index.php\/wp-json\/wp\/v2\/posts"}],"about":[{"href":"https:\/\/justicapotiguar.com.br\/index.php\/wp-json\/wp\/v2\/types\/post"}],"author":[{"embeddable":true,"href":"https:\/\/justicapotiguar.com.br\/index.php\/wp-json\/wp\/v2\/users\/5"}],"replies":[{"embeddable":true,"href":"https:\/\/justicapotiguar.com.br\/index.php\/wp-json\/wp\/v2\/comments?post=14204"}],"version-history":[{"count":1,"href":"https:\/\/justicapotiguar.com.br\/index.php\/wp-json\/wp\/v2\/posts\/14204\/revisions"}],"predecessor-version":[{"id":14205,"href":"https:\/\/justicapotiguar.com.br\/index.php\/wp-json\/wp\/v2\/posts\/14204\/revisions\/14205"}],"wp:featuredmedia":[{"embeddable":true,"href":"https:\/\/justicapotiguar.com.br\/index.php\/wp-json\/wp\/v2\/media\/2031"}],"wp:attachment":[{"href":"https:\/\/justicapotiguar.com.br\/index.php\/wp-json\/wp\/v2\/media?parent=14204"}],"wp:term":[{"taxonomy":"category","embeddable":true,"href":"https:\/\/justicapotiguar.com.br\/index.php\/wp-json\/wp\/v2\/categories?post=14204"},{"taxonomy":"post_tag","embeddable":true,"href":"https:\/\/justicapotiguar.com.br\/index.php\/wp-json\/wp\/v2\/tags?post=14204"}],"curies":[{"name":"wp","href":"https:\/\/api.w.org\/{rel}","templated":true}]}}