{"id":14199,"date":"2020-10-29T13:56:43","date_gmt":"2020-10-29T16:56:43","guid":{"rendered":"https:\/\/justicapotiguar.com.br\/?p=14199"},"modified":"2020-10-29T13:56:43","modified_gmt":"2020-10-29T16:56:43","slug":"tj-eleva-para-r-100-mil-indenizacao-para-pais-que-perderam-filha-vitima-de-acidente-de-transito-na-br-101","status":"publish","type":"post","link":"https:\/\/justicapotiguar.com.br\/index.php\/2020\/10\/29\/tj-eleva-para-r-100-mil-indenizacao-para-pais-que-perderam-filha-vitima-de-acidente-de-transito-na-br-101\/","title":{"rendered":"TJ eleva para R$ 100 mil indeniza\u00e7\u00e3o para pais que perderam filha v\u00edtima de acidente de tr\u00e2nsito na BR-101"},"content":{"rendered":"\n<figure class=\"wp-block-image size-large\"><img loading=\"lazy\" width=\"700\" height=\"394\" src=\"https:\/\/justicapotiguar.com.br\/wp-content\/uploads\/2020\/10\/images-31.jpeg\" alt=\"\" class=\"wp-image-14200\" srcset=\"https:\/\/justicapotiguar.com.br\/wp-content\/uploads\/2020\/10\/images-31.jpeg 700w, https:\/\/justicapotiguar.com.br\/wp-content\/uploads\/2020\/10\/images-31-300x169.jpeg 300w\" sizes=\"(max-width: 700px) 100vw, 700px\" \/><figcaption>Ilustrativa <\/figcaption><\/figure>\n\n\n\n<p>A 3\u00aa C\u00e2mara C\u00edvel do Tribunal de Justi\u00e7a, \u00e0 unanimidade de votos, aumentou o valor da condena\u00e7\u00e3o de indeniza\u00e7\u00e3o por danos morais em favor dos pais de uma estudante, \u00fanica filha deles, que faleceu em um acidente de tr\u00e2nsito provocado por um empres\u00e1rio, que ao conduzir o seu ve\u00edculo, uma caminhoneta Nissan\/Frontier de forma perigosa e em alta velocidade, realizou uma ultrapassagem, colidindo de frente com um Fiat Uno Mille Smart, que atingiu o ve\u00edculo onde a jovem se encontrava, provocando o capotamento deste.<\/p>\n\n\n\n<p>O fato aconteceu no dia 23 de janeiro de 2011, por volta das 04h10min, na BR 101, pr\u00f3ximo da rotat\u00f3ria da Ambev, no km 72, no Munic\u00edpio de Extremoz, quando a v\u00edtima estava utilizando-se de um t\u00e1xi (um P\u00e1lio Weekend) para retornar para Natal quando foi atingido pelo Fiat Uno. No t\u00e1xi estavam mais duas jovens, por\u00e9m, com o capotamento, o corpo da filha dos autores foi arremessado para fora do ve\u00edculo, sendo bastante lesionada, o que culminou com a sua morte no dia 02 de fevereiro de 2011.<\/p>\n\n\n\n<p>Ao analisarem o recurso dos autores da a\u00e7\u00e3o, os desembargadores da 3\u00aa C\u00e2mara C\u00edvel atenderam ao pedido autoral e majoraram o valor indenizat\u00f3rio de R$ 20 mil para cada um dos pais para R$ 100 mil, quantia a ser dividida por ambos. Para a majora\u00e7\u00e3o, foi considerado, especialmente, o fato de a morte da filha dos autores ter sido provocada por acidente de tr\u00e2nsito, bem como os par\u00e2metros adotados pelo Tribunal de Justi\u00e7a, lastreado pelo princ\u00edpio da razoabilidade.<\/p>\n\n\n\n<p>No recurso contra a senten\u00e7a proferida pela 15\u00aa Vara C\u00edvel de Natal, os autores apenas requereram a eleva\u00e7\u00e3o do valor arbitrado a t\u00edtulo de danos morais por entender que n\u00e3o atendeu aos princ\u00edpios da proporcionalidade e da razoabilidade.<\/p>\n\n\n\n<p><strong>Aprecia\u00e7\u00e3o em 2\u00aa inst\u00e2ncia<\/strong><\/p><div class=\"squdp69f2b0579b77a\" ><!--<a href=\"https:\/\/bit.ly\/3QdrqTZ\" target=\"_blank\">\n<img src=\"https:\/\/justicapotiguar.com.br\/wp-content\/uploads\/2023\/09\/mobile-geral.gif\"\/><a\/>--><\/div><style type=\"text\/css\">\r\n.squdp69f2b0579b77a {\r\ntext-align: center;\r\n}\r\n@media screen and (min-width: 1201px) {\r\n.squdp69f2b0579b77a {\r\ndisplay: none;\r\n}\r\n}\r\n@media screen and (min-width: 993px) and (max-width: 1200px) {\r\n.squdp69f2b0579b77a {\r\ndisplay: none;\r\n}\r\n}\r\n@media screen and (min-width: 769px) and (max-width: 992px) {\r\n.squdp69f2b0579b77a {\r\ndisplay: none;\r\n}\r\n}\r\n@media screen and (min-width: 768px) and (max-width: 768px) {\r\n.squdp69f2b0579b77a {\r\ndisplay: block;\r\n}\r\n}\r\n@media screen and (max-width: 767px) {\r\n.squdp69f2b0579b77a {\r\ndisplay: block;\r\n}\r\n}\r\n<\/style>\r\n<div class=\"gaudj69f2b0579b764\" ><!--<a href=\"https:\/\/bit.ly\/3QdrqTZ\" target=\"_blank\">\n<img src=\"https:\/\/justicapotiguar.com.br\/wp-content\/uploads\/2023\/09\/desktop-geral.gif\"\/><a\/>--><\/div><style type=\"text\/css\">\r\n.gaudj69f2b0579b764 {\r\ntext-align: center;\nmargin-bottom: 1em;\r\n}\r\n@media screen and (min-width: 1201px) {\r\n.gaudj69f2b0579b764 {\r\ndisplay: block;\r\n}\r\n}\r\n@media screen and (min-width: 993px) and (max-width: 1200px) {\r\n.gaudj69f2b0579b764 {\r\ndisplay: block;\r\n}\r\n}\r\n@media screen and (min-width: 769px) and (max-width: 992px) {\r\n.gaudj69f2b0579b764 {\r\ndisplay: block;\r\n}\r\n}\r\n@media screen and (min-width: 768px) and (max-width: 768px) {\r\n.gaudj69f2b0579b764 {\r\ndisplay: none;\r\n}\r\n}\r\n@media screen and (max-width: 767px) {\r\n.gaudj69f2b0579b764 {\r\ndisplay: none;\r\n}\r\n}\r\n<\/style>\r\n\n\n\n\n<p>Ao analisar o recurso, o recurso, desembargador Vivaldo Pinheiro, verificou ser incontroverso a exist\u00eancia do acidente ocorrido em 23 de janeiro de 2011, que vitimou a filha dos autores, em raz\u00e3o da conduta imprudente do r\u00e9u da a\u00e7\u00e3o. \u201cSendo assim, acerca do pleito recursal, ou seja, necessidade de majora\u00e7\u00e3o do quantum indenizat\u00f3rio, penso merecer prosperar\u201d, ponderou.<\/p>\n\n\n\n<p>Ele ressaltou que o abalo moral suportado pelos familiares do acidentado caracteriza-se por ser presum\u00edvel o dano experimentado, especialmente no caso analisado, diante da perda s\u00fabita da jovem, sinistro que acarretou aos pais perdas imensur\u00e1veis.<\/p>\n\n\n\n<p>Esclareceu que no momento da fixa\u00e7\u00e3o do dano moral o julgador, diante do caso concreto, deve utilizar-se do crit\u00e9rio que melhor possa representar os princ\u00edpios de eq\u00fcidade e de Justi\u00e7a, levando-se em conta as condi\u00e7\u00f5es em amplo sentido do ofensor e ofendido, como tamb\u00e9m a potencialidade da ofensa, a sua perman\u00eancia e seus reflexos no presente e no futuro.<\/p>\n\n\n\n<p>\u201c\u00c9 cedi\u00e7o, tamb\u00e9m, que o valor arbitrado, a t\u00edtulo de indeniza\u00e7\u00e3o, deve compensar a dor sofrida pela v\u00edtima, punir o ofensor e desestimular a ocorr\u00eancia de outros epis\u00f3dios dessa natureza, e n\u00e3o pode gerar enriquecimento il\u00edcito, mas tamb\u00e9m n\u00e3o pode ser \u00ednfimo, ao ponto de n\u00e3o atender ao seu car\u00e1ter preventivo\u201d, explicou, entendendo que o valor arbitrado a t\u00edtulo de danos morais em R$ 20 mil para cada um dos autores foi aqu\u00e9m do razo\u00e1vel, estando inclusive, abaixo dos patamares praticados no TJ.<\/p>\n","protected":false},"excerpt":{"rendered":"<p>A 3\u00aa C\u00e2mara C\u00edvel do Tribunal de Justi\u00e7a, \u00e0 unanimidade de votos, aumentou o valor da condena\u00e7\u00e3o de indeniza\u00e7\u00e3o por danos morais em favor dos pais de uma estudante, \u00fanica filha deles, que faleceu em um acidente de tr\u00e2nsito provocado por um empres\u00e1rio, que ao conduzir o seu ve\u00edculo, uma caminhoneta Nissan\/Frontier de forma perigosa<br \/><a class=\"more-link\" href=\"https:\/\/justicapotiguar.com.br\/index.php\/2020\/10\/29\/tj-eleva-para-r-100-mil-indenizacao-para-pais-que-perderam-filha-vitima-de-acidente-de-transito-na-br-101\/\">Mais&#8230;<\/a><\/p>\n","protected":false},"author":5,"featured_media":14200,"comment_status":"open","ping_status":"open","sticky":false,"template":"","format":"standard","meta":[],"categories":[3],"tags":[],"_links":{"self":[{"href":"https:\/\/justicapotiguar.com.br\/index.php\/wp-json\/wp\/v2\/posts\/14199"}],"collection":[{"href":"https:\/\/justicapotiguar.com.br\/index.php\/wp-json\/wp\/v2\/posts"}],"about":[{"href":"https:\/\/justicapotiguar.com.br\/index.php\/wp-json\/wp\/v2\/types\/post"}],"author":[{"embeddable":true,"href":"https:\/\/justicapotiguar.com.br\/index.php\/wp-json\/wp\/v2\/users\/5"}],"replies":[{"embeddable":true,"href":"https:\/\/justicapotiguar.com.br\/index.php\/wp-json\/wp\/v2\/comments?post=14199"}],"version-history":[{"count":1,"href":"https:\/\/justicapotiguar.com.br\/index.php\/wp-json\/wp\/v2\/posts\/14199\/revisions"}],"predecessor-version":[{"id":14201,"href":"https:\/\/justicapotiguar.com.br\/index.php\/wp-json\/wp\/v2\/posts\/14199\/revisions\/14201"}],"wp:featuredmedia":[{"embeddable":true,"href":"https:\/\/justicapotiguar.com.br\/index.php\/wp-json\/wp\/v2\/media\/14200"}],"wp:attachment":[{"href":"https:\/\/justicapotiguar.com.br\/index.php\/wp-json\/wp\/v2\/media?parent=14199"}],"wp:term":[{"taxonomy":"category","embeddable":true,"href":"https:\/\/justicapotiguar.com.br\/index.php\/wp-json\/wp\/v2\/categories?post=14199"},{"taxonomy":"post_tag","embeddable":true,"href":"https:\/\/justicapotiguar.com.br\/index.php\/wp-json\/wp\/v2\/tags?post=14199"}],"curies":[{"name":"wp","href":"https:\/\/api.w.org\/{rel}","templated":true}]}}