{"id":14197,"date":"2020-10-29T11:49:01","date_gmt":"2020-10-29T14:49:01","guid":{"rendered":"https:\/\/justicapotiguar.com.br\/?p=14197"},"modified":"2020-10-29T10:49:15","modified_gmt":"2020-10-29T13:49:15","slug":"advogados-sao-assassinados-dentro-de-escritorio-em-goiania","status":"publish","type":"post","link":"https:\/\/justicapotiguar.com.br\/index.php\/2020\/10\/29\/advogados-sao-assassinados-dentro-de-escritorio-em-goiania\/","title":{"rendered":"Advogados s\u00e3o assassinados dentro de escrit\u00f3rio em Goi\u00e2nia"},"content":{"rendered":"\n<p>Dois advogados foram assassinados dentro do escrit\u00f3rio nesta quarta-feira,28, em Goi\u00e2nia. Uma das v\u00edtimas, Marcus Apr\u00edgio Chaves, \u00e9 filho do desembargador do TJ\/GO, Leobino Valente Chaves.&nbsp;A outra v\u00edtima \u00e9 o advogado Frank Alessandro Carvalhaes de Assis.<\/p>\n\n\n\n<figure class=\"wp-block-image size-large\"><img loading=\"lazy\" width=\"760\" height=\"506\" src=\"https:\/\/justicapotiguar.com.br\/wp-content\/uploads\/2019\/09\/tiro.jpg\" alt=\"\" class=\"wp-image-2390\" srcset=\"https:\/\/justicapotiguar.com.br\/wp-content\/uploads\/2019\/09\/tiro.jpg 760w, https:\/\/justicapotiguar.com.br\/wp-content\/uploads\/2019\/09\/tiro-300x200.jpg 300w\" sizes=\"(max-width: 760px) 100vw, 760px\" \/><figcaption>Ilustrativa<\/figcaption><\/figure>\n\n\n\n<p>O crime ocorreu por volta das 14h30. Segundo a Pol\u00edcia Militar, dois homens marcaram hor\u00e1rio de atendimento no escrit\u00f3rio e, ap\u00f3s serem chamados, dispararam tiros contra as v\u00edtimas. A secret\u00e1ria, que havia levado os homens at\u00e9 a sala, correu ap\u00f3s ouvir os tiros e testemunhas afirmam que os criminosos fugiram do local em um carro branco. A Pol\u00edcia Civil apura o caso.&nbsp;<\/p>\n\n\n\n<p>Pelo acontecimento, o presidente do TJ\/GO, desembargador Walter Carlos Lemes, decretou luto oficial no Poder Judici\u00e1rio desta quarta-feira at\u00e9 sexta-feira,30. Lemes tamb\u00e9m prestou condol\u00eancias pelo falecimento dos advogados e afirmou que &#8220;ao longo de suas carreiras, prestaram relevantes servi\u00e7os \u00e0 Justi\u00e7a goiana&#8221;.<\/p>\n\n\n\n<p>A OAB\/GO tamb\u00e9m lamentou o ocorrido e manifestou&nbsp;profundo rep\u00fadio \u00e0 crescente escalada de viol\u00eancia contra a advocacia e cobrou das autoridades competentes &#8220;<em>c\u00e9lere elucida\u00e7\u00e3o, para que os respons\u00e1veis sejam levados \u00e0s barras da Justi\u00e7a e exemplarmente punidos<\/em>&#8220;.<\/p><div class=\"tgbej69f2b0561c1a2\" ><!--<a href=\"https:\/\/bit.ly\/3QdrqTZ\" target=\"_blank\">\n<img src=\"https:\/\/justicapotiguar.com.br\/wp-content\/uploads\/2023\/09\/mobile-geral.gif\"\/><a\/>--><\/div><style type=\"text\/css\">\r\n.tgbej69f2b0561c1a2 {\r\ntext-align: center;\r\n}\r\n@media screen and (min-width: 1201px) {\r\n.tgbej69f2b0561c1a2 {\r\ndisplay: none;\r\n}\r\n}\r\n@media screen and (min-width: 993px) and (max-width: 1200px) {\r\n.tgbej69f2b0561c1a2 {\r\ndisplay: none;\r\n}\r\n}\r\n@media screen and (min-width: 769px) and (max-width: 992px) {\r\n.tgbej69f2b0561c1a2 {\r\ndisplay: none;\r\n}\r\n}\r\n@media screen and (min-width: 768px) and (max-width: 768px) {\r\n.tgbej69f2b0561c1a2 {\r\ndisplay: block;\r\n}\r\n}\r\n@media screen and (max-width: 767px) {\r\n.tgbej69f2b0561c1a2 {\r\ndisplay: block;\r\n}\r\n}\r\n<\/style>\r\n<div class=\"jfjqe69f2b0561c188\" ><!--<a href=\"https:\/\/bit.ly\/3QdrqTZ\" target=\"_blank\">\n<img src=\"https:\/\/justicapotiguar.com.br\/wp-content\/uploads\/2023\/09\/desktop-geral.gif\"\/><a\/>--><\/div><style type=\"text\/css\">\r\n.jfjqe69f2b0561c188 {\r\ntext-align: center;\nmargin-bottom: 1em;\r\n}\r\n@media screen and (min-width: 1201px) {\r\n.jfjqe69f2b0561c188 {\r\ndisplay: block;\r\n}\r\n}\r\n@media screen and (min-width: 993px) and (max-width: 1200px) {\r\n.jfjqe69f2b0561c188 {\r\ndisplay: block;\r\n}\r\n}\r\n@media screen and (min-width: 769px) and (max-width: 992px) {\r\n.jfjqe69f2b0561c188 {\r\ndisplay: block;\r\n}\r\n}\r\n@media screen and (min-width: 768px) and (max-width: 768px) {\r\n.jfjqe69f2b0561c188 {\r\ndisplay: none;\r\n}\r\n}\r\n@media screen and (max-width: 767px) {\r\n.jfjqe69f2b0561c188 {\r\ndisplay: none;\r\n}\r\n}\r\n<\/style>\r\n\n\n\n\n<p>A seccional afirmou que as caracter\u00edsticas do crime, que sugerem premedita\u00e7\u00e3o, s\u00e3o chocantes e agravam o horror da ignom\u00ednia.<\/p>\n\n\n\n<p><em>&#8220;As informa\u00e7\u00f5es iniciais d\u00e3o conta de que criminosos marcaram antecipadamente uma entrevista com os advogados, entraram no escrit\u00f3rio, sentaram-se calmamente e dispararam dois tiros contra cada uma das v\u00edtimas, sem qualquer chance de defesa.&#8221;<\/em><\/p>\n\n\n\n<p>A sess\u00e3o da OAB\/GO, que definia a lista s\u00eaxtupla do Quinto Constitucional de Advocacia, precisou ser suspensa por 15 minutos ap\u00f3s a not\u00edcia.<\/p>\n\n\n\n<p>Migalhas<\/p>\n","protected":false},"excerpt":{"rendered":"<p>Dois advogados foram assassinados dentro do escrit\u00f3rio nesta quarta-feira,28, em Goi\u00e2nia. Uma das v\u00edtimas, Marcus Apr\u00edgio Chaves, \u00e9 filho do desembargador do TJ\/GO, Leobino Valente Chaves.&nbsp;A outra v\u00edtima \u00e9 o advogado Frank Alessandro Carvalhaes de Assis. O crime ocorreu por volta das 14h30. Segundo a Pol\u00edcia Militar, dois homens marcaram hor\u00e1rio de atendimento no escrit\u00f3rio<br \/><a class=\"more-link\" href=\"https:\/\/justicapotiguar.com.br\/index.php\/2020\/10\/29\/advogados-sao-assassinados-dentro-de-escritorio-em-goiania\/\">Mais&#8230;<\/a><\/p>\n","protected":false},"author":5,"featured_media":2390,"comment_status":"open","ping_status":"open","sticky":false,"template":"","format":"standard","meta":[],"categories":[3],"tags":[],"_links":{"self":[{"href":"https:\/\/justicapotiguar.com.br\/index.php\/wp-json\/wp\/v2\/posts\/14197"}],"collection":[{"href":"https:\/\/justicapotiguar.com.br\/index.php\/wp-json\/wp\/v2\/posts"}],"about":[{"href":"https:\/\/justicapotiguar.com.br\/index.php\/wp-json\/wp\/v2\/types\/post"}],"author":[{"embeddable":true,"href":"https:\/\/justicapotiguar.com.br\/index.php\/wp-json\/wp\/v2\/users\/5"}],"replies":[{"embeddable":true,"href":"https:\/\/justicapotiguar.com.br\/index.php\/wp-json\/wp\/v2\/comments?post=14197"}],"version-history":[{"count":1,"href":"https:\/\/justicapotiguar.com.br\/index.php\/wp-json\/wp\/v2\/posts\/14197\/revisions"}],"predecessor-version":[{"id":14198,"href":"https:\/\/justicapotiguar.com.br\/index.php\/wp-json\/wp\/v2\/posts\/14197\/revisions\/14198"}],"wp:featuredmedia":[{"embeddable":true,"href":"https:\/\/justicapotiguar.com.br\/index.php\/wp-json\/wp\/v2\/media\/2390"}],"wp:attachment":[{"href":"https:\/\/justicapotiguar.com.br\/index.php\/wp-json\/wp\/v2\/media?parent=14197"}],"wp:term":[{"taxonomy":"category","embeddable":true,"href":"https:\/\/justicapotiguar.com.br\/index.php\/wp-json\/wp\/v2\/categories?post=14197"},{"taxonomy":"post_tag","embeddable":true,"href":"https:\/\/justicapotiguar.com.br\/index.php\/wp-json\/wp\/v2\/tags?post=14197"}],"curies":[{"name":"wp","href":"https:\/\/api.w.org\/{rel}","templated":true}]}}