{"id":14184,"date":"2020-10-29T08:53:17","date_gmt":"2020-10-29T11:53:17","guid":{"rendered":"https:\/\/justicapotiguar.com.br\/?p=14184"},"modified":"2020-10-30T09:12:23","modified_gmt":"2020-10-30T12:12:23","slug":"stf-nega-recurso-e-estado-vai-ter-que-pagar-salarios-atrasados-com-juros-e-ainda-multa-de-5-com-valor-atualizado","status":"publish","type":"post","link":"https:\/\/justicapotiguar.com.br\/index.php\/2020\/10\/29\/stf-nega-recurso-e-estado-vai-ter-que-pagar-salarios-atrasados-com-juros-e-ainda-multa-de-5-com-valor-atualizado\/","title":{"rendered":"STF nega recurso e Estado vai ter que pagar sal\u00e1rios atrasados com juros e ainda multa de 5% com valor atualizado"},"content":{"rendered":"\n<p>O Plen\u00e1rio do Supremo Tribunal Federal negou recurso do Governo do Estado contra a decis\u00e3o de pagar os sal\u00e1rios atrasados dos servidores do Estado com juros e corre\u00e7\u00f5es.<\/p>\n\n\n\n<figure class=\"wp-block-image size-large\"><img loading=\"lazy\" width=\"390\" height=\"290\" src=\"https:\/\/justicapotiguar.com.br\/wp-content\/uploads\/2020\/03\/stf-stf-1.jpeg\" alt=\"\" class=\"wp-image-7377\" srcset=\"https:\/\/justicapotiguar.com.br\/wp-content\/uploads\/2020\/03\/stf-stf-1.jpeg 390w, https:\/\/justicapotiguar.com.br\/wp-content\/uploads\/2020\/03\/stf-stf-1-300x223.jpeg 300w\" sizes=\"(max-width: 390px) 100vw, 390px\" \/><figcaption>Reprodu\u00e7\u00e3o<\/figcaption><\/figure>\n\n\n\n<p>Al\u00e9m de manter a \u00edntegra da decis\u00e3o do ministro Dias Toffoli, a unanimidade do Plen\u00e1rio aplicou uma multa de 5% no valor atualizado da causa.<\/p><div class=\"pwcmi69f2b05597e9e\" ><!--<a href=\"https:\/\/bit.ly\/3QdrqTZ\" target=\"_blank\">\n<img src=\"https:\/\/justicapotiguar.com.br\/wp-content\/uploads\/2023\/09\/mobile-geral.gif\"\/><a\/>--><\/div><style type=\"text\/css\">\r\n.pwcmi69f2b05597e9e {\r\ntext-align: center;\r\n}\r\n@media screen and (min-width: 1201px) {\r\n.pwcmi69f2b05597e9e {\r\ndisplay: none;\r\n}\r\n}\r\n@media screen and (min-width: 993px) and (max-width: 1200px) {\r\n.pwcmi69f2b05597e9e {\r\ndisplay: none;\r\n}\r\n}\r\n@media screen and (min-width: 769px) and (max-width: 992px) {\r\n.pwcmi69f2b05597e9e {\r\ndisplay: none;\r\n}\r\n}\r\n@media screen and (min-width: 768px) and (max-width: 768px) {\r\n.pwcmi69f2b05597e9e {\r\ndisplay: block;\r\n}\r\n}\r\n@media screen and (max-width: 767px) {\r\n.pwcmi69f2b05597e9e {\r\ndisplay: block;\r\n}\r\n}\r\n<\/style>\r\n<div class=\"lbfdz69f2b05597e84\" ><!--<a href=\"https:\/\/bit.ly\/3QdrqTZ\" target=\"_blank\">\n<img src=\"https:\/\/justicapotiguar.com.br\/wp-content\/uploads\/2023\/09\/desktop-geral.gif\"\/><a\/>--><\/div><style type=\"text\/css\">\r\n.lbfdz69f2b05597e84 {\r\ntext-align: center;\nmargin-bottom: 1em;\r\n}\r\n@media screen and (min-width: 1201px) {\r\n.lbfdz69f2b05597e84 {\r\ndisplay: block;\r\n}\r\n}\r\n@media screen and (min-width: 993px) and (max-width: 1200px) {\r\n.lbfdz69f2b05597e84 {\r\ndisplay: block;\r\n}\r\n}\r\n@media screen and (min-width: 769px) and (max-width: 992px) {\r\n.lbfdz69f2b05597e84 {\r\ndisplay: block;\r\n}\r\n}\r\n@media screen and (min-width: 768px) and (max-width: 768px) {\r\n.lbfdz69f2b05597e84 {\r\ndisplay: none;\r\n}\r\n}\r\n@media screen and (max-width: 767px) {\r\n.lbfdz69f2b05597e84 {\r\ndisplay: none;\r\n}\r\n}\r\n<\/style>\r\n\n\n\n\n<p>A decis\u00e3o se refere a causa movida por alguns servidores e atinge apenas os autores. <\/p>\n\n\n\n<figure class=\"wp-block-image size-large\"><img loading=\"lazy\" width=\"696\" height=\"469\" src=\"https:\/\/justicapotiguar.com.br\/wp-content\/uploads\/2020\/10\/IMG-20201029-WA0004.jpg\" alt=\"\" class=\"wp-image-14189\" srcset=\"https:\/\/justicapotiguar.com.br\/wp-content\/uploads\/2020\/10\/IMG-20201029-WA0004.jpg 696w, https:\/\/justicapotiguar.com.br\/wp-content\/uploads\/2020\/10\/IMG-20201029-WA0004-300x202.jpg 300w\" sizes=\"(max-width: 696px) 100vw, 696px\" \/><\/figure>\n","protected":false},"excerpt":{"rendered":"<p>O Plen\u00e1rio do Supremo Tribunal Federal negou recurso do Governo do Estado contra a decis\u00e3o de pagar os sal\u00e1rios atrasados dos servidores do Estado com juros e corre\u00e7\u00f5es. Al\u00e9m de manter a \u00edntegra da decis\u00e3o do ministro Dias Toffoli, a unanimidade do Plen\u00e1rio aplicou uma multa de 5% no valor atualizado da causa. A decis\u00e3o<br \/><a class=\"more-link\" href=\"https:\/\/justicapotiguar.com.br\/index.php\/2020\/10\/29\/stf-nega-recurso-e-estado-vai-ter-que-pagar-salarios-atrasados-com-juros-e-ainda-multa-de-5-com-valor-atualizado\/\">Mais&#8230;<\/a><\/p>\n","protected":false},"author":5,"featured_media":7377,"comment_status":"open","ping_status":"open","sticky":false,"template":"","format":"standard","meta":[],"categories":[3],"tags":[],"_links":{"self":[{"href":"https:\/\/justicapotiguar.com.br\/index.php\/wp-json\/wp\/v2\/posts\/14184"}],"collection":[{"href":"https:\/\/justicapotiguar.com.br\/index.php\/wp-json\/wp\/v2\/posts"}],"about":[{"href":"https:\/\/justicapotiguar.com.br\/index.php\/wp-json\/wp\/v2\/types\/post"}],"author":[{"embeddable":true,"href":"https:\/\/justicapotiguar.com.br\/index.php\/wp-json\/wp\/v2\/users\/5"}],"replies":[{"embeddable":true,"href":"https:\/\/justicapotiguar.com.br\/index.php\/wp-json\/wp\/v2\/comments?post=14184"}],"version-history":[{"count":7,"href":"https:\/\/justicapotiguar.com.br\/index.php\/wp-json\/wp\/v2\/posts\/14184\/revisions"}],"predecessor-version":[{"id":14192,"href":"https:\/\/justicapotiguar.com.br\/index.php\/wp-json\/wp\/v2\/posts\/14184\/revisions\/14192"}],"wp:featuredmedia":[{"embeddable":true,"href":"https:\/\/justicapotiguar.com.br\/index.php\/wp-json\/wp\/v2\/media\/7377"}],"wp:attachment":[{"href":"https:\/\/justicapotiguar.com.br\/index.php\/wp-json\/wp\/v2\/media?parent=14184"}],"wp:term":[{"taxonomy":"category","embeddable":true,"href":"https:\/\/justicapotiguar.com.br\/index.php\/wp-json\/wp\/v2\/categories?post=14184"},{"taxonomy":"post_tag","embeddable":true,"href":"https:\/\/justicapotiguar.com.br\/index.php\/wp-json\/wp\/v2\/tags?post=14184"}],"curies":[{"name":"wp","href":"https:\/\/api.w.org\/{rel}","templated":true}]}}