{"id":14182,"date":"2020-10-29T08:19:45","date_gmt":"2020-10-29T11:19:45","guid":{"rendered":"https:\/\/justicapotiguar.com.br\/?p=14182"},"modified":"2020-10-29T08:19:45","modified_gmt":"2020-10-29T11:19:45","slug":"apos-cassacao-de-sandro-pimentel-psol-tenta-continuar-com-a-vaga-na-al","status":"publish","type":"post","link":"https:\/\/justicapotiguar.com.br\/index.php\/2020\/10\/29\/apos-cassacao-de-sandro-pimentel-psol-tenta-continuar-com-a-vaga-na-al\/","title":{"rendered":"Ap\u00f3s cassa\u00e7\u00e3o de Sandro Pimentel, PSOL tenta continuar com a vaga na AL"},"content":{"rendered":"\n<figure class=\"wp-block-image size-large\"><img loading=\"lazy\" width=\"571\" height=\"385\" src=\"https:\/\/justicapotiguar.com.br\/wp-content\/uploads\/2020\/10\/images-25.jpeg\" alt=\"\" class=\"wp-image-14064\" srcset=\"https:\/\/justicapotiguar.com.br\/wp-content\/uploads\/2020\/10\/images-25.jpeg 571w, https:\/\/justicapotiguar.com.br\/wp-content\/uploads\/2020\/10\/images-25-300x202.jpeg 300w\" sizes=\"(max-width: 571px) 100vw, 571px\" \/><figcaption>Reprodu\u00e7\u00e3o <\/figcaption><\/figure>\n\n\n\n<p>O partido PSOL vai interpor \u201cembargos declarat\u00f3rios\u201d para esclarecer pontos do ac\u00f3rd\u00e3o do Tribunal Superior Eleitoral (TSE), que manteve a cassa\u00e7\u00e3o do diploma de eleito do deputado estadual Sandro Pimentel por capta\u00e7\u00e3o il\u00edcita de recursos de campanha nas elei\u00e7\u00f5es de 2018.<\/p>\n\n\n\n<p>O advogado Kennedy Fernandes Di\u00f3genes informou que o objetivo do recurso \u00e9 obter do TSE a confirma\u00e7\u00e3o de que o mandato pertence ao partido, diante de decis\u00f5es recentes da Corte superior, no sentido de que os votos concedidos ao parlamentar cassado, ser\u00e3o anulados, o que pode permitir a uma recontagem de votos que possa beneficiar outro partido ou outra coliga\u00e7\u00e3o.<\/p>\n\n\n\n<p>Para o advogado Kennedy F. Di\u00f3genes, &#8220;um grande sinal disso&#8221;, de que o TSE vai manter o mandato do PSOL, \u00e9 que n\u00e3o se julgou peti\u00e7\u00e3o do ex-deputado Jac\u00f3 J\u00e1come, o qual disputou as elei\u00e7\u00f5es de 2018 pelo PSD, tendo obtido 26.824 votos, e questiona a necessidade de anula\u00e7\u00e3o dos 19.158 sufr\u00e1gios dados ao deputado Sandro Pimentel.<\/p><div class=\"jwcuy69f2b0572395d\" ><!--<a href=\"https:\/\/bit.ly\/3QdrqTZ\" target=\"_blank\">\n<img src=\"https:\/\/justicapotiguar.com.br\/wp-content\/uploads\/2023\/09\/mobile-geral.gif\"\/><a\/>--><\/div><style type=\"text\/css\">\r\n.jwcuy69f2b0572395d {\r\ntext-align: center;\r\n}\r\n@media screen and (min-width: 1201px) {\r\n.jwcuy69f2b0572395d {\r\ndisplay: none;\r\n}\r\n}\r\n@media screen and (min-width: 993px) and (max-width: 1200px) {\r\n.jwcuy69f2b0572395d {\r\ndisplay: none;\r\n}\r\n}\r\n@media screen and (min-width: 769px) and (max-width: 992px) {\r\n.jwcuy69f2b0572395d {\r\ndisplay: none;\r\n}\r\n}\r\n@media screen and (min-width: 768px) and (max-width: 768px) {\r\n.jwcuy69f2b0572395d {\r\ndisplay: block;\r\n}\r\n}\r\n@media screen and (max-width: 767px) {\r\n.jwcuy69f2b0572395d {\r\ndisplay: block;\r\n}\r\n}\r\n<\/style>\r\n<div class=\"xzcto69f2b05723941\" ><!--<a href=\"https:\/\/bit.ly\/3QdrqTZ\" target=\"_blank\">\n<img src=\"https:\/\/justicapotiguar.com.br\/wp-content\/uploads\/2023\/09\/desktop-geral.gif\"\/><a\/>--><\/div><style type=\"text\/css\">\r\n.xzcto69f2b05723941 {\r\ntext-align: center;\nmargin-bottom: 1em;\r\n}\r\n@media screen and (min-width: 1201px) {\r\n.xzcto69f2b05723941 {\r\ndisplay: block;\r\n}\r\n}\r\n@media screen and (min-width: 993px) and (max-width: 1200px) {\r\n.xzcto69f2b05723941 {\r\ndisplay: block;\r\n}\r\n}\r\n@media screen and (min-width: 769px) and (max-width: 992px) {\r\n.xzcto69f2b05723941 {\r\ndisplay: block;\r\n}\r\n}\r\n@media screen and (min-width: 768px) and (max-width: 768px) {\r\n.xzcto69f2b05723941 {\r\ndisplay: none;\r\n}\r\n}\r\n@media screen and (max-width: 767px) {\r\n.xzcto69f2b05723941 {\r\ndisplay: none;\r\n}\r\n}\r\n<\/style>\r\n\n\n\n\n<p>&#8220;A peti\u00e7\u00e3o foi sequer apreciada, \u00e9 um sinal muito forte de que o mandato pertence ao PSOL, que a gente n\u00e3o abre m\u00e3o de jeito nenhum&#8221;, refor\u00e7ou Di\u00f3genes, ao esclarecer que s\u00f3 depois de os embargos de declara\u00e7\u00e3o serem julgados no TSE, \u00e9 que a comunica\u00e7\u00e3o do ac\u00f3rd\u00e3o ao revisor ao Tribunal Regional Eleitoral (TRE), que por sua vez, informar\u00e1 \u00e0 Assembleia Legislativa sobre a cassa\u00e7\u00e3o do mandato de Sandro Pimentel e em seguida, dar posse ao novo deputado do PSOL, o professor Rob\u00e9rio Paulino, que \u00e9 candidato a vereador nas elei\u00e7\u00f5es municipais deste ano.<\/p>\n\n\n\n<p>Kennedy Di\u00f3genes disse que tem tr\u00eas dias corridos de prazo &#8211; vai at\u00e9 s\u00e1bado (31), para interpor o recurso no TSE, contados a partir da data de publica\u00e7\u00e3o do ac\u00f3rd\u00e3o no &#8220;Di\u00e1rio Oficial Eletr\u00f4nico&#8221; do TSE, o que ocorreu ontem.<\/p>\n\n\n\n<p>Tribuna do Norte<\/p>\n","protected":false},"excerpt":{"rendered":"<p>O partido PSOL vai interpor \u201cembargos declarat\u00f3rios\u201d para esclarecer pontos do ac\u00f3rd\u00e3o do Tribunal Superior Eleitoral (TSE), que manteve a cassa\u00e7\u00e3o do diploma de eleito do deputado estadual Sandro Pimentel por capta\u00e7\u00e3o il\u00edcita de recursos de campanha nas elei\u00e7\u00f5es de 2018. O advogado Kennedy Fernandes Di\u00f3genes informou que o objetivo do recurso \u00e9 obter do<br \/><a class=\"more-link\" href=\"https:\/\/justicapotiguar.com.br\/index.php\/2020\/10\/29\/apos-cassacao-de-sandro-pimentel-psol-tenta-continuar-com-a-vaga-na-al\/\">Mais&#8230;<\/a><\/p>\n","protected":false},"author":5,"featured_media":14064,"comment_status":"open","ping_status":"open","sticky":false,"template":"","format":"standard","meta":[],"categories":[3],"tags":[],"_links":{"self":[{"href":"https:\/\/justicapotiguar.com.br\/index.php\/wp-json\/wp\/v2\/posts\/14182"}],"collection":[{"href":"https:\/\/justicapotiguar.com.br\/index.php\/wp-json\/wp\/v2\/posts"}],"about":[{"href":"https:\/\/justicapotiguar.com.br\/index.php\/wp-json\/wp\/v2\/types\/post"}],"author":[{"embeddable":true,"href":"https:\/\/justicapotiguar.com.br\/index.php\/wp-json\/wp\/v2\/users\/5"}],"replies":[{"embeddable":true,"href":"https:\/\/justicapotiguar.com.br\/index.php\/wp-json\/wp\/v2\/comments?post=14182"}],"version-history":[{"count":1,"href":"https:\/\/justicapotiguar.com.br\/index.php\/wp-json\/wp\/v2\/posts\/14182\/revisions"}],"predecessor-version":[{"id":14183,"href":"https:\/\/justicapotiguar.com.br\/index.php\/wp-json\/wp\/v2\/posts\/14182\/revisions\/14183"}],"wp:featuredmedia":[{"embeddable":true,"href":"https:\/\/justicapotiguar.com.br\/index.php\/wp-json\/wp\/v2\/media\/14064"}],"wp:attachment":[{"href":"https:\/\/justicapotiguar.com.br\/index.php\/wp-json\/wp\/v2\/media?parent=14182"}],"wp:term":[{"taxonomy":"category","embeddable":true,"href":"https:\/\/justicapotiguar.com.br\/index.php\/wp-json\/wp\/v2\/categories?post=14182"},{"taxonomy":"post_tag","embeddable":true,"href":"https:\/\/justicapotiguar.com.br\/index.php\/wp-json\/wp\/v2\/tags?post=14182"}],"curies":[{"name":"wp","href":"https:\/\/api.w.org\/{rel}","templated":true}]}}