{"id":14179,"date":"2020-10-29T08:55:38","date_gmt":"2020-10-29T11:55:38","guid":{"rendered":"https:\/\/justicapotiguar.com.br\/?p=14179"},"modified":"2020-10-29T08:23:14","modified_gmt":"2020-10-29T11:23:14","slug":"novo-embate-nao-pedi-aquiescencia-dispara-marco-aurelio-a-fux-em-sessao","status":"publish","type":"post","link":"https:\/\/justicapotiguar.com.br\/index.php\/2020\/10\/29\/novo-embate-nao-pedi-aquiescencia-dispara-marco-aurelio-a-fux-em-sessao\/","title":{"rendered":"NOVO EMBATE: &#8220;N\u00e3o pedi aquiesc\u00eancia&#8221;, dispara Marco Aur\u00e9lio a Fux em sess\u00e3o"},"content":{"rendered":"\n<figure class=\"wp-block-image\"><a href=\"https:\/\/migalhas.uol.com.br\/\"><img src=\"https:\/\/migalhas.uol.com.br\/assets\/images\/migalhas_branco.svg\" alt=\"Migalhas\"\/><\/a><\/figure>\n\n\n\n<figure class=\"wp-block-image\"><img src=\"https:\/\/migalhas.uol.com.br\/assets\/images\/lupa.svg\" alt=\"Busca\"\/><\/figure>\n\n\n\n<p><a href=\"https:\/\/migalhas.uol.com.br\/quentes\/335651\/nao-pedi-aquiescencia---dispara-marco-aurelio-a-fux-em-sessao#comentario\"><\/a><\/p>\n\n\n\n<p>Ao final da sess\u00e3o plen\u00e1ria do STF desta quarta-feira, 28, os ministros Marco Aur\u00e9lio e Luiz Fux se desentenderam.<\/p>\n\n\n\n<p>Em recado sobre a posse de Kassio Nunes Marques na pr\u00f3xima semana, o decano afirmou que n\u00e3o estar\u00e1 presencialmente na solenidade, em raz\u00e3o de estar no grupo de risco da covid-19.<\/p><div class=\"rcmfd69f2b0849afcf\" ><!--<a href=\"https:\/\/bit.ly\/3QdrqTZ\" target=\"_blank\">\n<img src=\"https:\/\/justicapotiguar.com.br\/wp-content\/uploads\/2023\/09\/mobile-geral.gif\"\/><a\/>--><\/div><style type=\"text\/css\">\r\n.rcmfd69f2b0849afcf {\r\ntext-align: center;\r\n}\r\n@media screen and (min-width: 1201px) {\r\n.rcmfd69f2b0849afcf {\r\ndisplay: none;\r\n}\r\n}\r\n@media screen and (min-width: 993px) and (max-width: 1200px) {\r\n.rcmfd69f2b0849afcf {\r\ndisplay: none;\r\n}\r\n}\r\n@media screen and (min-width: 769px) and (max-width: 992px) {\r\n.rcmfd69f2b0849afcf {\r\ndisplay: none;\r\n}\r\n}\r\n@media screen and (min-width: 768px) and (max-width: 768px) {\r\n.rcmfd69f2b0849afcf {\r\ndisplay: block;\r\n}\r\n}\r\n@media screen and (max-width: 767px) {\r\n.rcmfd69f2b0849afcf {\r\ndisplay: block;\r\n}\r\n}\r\n<\/style>\r\n<div class=\"kaldl69f2b0849afb9\" ><!--<a href=\"https:\/\/bit.ly\/3QdrqTZ\" target=\"_blank\">\n<img src=\"https:\/\/justicapotiguar.com.br\/wp-content\/uploads\/2023\/09\/desktop-geral.gif\"\/><a\/>--><\/div><style type=\"text\/css\">\r\n.kaldl69f2b0849afb9 {\r\ntext-align: center;\nmargin-bottom: 1em;\r\n}\r\n@media screen and (min-width: 1201px) {\r\n.kaldl69f2b0849afb9 {\r\ndisplay: block;\r\n}\r\n}\r\n@media screen and (min-width: 993px) and (max-width: 1200px) {\r\n.kaldl69f2b0849afb9 {\r\ndisplay: block;\r\n}\r\n}\r\n@media screen and (min-width: 769px) and (max-width: 992px) {\r\n.kaldl69f2b0849afb9 {\r\ndisplay: block;\r\n}\r\n}\r\n@media screen and (min-width: 768px) and (max-width: 768px) {\r\n.kaldl69f2b0849afb9 {\r\ndisplay: none;\r\n}\r\n}\r\n@media screen and (max-width: 767px) {\r\n.kaldl69f2b0849afb9 {\r\ndisplay: none;\r\n}\r\n}\r\n<\/style>\r\n\n\n\n\n<p>Fux, ent\u00e3o, respondeu: &#8220;ser\u00e1 respeitada, ministro Marco Aur\u00e9lio, a sua vontade manifestada por escrito&#8221;.&nbsp;A partir da resposta do presidente da Corte, Marco Aur\u00e9lio rebateu: &#8220;s\u00f3 faltava isso, n\u00e3o ser respeitado (&#8230;) n\u00e3o pedi aquiesc\u00eancia&#8221;.<\/p>\n\n\n\n<figure class=\"wp-block-embed-youtube wp-block-embed is-type-rich is-provider-incorporar-manipulador wp-embed-aspect-16-9 wp-has-aspect-ratio\"><div class=\"wp-block-embed__wrapper\">\n<iframe loading=\"lazy\" title=\"&quot;N\u00e3o pedi aquiesc\u00eancia&quot;, dispara Marco Aur\u00e9lio a Fux em sess\u00e3o\" width=\"640\" height=\"360\" src=\"https:\/\/www.youtube.com\/embed\/hqRADBVFj9Q?feature=oembed\" frameborder=\"0\" allow=\"accelerometer; autoplay; clipboard-write; encrypted-media; gyroscope; picture-in-picture\" allowfullscreen><\/iframe>\n<\/div><\/figure>\n\n\n\n<p>Migalhas<\/p>\n","protected":false},"excerpt":{"rendered":"<p>Ao final da sess\u00e3o plen\u00e1ria do STF desta quarta-feira, 28, os ministros Marco Aur\u00e9lio e Luiz Fux se desentenderam. Em recado sobre a posse de Kassio Nunes Marques na pr\u00f3xima semana, o decano afirmou que n\u00e3o estar\u00e1 presencialmente na solenidade, em raz\u00e3o de estar no grupo de risco da covid-19. Fux, ent\u00e3o, respondeu: &#8220;ser\u00e1 respeitada,<br \/><a class=\"more-link\" href=\"https:\/\/justicapotiguar.com.br\/index.php\/2020\/10\/29\/novo-embate-nao-pedi-aquiescencia-dispara-marco-aurelio-a-fux-em-sessao\/\">Mais&#8230;<\/a><\/p>\n","protected":false},"author":5,"featured_media":0,"comment_status":"open","ping_status":"open","sticky":false,"template":"","format":"standard","meta":[],"categories":[3],"tags":[],"_links":{"self":[{"href":"https:\/\/justicapotiguar.com.br\/index.php\/wp-json\/wp\/v2\/posts\/14179"}],"collection":[{"href":"https:\/\/justicapotiguar.com.br\/index.php\/wp-json\/wp\/v2\/posts"}],"about":[{"href":"https:\/\/justicapotiguar.com.br\/index.php\/wp-json\/wp\/v2\/types\/post"}],"author":[{"embeddable":true,"href":"https:\/\/justicapotiguar.com.br\/index.php\/wp-json\/wp\/v2\/users\/5"}],"replies":[{"embeddable":true,"href":"https:\/\/justicapotiguar.com.br\/index.php\/wp-json\/wp\/v2\/comments?post=14179"}],"version-history":[{"count":1,"href":"https:\/\/justicapotiguar.com.br\/index.php\/wp-json\/wp\/v2\/posts\/14179\/revisions"}],"predecessor-version":[{"id":14181,"href":"https:\/\/justicapotiguar.com.br\/index.php\/wp-json\/wp\/v2\/posts\/14179\/revisions\/14181"}],"wp:attachment":[{"href":"https:\/\/justicapotiguar.com.br\/index.php\/wp-json\/wp\/v2\/media?parent=14179"}],"wp:term":[{"taxonomy":"category","embeddable":true,"href":"https:\/\/justicapotiguar.com.br\/index.php\/wp-json\/wp\/v2\/categories?post=14179"},{"taxonomy":"post_tag","embeddable":true,"href":"https:\/\/justicapotiguar.com.br\/index.php\/wp-json\/wp\/v2\/tags?post=14179"}],"curies":[{"name":"wp","href":"https:\/\/api.w.org\/{rel}","templated":true}]}}